{"id":335982,"date":"2025-08-22T10:38:13","date_gmt":"2025-08-22T10:38:13","guid":{"rendered":"https:\/\/www.europesays.com\/fr\/335982\/"},"modified":"2025-08-22T10:38:13","modified_gmt":"2025-08-22T10:38:13","slug":"guillaume-canet-tout-sourire-avec-une-autre-femme-dans-le-sud-marion-cotillard-fait-grand-bruit-aux-etats-unis-face-a-jennifer-aniston","status":"publish","type":"post","link":"https:\/\/www.europesays.com\/fr\/335982\/","title":{"rendered":"Guillaume Canet tout sourire avec une autre femme dans le Sud, Marion Cotillard fait grand bruit aux Etats-Unis face \u00e0 Jennifer Aniston"},"content":{"rendered":"<p>            <img loading=\"lazy\" decoding=\"async\" src=\"https:\/\/www.europesays.com\/fr\/wp-content\/uploads\/2025\/04\/4-656d937be89b8-35x35-1.jpg\" class=\"author-article-picture\" width=\"35\" height=\"35\"\/><\/p>\n<p>                Par<br \/>\n                                    <a class=\"author-article-bio-link\" href=\"https:\/\/www.purepeople.com\/auteur\/olivia-maunoury_a4\" rel=\"nofollow noopener\" target=\"_blank\">Olivia Maunoury<\/a><br \/>\n                                                    | R\u00e9dactrice en chef<\/p>\n<p>\n                Apr\u00e8s des \u00e9tudes de sciences politiques et une \u00e9cole de journalisme, le people s&rsquo;est invit\u00e9 dans son quotidien. Comment, pourquoi ? Elle ne le sait toujours pas vraiment&#8230; Mais une chose est s\u00fbre, suivre les p\u00e9rip\u00e9ties des stars est l&rsquo;assurance de ne jamais s&rsquo;ennuyer. Et on ne s\u2019ennuie jamais chez Purepeople !\n            <\/p>\n<p>\n    Guillaume Canet et Marion Cotillard ont annonc\u00e9 officiellement leur rupture en juin dernier \u00e0 l&rsquo;AFP apr\u00e8s 18 ans de vie commune. Les deux acteurs, parents de Louise et Marcel, font d\u00e9sormais chemins \u00e0 part. Vacances dans le sud de la France pour l&rsquo;un et rentr\u00e9e sous tension pur l&rsquo;autre&#8230;\n<\/p>\n<p>                            <img loading=\"lazy\" decoding=\"async\" class=\"player-thumbnail\" src=\"https:\/\/www.europesays.com\/fr\/wp-content\/uploads\/2025\/08\/0b2d088d03725f8a-580x326-2.jpg\" width=\"580\" height=\"326\"\/><\/p>\n<p>                    Guillaume Canet tout sourire avec une autre femme dans le Sud, Marion Cotillard fait grand bruit aux Etats-Unis face \u00e0 Jennifer Aniston<\/p>\n<p>La suite apr\u00e8s la publicit\u00e9<\/p>\n<p>Cet \u00e9t\u00e9 2025 est le premier en tant que couple s\u00e9par\u00e9 pour <a href=\"https:\/\/www.purepeople.com\/people\/marion-cotillard_p258\" rel=\"nofollow noopener\" target=\"_blank\">Marion Cotillard<\/a> et <a href=\"https:\/\/www.purepeople.com\/people\/guillaume-canet_p257\" rel=\"nofollow noopener\" target=\"_blank\">Guillaume Canet<\/a>. Alors que les rumeurs allaient bon train depuis quelque temps, les deux acteurs ont souhait\u00e9 y mettre court <a href=\"https:\/\/www.purepeople.com\/article\/clap-de-fin-marion-cotillard-et-guillaume-canet-se-separent-apres-18-ans-damour-en-faisant-preuve-de-transparence_a539818\/1\" rel=\"nofollow noopener\" target=\"_blank\">en officialisant leur rupture aupr\u00e8s de l&rsquo;AFP<\/a>. Et c&rsquo;est ainsi que le 27 juin dernier le communiqu\u00e9 est arriv\u00e9. A 14h10 tr\u00e8s pr\u00e9cis\u00e9ment.\u00a0<\/p>\n<p>\u00ab\u00a0Apr\u00e8s 18 ans de vie commune, Marion Cotillard et Guillaume Canet ont d\u00e9cid\u00e9 de se s\u00e9parer d&rsquo;un commun accord\u00a0\u00bb, selon ce communiqu\u00e9. Cette d\u00e9cision a \u00e9t\u00e9 prise dans une bienveillance mutuelle\u00a0\u00bb. Marion Cotillard, 49 ans, et Guillaume Canet, 52 ans, \u00ab\u00a0parents de deux enfants, partagent ici cette d\u00e9cision afin d&rsquo;\u00e9viter toutes sp\u00e9culations, rumeurs et interpr\u00e9tations hasardeuses\u00a0\u00bb, poursuivait le document officiel. \u00ab\u00a0En faisant preuve de transparence via ce communiqu\u00e9, Marion Cotillard et Guillaume Canet expriment \u00e9galement la volont\u00e9 que leur vie priv\u00e9e, et surtout celle de leurs deux enfants, soit respect\u00e9e\u00a0\u00bb, \u00e9tait-il conclu.<\/p>\n<p>Depuis, Marion Cotillard n&rsquo;est r\u00e9apparue qu&rsquo;une fois publiquement, <a href=\"https:\/\/www.purepeople.com\/article\/premiere-sortie-apres-la-fin-avec-guillaume-canet-marion-cotillard-a-pu-compter-sur-un-soutien-ca-peut-etre-un-peu-intimidant_a540310\/1\" rel=\"nofollow noopener\" target=\"_blank\">au d\u00e9but du mois de juillet pour la Fashion Week Haute-Couture de Paris<\/a>. Eg\u00e9rie Chanel, l&rsquo;actrice \u00e9tait pr\u00e9sente au d\u00e9fil\u00e9 de la grande maison de couture.\u00a0<\/p>\n<p>Apr\u00e8s Cassis, Montpellier pour Guillaume Canet<\/p>\n<p>En fin de semaine derni\u00e8re, Guillaume Canet avait fait savoir aux 1 million d&rsquo;abonn\u00e9s qui le suivent sur Instagram qu&rsquo;il avait pass\u00e9 deux jours en Provence et plus pr\u00e9cis\u00e9ment \u00e0 Cassis pr\u00e8s de Marseille. <a href=\"https:\/\/www.purepeople.com\/article\/guillaume-canet-se-ressource-dans-un-endroit-exceptionnel-quelques-semaines-apres-lannonce-de-sa-separation-avec-marion-cotillard_a541497\/1\" rel=\"nofollow noopener\" target=\"_blank\">Le cin\u00e9aste a s\u00e9journ\u00e9 dans un endroit magnifique qui surplombe la mer<\/a> et qui est habitu\u00e9 \u00e0 recevoir des personnalit\u00e9s : les Roches blanches. \u00ab\u00a0<strong>Merci @lesrochesblanches @christopherlavaud @tominou17. Un grand merci pour ces deux jours merveilleux \u00a0! Cet endroit est magnifique et l&rsquo;accueil exceptionnel ! Comme \u00e0 chaque fois !<\/strong> Je veux une revanche \u00e0 la p\u00e9tanque @tominou17&Prime;, avait \u00e9crit Guillaume Canet en l\u00e9gende de l&rsquo;une de ses stories, sans pr\u00e9ciser si ce jour avait \u00e9t\u00e9 fait seul ou en famille avec ses deux enfants Louise et Marcel qu&rsquo;il a eus avec Marion Cotillard.\u00a0<\/p>\n<p>L&rsquo;acteur se trouve toujours dans le sud de la France mais a mis le cap plus \u00e0 l&rsquo;ouest. Il s&rsquo;est rendu \u00e0 Montpellier et a d\u00e9jeun\u00e9 dans un \u00e9tablissement de la ville. Un passage immortalis\u00e9 en photo et relay\u00e9 sur Instagram. \u00ab\u00a0<strong>Et merci \u00e0 @guillaumecanetofficiel pour sa venue chez @mapremierecantine \u00e0 @odysseumcc c\u2019\u00e9tait un super moment \ud83e\udd29 Repasse quand tu veux \ud83d\ude09<\/strong>\u00ab\u00a0, a-t-il \u00e9t\u00e9 \u00e9crit en l\u00e9gende d&rsquo;une photo de Guillaume Canet, habill\u00e9 d&rsquo;un tee-shirt noir et avec une casquette de la m\u00eame couleur, le sourire aux l\u00e8vres et accompagn\u00e9.\u00a0<\/p>\n<p>Marion Cotillard dans la saison 4 de la s\u00e9rie The Morning Show<\/p>\n<p>Autre ambiance du c\u00f4t\u00e9 de Marion Cotillard ! Au casting de la nouvelle saison de la s\u00e9rie The Morning Show diffus\u00e9e \u00e0 partir du 17 septembre prochain sur Apple +, l&rsquo;actrice fran\u00e7aise a pr\u00e9vu de mener la vie dure \u00e0 Jennifer Aniston. L&rsquo;univers de l&rsquo;information est un univers impitoyable et l&rsquo;arriv\u00e9e de Marion Cotillard ne va pas arranger les choses. <strong>Elle y incarne le personnage de C\u00e9line Dumont qui vient d\u2019une grande famille europ\u00e9enne sp\u00e9cialis\u00e9e dans les m\u00e9dias est recrut\u00e9e par UBA pour retravailler sur son image.<\/strong><\/p>\n<p>Pour rappel, la fin de la saison 3 s&rsquo;\u00e9tait achev\u00e9e sur de nombreux rebondissements qui concernaient aussi bien Alex (le personnage de Jennifer Aniston), que celui de Bradley (r\u00f4le jou\u00e9 par Reese Witherspoon). La saison 4 s&rsquo;annonce tout aussi mouvement\u00e9e !<\/p>\n<p>        <img decoding=\"async\" class=\"thumb-img-100 thumb-img\" src=\"https:\/\/www.europesays.com\/fr\/wp-content\/uploads\/2025\/08\/39ed3503cb589e47-320x180-2.jpg\" alt=\"Los Angeles ou la France ? S\u00e9par\u00e9e de Guillaume Canet, Marion Cotillard aurait pris une d\u00e9cision forte pour sa nouvelle vie\" width=\"320\" height=\"180\" loading=\"lazy\" role=\"presentation\"\/><\/p>\n<p>                                            Los Angeles ou la France ? S\u00e9par\u00e9e de Guillaume Canet, Marion Cotillard aurait pris une d\u00e9cision forte pour sa nouvelle vie<\/p>\n<p>        <img decoding=\"async\" class=\"thumb-img-100 thumb-img\" src=\"https:\/\/www.europesays.com\/fr\/wp-content\/uploads\/2025\/08\/6af64f63864dbbba-320x180-1.jpg\" alt=\"La s\u00e9paration \u00e9tait in\u00e9luctable entre Marion Cotillard et Guillaume Canet, un proche s'exprime : &quot;Ces derniers temps...&quot;\" width=\"320\" height=\"180\" loading=\"lazy\" role=\"presentation\"\/><\/p>\n<p>                                            La s\u00e9paration \u00e9tait in\u00e9luctable entre Marion Cotillard et Guillaume Canet, un proche s&rsquo;exprime : \u00ab\u00a0Ces derniers temps&#8230;\u00a0\u00bb<\/p>\n<p>        <img decoding=\"async\" class=\"thumb-img-100 thumb-img\" src=\"https:\/\/www.europesays.com\/fr\/wp-content\/uploads\/2025\/08\/229ce18286455b5b-320x180-1.jpg\" alt=\"Marion Cotillard les yeux mouill\u00e9s : L'ex compagne de Guillaume Canet r\u00e9appara\u00eet \u00e0 la t\u00e9l\u00e9 et ne parvient pas \u00e0 masquer son \u00e9motion\" width=\"320\" height=\"180\" loading=\"lazy\" role=\"presentation\"\/><\/p>\n<p>                                            Marion Cotillard les yeux mouill\u00e9s : L&rsquo;ex compagne de Guillaume Canet r\u00e9appara\u00eet \u00e0 la t\u00e9l\u00e9 et ne parvient pas \u00e0 masquer son \u00e9motion<\/p>\n","protected":false},"excerpt":{"rendered":"Par Olivia Maunoury | R\u00e9dactrice en chef Apr\u00e8s des \u00e9tudes de sciences politiques et une \u00e9cole de journalisme,&hellip;\n","protected":false},"author":2,"featured_media":335983,"comment_status":"","ping_status":"","sticky":false,"template":"","format":"standard","meta":{"footnotes":""},"categories":[1359],"tags":[58,59,1011,27,973],"class_list":{"0":"post-335982","1":"post","2":"type-post","3":"status-publish","4":"format-standard","5":"has-post-thumbnail","7":"category-people","8":"tag-divertissement","9":"tag-entertainment","10":"tag-fr","11":"tag-france","12":"tag-people"},"share_on_mastodon":{"url":"https:\/\/pubeurope.com\/@fr\/115071989008115137","error":""},"_links":{"self":[{"href":"https:\/\/www.europesays.com\/fr\/wp-json\/wp\/v2\/posts\/335982","targetHints":{"allow":["GET"]}}],"collection":[{"href":"https:\/\/www.europesays.com\/fr\/wp-json\/wp\/v2\/posts"}],"about":[{"href":"https:\/\/www.europesays.com\/fr\/wp-json\/wp\/v2\/types\/post"}],"author":[{"embeddable":true,"href":"https:\/\/www.europesays.com\/fr\/wp-json\/wp\/v2\/users\/2"}],"replies":[{"embeddable":true,"href":"https:\/\/www.europesays.com\/fr\/wp-json\/wp\/v2\/comments?post=335982"}],"version-history":[{"count":0,"href":"https:\/\/www.europesays.com\/fr\/wp-json\/wp\/v2\/posts\/335982\/revisions"}],"wp:featuredmedia":[{"embeddable":true,"href":"https:\/\/www.europesays.com\/fr\/wp-json\/wp\/v2\/media\/335983"}],"wp:attachment":[{"href":"https:\/\/www.europesays.com\/fr\/wp-json\/wp\/v2\/media?parent=335982"}],"wp:term":[{"taxonomy":"category","embeddable":true,"href":"https:\/\/www.europesays.com\/fr\/wp-json\/wp\/v2\/categories?post=335982"},{"taxonomy":"post_tag","embeddable":true,"href":"https:\/\/www.europesays.com\/fr\/wp-json\/wp\/v2\/tags?post=335982"}],"curies":[{"name":"wp","href":"https:\/\/api.w.org\/{rel}","templated":true}]}}