{"id":335984,"date":"2025-08-22T10:39:10","date_gmt":"2025-08-22T10:39:10","guid":{"rendered":"https:\/\/www.europesays.com\/fr\/335984\/"},"modified":"2025-08-22T10:39:10","modified_gmt":"2025-08-22T10:39:10","slug":"une-oeuvre-ironique-signee-banski-sinstalle-a-cote-du-phare-de-banksy-a-marseille","status":"publish","type":"post","link":"https:\/\/www.europesays.com\/fr\/335984\/","title":{"rendered":"une \u0153uvre ironique sign\u00e9e \u00ab\u00a0Banski\u00a0\u00bb s&rsquo;installe \u00e0 c\u00f4t\u00e9 du phare de Banksy \u00e0 Marseille"},"content":{"rendered":"<p>\u00c0 c\u00f4t\u00e9 du phare r\u00e9alis\u00e9 fin mai par Banksy \u00e0 Marseille, une \u0153uvre parodique sign\u00e9e d&rsquo;un certain \u00ab\u00a0Banski\u00a0\u00bb ironise sur la protection re\u00e7ue par le graffiti de l&rsquo;artiste britannique en raison de d\u00e9gradations. Le Fran\u00e7ais \u00e0 l&rsquo;origine du clin d&rsquo;\u0153il d\u00e9nonce le deux poids deux mesures du grand public \u00e0 propos de l&rsquo;art urbain.<\/p>\n<p>\u00ab\u00a0Moi aussi ils vont me prot\u00e9ger derri\u00e8re une vitre?\u00a0\u00bb. Du c\u00f4t\u00e9 de Marseille, juste \u00e0 la gauche du r\u00e9cent phare du c\u00e9l\u00e8bre artiste Banksy, <a href=\"https:\/\/www.bfmtv.com\/marseille\/c-est-dommage-mais-necessaire-l-uvre-de-banksy-a-marseille-desormais-protegee-par-du-plexiglas_AV-202506080190.html\" title=\"&quot;C&#039;est dommage mais n\u00e9cessaire&quot;: l&#039;\u0153uvre de Banksy \u00e0 Marseille d\u00e9sormais prot\u00e9g\u00e9e par du plexiglas\" class=\"internal_link\" rel=\"nofollow noopener\" target=\"_blank\">prot\u00e9g\u00e9 le 6 juin dernier<\/a> par une vitre plexiglas apr\u00e8s <a href=\"https:\/\/www.bfmtv.com\/marseille\/le-phare-transforme-en-penis-l-uvre-de-bansky-a-marseille-degradee_AD-202506010354.html\" title=\"Le phare transform\u00e9 en p\u00e9nis: l&#039;\u0153uvre de Bansky \u00e0 Marseille d\u00e9grad\u00e9e\" class=\"internal_link\" rel=\"nofollow noopener\" target=\"_blank\">avoir \u00e9t\u00e9 vandalis\u00e9<\/a>, une nouvelle \u0153uvre urbaine vient de faire son apparition.<\/p>\n<p>Sign\u00e9 \u00ab\u00a0Banski\u00a0\u00bb, ce clin d&rsquo;\u0153il repr\u00e9sente un gar\u00e7on pointant du doigt le phare tagu\u00e9 par Banksy dans la cit\u00e9 phoc\u00e9enne et s&rsquo;interrogeant s&rsquo;il sera lui aussi bient\u00f4t vitr\u00e9.<\/p>\n<p><img decoding=\"async\" loading=\"lazy\" width=\"1920\" height=\"1080\" src=\"https:\/\/www.europesays.com\/fr\/wp-content\/uploads\/2025\/08\/Une-mysterieuse-oeuvre-de-Banski-s-installe-a-cote-du-phare-de-Banksy-a-Marseille-le-21-aout-2025-21.jpeg\"  alt=\"Une myst\u00e9rieuse \u0153uvre de &quot;Banski&quot; s'installe \u00e0 c\u00f4t\u00e9 du phare de Banksy \u00e0 Marseille, le 21 ao\u00fbt 2025.\" title=\"Une myst\u00e9rieuse \u0153uvre de &quot;Banski&quot; s'installe \u00e0 c\u00f4t\u00e9 du phare de Banksy \u00e0 Marseille, le 21 ao\u00fbt 2025.\"\/>Une myst\u00e9rieuse \u0153uvre de \u00ab\u00a0Banski\u00a0\u00bb s&rsquo;installe \u00e0 c\u00f4t\u00e9 du phare de Banksy \u00e0 Marseille, le 21 ao\u00fbt 2025. \u00a9 BFM Marseille Provence\u00a0\u00bbC&rsquo;est fait pour \u00eatre \u00e9ph\u00e9m\u00e8re\u00a0\u00bb<\/p>\n<p>Une \u0153uvre parodique, qui a fait r\u00e9agir les Marseillais rencontr\u00e9s devant cet \u00e9change entre artistes par graff interpos\u00e9. \u00ab\u00a0Il n&rsquo;a pas massacr\u00e9 le dessin de l&rsquo;artiste, c&rsquo;est une tr\u00e8s bonne boutade\u00a0\u00bb, salue justement un habitant, alors qu&rsquo;un touriste allemand consid\u00e8re les deux pi\u00e8ces peintes au mur \u00ab\u00a0comme de l&rsquo;art, tout le monde est \u00e9gal\u00a0\u00bb.<\/p>\n<blockquote class=\"embed embed_quote\"><p>\u00ab\u00a0Je ne vois pas l&rsquo;int\u00e9r\u00eat de le prot\u00e9ger, que ce soit Banksy, Picasso ou un autre du moment que c&rsquo;est fait dans la rue, c&rsquo;est fait pour \u00eatre \u00e9ph\u00e9m\u00e8re sinon on le met au mus\u00e9e et l\u00e0 on le prot\u00e8ge\u00a0\u00bb, raconte un autre passant \u00e0 BFM Marseille Provence.<\/p><\/blockquote>\n<p>Derri\u00e8re ce nouveau graffiti marseillais se trouve un artiste fran\u00e7ais, Tapas nocturne. Ce dernier s&rsquo;interrogeait d&rsquo;ailleurs sur son compte Instagram le 17 ao\u00fbt dernier. \u00ab\u00a0Vous pensez que les bobos vont aussi le prot\u00e9ger derri\u00e8re une vitre?\u00a0\u00bb, \u00e9crivait-il.<\/p>\n<p>L&rsquo;objectif de son \u0153uvre? D\u00e9noncer la sacralisation de certaines peintures au d\u00e9triment d&rsquo;autres. \u00ab\u00a0Tous les jours de centaines d\u2019\u0153uvres&rsquo; du mouvement graffiti sont effac\u00e9es et des pans entiers de l&rsquo;histoire de ce mouvement disparaissent. Des gens prennent des risques et des amendes pour des amendes per\u00e7ues comme du vandalisme par le grand public alors que d&rsquo;autres se retrouvent prot\u00e9g\u00e9es et f\u00e9licit\u00e9es\u00a0\u00bb, \u00e9crit l&rsquo;artiste.<\/p>\n<p>Alors quelle sera l&rsquo;issue pour le personnage pointant du doigt le phare de Banksy? Effac\u00e9 ou dans une vitrine? Pour l&rsquo;heure les deux \u0153uvres sont encore visibles \u00e0 quelques pas de la Corniche.<\/p>\n<p>Ismahan Stambouli avec Alixan Lavorel<\/p>\n","protected":false},"excerpt":{"rendered":"\u00c0 c\u00f4t\u00e9 du phare r\u00e9alis\u00e9 fin mai par Banksy \u00e0 Marseille, une \u0153uvre parodique sign\u00e9e d&rsquo;un certain \u00ab\u00a0Banski\u00a0\u00bb&hellip;\n","protected":false},"author":2,"featured_media":335985,"comment_status":"","ping_status":"","sticky":false,"template":"","format":"standard","meta":{"footnotes":""},"categories":[1358],"tags":[1348,1384,1385,1386,58,59,1011,27],"class_list":{"0":"post-335984","1":"post","2":"type-post","3":"status-publish","4":"format-standard","5":"has-post-thumbnail","7":"category-arts-et-design","8":"tag-arts","9":"tag-arts-and-design","10":"tag-arts-et-design","11":"tag-design","12":"tag-divertissement","13":"tag-entertainment","14":"tag-fr","15":"tag-france"},"share_on_mastodon":{"url":"https:\/\/pubeurope.com\/@fr\/115071992726894703","error":""},"_links":{"self":[{"href":"https:\/\/www.europesays.com\/fr\/wp-json\/wp\/v2\/posts\/335984","targetHints":{"allow":["GET"]}}],"collection":[{"href":"https:\/\/www.europesays.com\/fr\/wp-json\/wp\/v2\/posts"}],"about":[{"href":"https:\/\/www.europesays.com\/fr\/wp-json\/wp\/v2\/types\/post"}],"author":[{"embeddable":true,"href":"https:\/\/www.europesays.com\/fr\/wp-json\/wp\/v2\/users\/2"}],"replies":[{"embeddable":true,"href":"https:\/\/www.europesays.com\/fr\/wp-json\/wp\/v2\/comments?post=335984"}],"version-history":[{"count":0,"href":"https:\/\/www.europesays.com\/fr\/wp-json\/wp\/v2\/posts\/335984\/revisions"}],"wp:featuredmedia":[{"embeddable":true,"href":"https:\/\/www.europesays.com\/fr\/wp-json\/wp\/v2\/media\/335985"}],"wp:attachment":[{"href":"https:\/\/www.europesays.com\/fr\/wp-json\/wp\/v2\/media?parent=335984"}],"wp:term":[{"taxonomy":"category","embeddable":true,"href":"https:\/\/www.europesays.com\/fr\/wp-json\/wp\/v2\/categories?post=335984"},{"taxonomy":"post_tag","embeddable":true,"href":"https:\/\/www.europesays.com\/fr\/wp-json\/wp\/v2\/tags?post=335984"}],"curies":[{"name":"wp","href":"https:\/\/api.w.org\/{rel}","templated":true}]}}