{"id":335988,"date":"2025-08-22T10:41:15","date_gmt":"2025-08-22T10:41:15","guid":{"rendered":"https:\/\/www.europesays.com\/fr\/335988\/"},"modified":"2025-08-22T10:41:15","modified_gmt":"2025-08-22T10:41:15","slug":"une-legende-du-cinema-au-casting","status":"publish","type":"post","link":"https:\/\/www.europesays.com\/fr\/335988\/","title":{"rendered":"une l\u00e9gende du cin\u00e9ma au casting ?"},"content":{"rendered":"<p>L\u2019annonce du nouveau visage de True Detective est toujours un \u00e9v\u00e9nement et cette saison 5 ne fait pas exception. L\u2019anthologie imagin\u00e9e par Nic Pizzolatto et d\u00e9sormais aux mains entre les mains d\u2019Issa Lopez risque m\u00eame d\u2019en surprendre plus d\u2019un. Selon les informations de Deadline, les producteurs seraient en discussion avec une l\u00e9gende du cin\u00e9ma.<\/p>\n<p><strong>Nicolas Cage serait en pourparlers<\/strong> pour \u00eatre la t\u00eate d\u2019affiche de cette nouvelle enqu\u00eate. Il se serait vu proposer le r\u00f4le d\u2019<strong>Henry Logan<\/strong>, un d\u00e9tective new-yorkais charg\u00e9 de l\u2019affaire \u00e0 l\u2019\u00e9picentre de ces nouveaux \u00e9pisodes.<\/p>\n<p>Si les<strong> d\u00e9tails de l\u2019intrigue sont gard\u00e9s sous scell\u00e9s,<\/strong> on sait d\u00e9j\u00e0 que l\u2019intrigue prendra place \u00e0 Jamaica Bay, au sud de Long Island. La nouvelle cr\u00e9atrice, Issa Lopez, a confi\u00e9 en d\u00e9cembre dernier que cette nouvelle histoire serait connect\u00e9e avec<a href=\"https:\/\/www.journaldugeek.com\/2024\/02\/23\/true-detective-soffre-une-saison-5-et-ca-ne-va-pas-plaire-a-tout-le-monde\/\" target=\"_blank\" rel=\"noopener\"> la pr\u00e9c\u00e9dente. <\/a><\/p>\n<blockquote>\n<p>\u201cIl y aura des liens important entre tout ce qui se passe \u00e0 Ennis en Alaska, les personnage d\u2019Ennis, et ce qui se passe dans la nouvelle saison. Cela dit, c\u2019est une nouvelle histoire, de nouveaux personnages\u2026 tout\u201d.\u00a0<\/p>\n<\/blockquote>\n<p>Pour l\u2019heure, on ne sait pas non plus qui fera face \u00e0 ce nouveau d\u00e9tective. HBO a refus\u00e9 de commenter les informations de Deadline, il faudra sans doute patienter encore quelque mois pour que l\u2019implication de <a href=\"https:\/\/www.journaldugeek.com\/2025\/08\/14\/the-surfer-la-nouvelle-vague-de-nicolas-cage-debarque-en-france\/\" target=\"_blank\" rel=\"noopener\">Nicolas Cage<\/a> soit officialis\u00e9e. Rappelons que la cr\u00e9ation d\u2019un accord avec Jodie Foster avait aussi demand\u00e9 plus de temps qu\u2019\u00e0 l\u2019accoutum\u00e9e.<\/p>\n<p> Nicolas Cage s\u2019empare du petit \u00e9cran <\/p>\n<p>Un premier r\u00f4le dans une s\u00e9rie\u00a0? Presque\u2026 Si jusqu\u2019ici Cage s\u2019est concentr\u00e9 sur le grand \u00e9cran, il fera prochainement ses premiers pas \u00e0 la t\u00e9l\u00e9vision dans une <a href=\"https:\/\/www.journaldugeek.com\/2025\/03\/29\/spider-noir-la-serie-devrait-tres-bien-porter-son-nom\/\" target=\"_blank\" rel=\"noopener\">s\u00e9rie Spider-Man<\/a>. Il sera Spider-Noir, h\u00e9ros \u00e0 qui il pr\u00eatait d\u00e9j\u00e0 sa voix dans Spider-Man into the Spiderverse.<\/p>\n<p>D\u00e9velopp\u00e9e par Prime Video, la s\u00e9rie l\u2019illustrera comme un enqu\u00eateur dans un New York inspir\u00e9 des films noirs. La s\u00e9rie doit \u00eatre propos\u00e9e sur la plateforme en 2026. <strong>True Detective,<\/strong> si le contrat entre HBO et Cage est sign\u00e9 rapidement, ne devrait pas <strong>investir la grille de la cha\u00eene avant 2027.<\/strong> Selon des sources bien inform\u00e9es, le tournage doit commencer en 2026 pour une diffusion un an plus tard.<\/p>\n<blockquote>\n<p class=\"text-base text-neutral-700 dark:text-neutral-300\">\ud83d\udfe3 Pour ne manquer aucune news sur le Journal du Geek, abonnez-vous sur <a href=\"https:\/\/news.google.com\/publications\/CAAqBwgKMNr_hAswwYyCAw?hl=fr&amp;gl=FR&amp;ceid=FR%3Afr\" target=\"_blank\" rel=\"noopener\">Google Actualit\u00e9s<\/a> et sur <a href=\"https:\/\/whatsapp.com\/channel\/0029VaClM5y4tRry12tb7D2h\" target=\"_blank\" rel=\"noopener\">notre WhatsApp<\/a>. Et si vous nous adorez, on a <a href=\"https:\/\/www.journaldugeek.com\/newsletter\/\" target=\"_blank\" rel=\"noopener\">une newsletter tous les matins<\/a>.<\/p>\n<\/blockquote>\n","protected":false},"excerpt":{"rendered":"L\u2019annonce du nouveau visage de True Detective est toujours un \u00e9v\u00e9nement et cette saison 5 ne fait pas&hellip;\n","protected":false},"author":2,"featured_media":335989,"comment_status":"","ping_status":"","sticky":false,"template":"","format":"standard","meta":{"footnotes":""},"categories":[1356],"tags":[58,59,1011,27,5371,252,47289,1364],"class_list":{"0":"post-335988","1":"post","2":"type-post","3":"status-publish","4":"format-standard","5":"has-post-thumbnail","7":"category-television","8":"tag-divertissement","9":"tag-entertainment","10":"tag-fr","11":"tag-france","12":"tag-hbo-max","13":"tag-television","14":"tag-true-detective","15":"tag-tv"},"share_on_mastodon":{"url":"https:\/\/pubeurope.com\/@fr\/115072000746200085","error":""},"_links":{"self":[{"href":"https:\/\/www.europesays.com\/fr\/wp-json\/wp\/v2\/posts\/335988","targetHints":{"allow":["GET"]}}],"collection":[{"href":"https:\/\/www.europesays.com\/fr\/wp-json\/wp\/v2\/posts"}],"about":[{"href":"https:\/\/www.europesays.com\/fr\/wp-json\/wp\/v2\/types\/post"}],"author":[{"embeddable":true,"href":"https:\/\/www.europesays.com\/fr\/wp-json\/wp\/v2\/users\/2"}],"replies":[{"embeddable":true,"href":"https:\/\/www.europesays.com\/fr\/wp-json\/wp\/v2\/comments?post=335988"}],"version-history":[{"count":0,"href":"https:\/\/www.europesays.com\/fr\/wp-json\/wp\/v2\/posts\/335988\/revisions"}],"wp:featuredmedia":[{"embeddable":true,"href":"https:\/\/www.europesays.com\/fr\/wp-json\/wp\/v2\/media\/335989"}],"wp:attachment":[{"href":"https:\/\/www.europesays.com\/fr\/wp-json\/wp\/v2\/media?parent=335988"}],"wp:term":[{"taxonomy":"category","embeddable":true,"href":"https:\/\/www.europesays.com\/fr\/wp-json\/wp\/v2\/categories?post=335988"},{"taxonomy":"post_tag","embeddable":true,"href":"https:\/\/www.europesays.com\/fr\/wp-json\/wp\/v2\/tags?post=335988"}],"curies":[{"name":"wp","href":"https:\/\/api.w.org\/{rel}","templated":true}]}}