{"id":335990,"date":"2025-08-22T10:42:11","date_gmt":"2025-08-22T10:42:11","guid":{"rendered":"https:\/\/www.europesays.com\/fr\/335990\/"},"modified":"2025-08-22T10:42:11","modified_gmt":"2025-08-22T10:42:11","slug":"au-debut-cetait-freestyle-il-y-a-une-enorme-professionnalisation-aujourdhui-le-rap-plus-fort-que-jamais","status":"publish","type":"post","link":"https:\/\/www.europesays.com\/fr\/335990\/","title":{"rendered":"\u00ab\u00a0Au d\u00e9but, c\u2019\u00e9tait freestyle, il y a une \u00e9norme professionnalisation aujourd\u2019hui\u00a0\u00bb\u00a0: le rap, plus fort que jamais"},"content":{"rendered":"<p class=\"paragraph text_align_left lp-f-body-02\">\u00c0 56 ans,<a href=\"https:\/\/www.leparisien.fr\/culture-loisirs\/musique\/jai-une-serenite-nouvelle-mc-solaar-plus-prolifique-et-dansant-que-jamais-19-03-2024-KJNIDAM4CBBRPK5LP2GEUTWCOM.php\" target=\"_blank\" rel=\"noreferrer noopener\"> MC Solaar est toujours \u00e0 fond<\/a> dans le rap. Claude M\u2019Barali (son vrai nom), dont les tubes \u00ab Bouge de l\u00e0 \u00bb et \u00ab Caroline \u00bb ont inond\u00e9 les ondes au d\u00e9but des ann\u00e9es 1990, a sorti l\u2019an dernier trois albums, r\u00e9unis dans un \u00ab Triptyque \u00bb. Et il consacre une journ\u00e9e par semaine \u00e0 \u00e9couter les nouveaut\u00e9s. \u00ab Cela va beaucoup trop vite en ce moment, j\u2019ai du mal \u00e0 suivre \u00bb, conc\u00e8de-t-il.<\/p>\n<p class=\"paragraph text_align_left lp-f-body-02\">Son regard p\u00e9tille lorsqu\u2019on lui donne notre avis sur les derniers albums de <a href=\"https:\/\/www.leparisien.fr\/culture-loisirs\/musique\/vald-revient-avec-lintense-pandemonium-le-rap-doit-etre-obscur-crapuleux-27-03-2025-OQU5STVOORHE3EGY6TK6JJJ4P4.php\" target=\"_self\" rel=\"noopener\">Vald <\/a>ou Hamza. Puis il laisse \u00e9chapper un \u00ab le salaud ! \u00bb admiratif quand on cite <a href=\"https:\/\/www.leparisien.fr\/culture-loisirs\/musique\/jul\/\" target=\"_blank\" rel=\"noopener\">Jul,<\/a> le premier vendeur de disques de rap fran\u00e7ais.<\/p>\n","protected":false},"excerpt":{"rendered":"\u00c0 56 ans, MC Solaar est toujours \u00e0 fond dans le rap. Claude M\u2019Barali (son vrai nom), dont&hellip;\n","protected":false},"author":2,"featured_media":335991,"comment_status":"","ping_status":"","sticky":false,"template":"","format":"standard","meta":{"footnotes":""},"categories":[1355],"tags":[872,58,59,1011,27,12156,1361,873],"class_list":{"0":"post-335990","1":"post","2":"type-post","3":"status-publish","4":"format-standard","5":"has-post-thumbnail","7":"category-musique","8":"tag-culture-et-loisirs","9":"tag-divertissement","10":"tag-entertainment","11":"tag-fr","12":"tag-france","13":"tag-le-parisien-week-end","14":"tag-music","15":"tag-musique"},"share_on_mastodon":{"url":"https:\/\/pubeurope.com\/@fr\/115072004747085644","error":""},"_links":{"self":[{"href":"https:\/\/www.europesays.com\/fr\/wp-json\/wp\/v2\/posts\/335990","targetHints":{"allow":["GET"]}}],"collection":[{"href":"https:\/\/www.europesays.com\/fr\/wp-json\/wp\/v2\/posts"}],"about":[{"href":"https:\/\/www.europesays.com\/fr\/wp-json\/wp\/v2\/types\/post"}],"author":[{"embeddable":true,"href":"https:\/\/www.europesays.com\/fr\/wp-json\/wp\/v2\/users\/2"}],"replies":[{"embeddable":true,"href":"https:\/\/www.europesays.com\/fr\/wp-json\/wp\/v2\/comments?post=335990"}],"version-history":[{"count":0,"href":"https:\/\/www.europesays.com\/fr\/wp-json\/wp\/v2\/posts\/335990\/revisions"}],"wp:featuredmedia":[{"embeddable":true,"href":"https:\/\/www.europesays.com\/fr\/wp-json\/wp\/v2\/media\/335991"}],"wp:attachment":[{"href":"https:\/\/www.europesays.com\/fr\/wp-json\/wp\/v2\/media?parent=335990"}],"wp:term":[{"taxonomy":"category","embeddable":true,"href":"https:\/\/www.europesays.com\/fr\/wp-json\/wp\/v2\/categories?post=335990"},{"taxonomy":"post_tag","embeddable":true,"href":"https:\/\/www.europesays.com\/fr\/wp-json\/wp\/v2\/tags?post=335990"}],"curies":[{"name":"wp","href":"https:\/\/api.w.org\/{rel}","templated":true}]}}