{"id":335994,"date":"2025-08-22T10:44:11","date_gmt":"2025-08-22T10:44:11","guid":{"rendered":"https:\/\/www.europesays.com\/fr\/335994\/"},"modified":"2025-08-22T10:44:11","modified_gmt":"2025-08-22T10:44:11","slug":"quelle-est-cette-maladie-meconnue-des-seniors-qui-sera-au-centre-dun-congres-mondial-a-toulouse","status":"publish","type":"post","link":"https:\/\/www.europesays.com\/fr\/335994\/","title":{"rendered":"Quelle est cette maladie m\u00e9connue des seniors qui sera au centre d\u2019un congr\u00e8s mondial \u00e0 Toulouse\u00a0?"},"content":{"rendered":"<p>\n                                                                    l&rsquo;essentiel<br \/>\n                                                                Le neurochirurgien g\u00e9riatrique Eric Schmidt organise le congr\u00e8s annuel mondial sur l\u2019hydroc\u00e9phalie, une maladie encore mal connue, \u00e0 Toulouse du 5 au 8\u00a0septembre prochain\n                            <\/p>\n<p>\u00ab\u00a0On a encore beaucoup de mal \u00e0 diagnostiquer avec certitude l\u2019hydroc\u00e9phalie chez les personnes \u00e2g\u00e9es, c\u2019est une maladie mal connue\u00a0\u00bb, explique le Dr \u00c9ric Schmidt, neurochirurgien g\u00e9riatrique au CHU de Purpan \u00e0 Toulouse.<\/p>\n<p>Une maladie mal connue<\/p>\n<p>Souvent associ\u00e9e aux b\u00e9b\u00e9s en raison des d\u00e9formations du cr\u00e2ne qu\u2019elle peut provoquer, l\u2019hydroc\u00e9phalie touche pourtant majoritairement les personnes \u00e2g\u00e9es. \u00ab\u00a0On estime que 7\u00a0% des personnes de plus de 80 ans sont atteintes d\u2019hydroc\u00e9phalie en France\u00a0\u00bb, pr\u00e9cise le neurochirurgien.<\/p>\n<p>Ce trouble est li\u00e9 \u00e0 un dysfonctionnement dans l\u2019\u00e9coulement du liquide c\u00e9r\u00e9brospinal, un fluide qui entoure le cerveau et la moelle \u00e9pini\u00e8re, g\u00e9n\u00e9r\u00e9 et r\u00e9absorb\u00e9 en permanence dans l\u2019organisme. Lorsque cet \u00e9coulement est bloqu\u00e9, le liquide s\u2019accumule dans le cerveau et peut provoquer d\u2019importants maux de t\u00eate, une perte des capacit\u00e9s cognitives et de l\u2019autonomie. Non prise en charge, cette affection peut devenir tr\u00e8s grave, voire mortelle. Si diff\u00e9rentes op\u00e9rations permettent de vivre avec la maladie en contr\u00f4lant ses effets, il n\u2019existe \u00e0 ce jour aucun traitement curatif.<\/p>\n<p class=\"std-elt__inline\">\n        <strong>\u00c0 lire aussi :<\/strong><br \/>\n        <a href=\"https:\/\/www.ladepeche.fr\/2025\/08\/18\/le-parcours-du-combattant-de-clarisse-pour-son-fils-liam-ne-avec-une-cataracte-congenitale-qui-veut-sensibiliser-a-cette-maladie-rare-12881599.php\" rel=\"nofollow noopener\" target=\"_blank\">Le combat de Clarisse, maman de Liam, n\u00e9 avec une cataracte cong\u00e9nitale, qui veut sensibiliser \u00e0 cette maladie rare<\/a>\n    <\/p>\n<p>Les causes de l\u2019hydroc\u00e9phalie restent encore mal comprises, d\u2019autant plus qu\u2019elle est fr\u00e9quemment associ\u00e9e \u00e0 d\u2019autres maladies neurod\u00e9g\u00e9n\u00e9ratives comme Alzheimer ou Parkinson. Elle passe ainsi souvent inaper\u00e7ue, entra\u00eenant une errance m\u00e9dicale pour les patients. Les sp\u00e9cialistes capables de poser un diagnostic fiable sont rares en France et principalement concentr\u00e9s dans les h\u00f4pitaux des grandes agglom\u00e9rations.<\/p>\n<p class=\"std-elt__inline\">\n        <strong>\u00c0 lire aussi :<\/strong><br \/>\n        <a href=\"https:\/\/www.ladepeche.fr\/2025\/08\/15\/temoignageje-ne-verrai-pas-2026-les-dernieres-volontes-dun-ancien-ambulancier-en-phase-terminale-de-la-maladie-de-charcot-12874953.php\" rel=\"nofollow noopener\" target=\"_blank\">T\u00c9MOIGNAGE. \u00ab\u00a0Je ne verrai pas 2026\u00a0\u00bb : les derni\u00e8res volont\u00e9s d\u2019un ancien ambulancier en phase terminale de la maladie de Charcot<\/a>\n    <\/p>\n<p>500 sp\u00e9cialistes attendus<\/p>\n<p>Pour mieux faire conna\u00eetre cette pathologie, y compris aupr\u00e8s de certains professionnels de sant\u00e9, le Dr Schmidt organise \u00e0 Toulouse le congr\u00e8s mondial annuel sur l\u2019hydroc\u00e9phalie. L\u2019\u00e9v\u00e9nement se tiendra du 5 au 8\u00a0septembre prochains et r\u00e9unira environ 500 neurologues et neurochirurgiens venus du monde entier.<\/p>\n<p class=\"std-elt__inline\">\n        <strong>\u00c0 lire aussi :<\/strong><br \/>\n        <a href=\"https:\/\/www.ladepeche.fr\/2025\/08\/18\/cancer-pediatrique-des-patients-plus-a-risque-de-cancers-et-de-maladies-cardiovasculaires-a-lage-adulte-12881581.php\" rel=\"nofollow noopener\" target=\"_blank\">Cancer p\u00e9diatrique : des patients plus \u00e0 risque de cancers et de maladies cardiovasculaires \u00e0 l\u2019\u00e2ge adulte<\/a>\n    <\/p>\n<p>\u00c0 cette occasion, le Dr Schmidt pr\u00e9sentera sa start-up <a href=\"https:\/\/x-pressure.com\/\" target=\"_self\" rel=\"nofollow noopener\">X-pressure<\/a>, qui d\u00e9veloppe depuis plusieurs ann\u00e9es un outil destin\u00e9 \u00e0 faciliter le diagnostic de la maladie. Ce dispositif mesure avec pr\u00e9cision la pression du liquide c\u00e9r\u00e9brospinal gr\u00e2ce \u00e0 une technologie connect\u00e9e en Bluetooth \u00e0 une application mobile.<\/p>\n<p>\u00ab\u00a0Notre objectif est de permettre de diagnostiquer la maladie partout et pas seulement dans les services sp\u00e9cialis\u00e9s des CHU\u00a0\u00bb, explique-t-il, alors qu\u2019aujourd\u2019hui la majorit\u00e9 des patients sont suivis dans ces seuls centres hospitaliers.<\/p>\n","protected":false},"excerpt":{"rendered":"l&rsquo;essentiel Le neurochirurgien g\u00e9riatrique Eric Schmidt organise le congr\u00e8s annuel mondial sur l\u2019hydroc\u00e9phalie, une maladie encore mal connue,&hellip;\n","protected":false},"author":2,"featured_media":335995,"comment_status":"","ping_status":"","sticky":false,"template":"","format":"standard","meta":{"footnotes":""},"categories":[10],"tags":[1011,27,72,71],"class_list":{"0":"post-335994","1":"post","2":"type-post","3":"status-publish","4":"format-standard","5":"has-post-thumbnail","7":"category-sante","8":"tag-fr","9":"tag-france","10":"tag-health","11":"tag-sante"},"share_on_mastodon":{"url":"https:\/\/pubeurope.com\/@fr\/115072012446674172","error":""},"_links":{"self":[{"href":"https:\/\/www.europesays.com\/fr\/wp-json\/wp\/v2\/posts\/335994","targetHints":{"allow":["GET"]}}],"collection":[{"href":"https:\/\/www.europesays.com\/fr\/wp-json\/wp\/v2\/posts"}],"about":[{"href":"https:\/\/www.europesays.com\/fr\/wp-json\/wp\/v2\/types\/post"}],"author":[{"embeddable":true,"href":"https:\/\/www.europesays.com\/fr\/wp-json\/wp\/v2\/users\/2"}],"replies":[{"embeddable":true,"href":"https:\/\/www.europesays.com\/fr\/wp-json\/wp\/v2\/comments?post=335994"}],"version-history":[{"count":0,"href":"https:\/\/www.europesays.com\/fr\/wp-json\/wp\/v2\/posts\/335994\/revisions"}],"wp:featuredmedia":[{"embeddable":true,"href":"https:\/\/www.europesays.com\/fr\/wp-json\/wp\/v2\/media\/335995"}],"wp:attachment":[{"href":"https:\/\/www.europesays.com\/fr\/wp-json\/wp\/v2\/media?parent=335994"}],"wp:term":[{"taxonomy":"category","embeddable":true,"href":"https:\/\/www.europesays.com\/fr\/wp-json\/wp\/v2\/categories?post=335994"},{"taxonomy":"post_tag","embeddable":true,"href":"https:\/\/www.europesays.com\/fr\/wp-json\/wp\/v2\/tags?post=335994"}],"curies":[{"name":"wp","href":"https:\/\/api.w.org\/{rel}","templated":true}]}}