{"id":336009,"date":"2025-08-22T10:52:12","date_gmt":"2025-08-22T10:52:12","guid":{"rendered":"https:\/\/www.europesays.com\/fr\/336009\/"},"modified":"2025-08-22T10:52:12","modified_gmt":"2025-08-22T10:52:12","slug":"des-poissons-morts-dans-le-bassin-carrot","status":"publish","type":"post","link":"https:\/\/www.europesays.com\/fr\/336009\/","title":{"rendered":"des poissons morts dans le bassin Carrot"},"content":{"rendered":"<p>Mauvaise surprise ce vendredi matin pour les membres de l\u2019association de sauvegarde et de protection de la vall\u00e9e de Cotatay du Chambon-Feugerolles. Ces passionn\u00e9s ont d\u00e9couvert une vingtaine de poissons morts \u00e0 la surface du bassin Carrot, situ\u00e9 dans la zone industrielle de la Silardi\u00e8re.<\/p>\n<p>Il s\u2019agit essentiellement de poissons blancs et de carnassiers. Les sapeurs-pompiers sont intervenus afin d\u2019effectuer des relev\u00e9s et la police municipale du Chambon-Feugerolles s\u2019est aussi d\u00e9plac\u00e9e. Selon les premiers \u00e9l\u00e9ments, si l\u2019eau est tr\u00e8s sale, la pr\u00e9sence d\u2019hydrocarbures serait exclue.<\/p>\n<p>Ce contenu est bloqu\u00e9 car vous n&rsquo;avez pas accept\u00e9 les cookies et autres traceurs.<\/p>\n<p>En cliquant sur \u00ab J\u2019accepte \u00bb, les cookies et autres traceurs seront d\u00e9pos\u00e9s et vous pourrez visualiser les contenus  (<a href=\"\" class=\"consentModule_policy\" target=\"_blank\" title=\"Consulter la politique de protection des donn\u00e9es du fournisseur\">plus d&rsquo;informations<\/a>).<\/p>\n<p>En cliquant sur \u00ab J\u2019accepte tous les cookies \u00bb, vous autorisez des d\u00e9p\u00f4ts de cookies et autres traceurs pour le stockage de vos donn\u00e9es sur nos sites et applications \u00e0 des fins de personnalisation et de ciblage publicitaire.<\/p>\n<p class=\"consentModule_secondaryText\">Vous gardez la possibilit\u00e9 de retirer votre consentement \u00e0 tout moment en consultant notre <a href=\"https:\/\/www.leprogres.fr\/protection-des-donnees\" target=\"_blank\" title=\"Consulter notre politique de protection des donn\u00e9es\" rel=\"noopener\">politique de protection des donn\u00e9es<\/a>. <br \/>&#13;<br \/>\n            <a href=\"https:\/\/www.leprogres.fr\/environnement\/2025\/08\/22\/javascript:Didomi.notice.show()\" class=\"consentModule_cmp\" target=\"_blank\" rel=\"noopener\">G\u00e9rer mes choix<\/a>&#13;\n        <\/p>\n<p>&#13;<br \/>\n                        J&rsquo;accepte&#13;<br \/>\n            J&rsquo;accepte tous les cookies&#13;\n        <\/p>\n<p>  Un manque d\u2019oxyg\u00e9nation de l\u2019eau\u00a0?<\/p>\n<p>\u00ab\u00a0Il y aurait un manque d\u2019oxyg\u00e9nation de l\u2019eau d\u00fb \u00e0 la s\u00e9cheresse et la prolif\u00e9ration d\u2019algues\u00a0\u00bb, \u00e9voquent les p\u00eacheurs, alors que quelques esp\u00e8ces mortes avaient d\u00e9j\u00e0 \u00e9t\u00e9 aper\u00e7ues jeudi. \u00ab\u00a0Mais ce matin, c\u2019est l\u2019h\u00e9catombe.\u00a0\u00bb Le bassin manquait d\u2019eau et le bief avait \u00e9t\u00e9 remis en route tout r\u00e9cemment.<\/p>\n<p>L\u2019association tente d\u2019entretenir le bassin du mieux qu\u2019elle peut et regrette que \u00ab\u00a0les gros moyens ne soient pas mis en \u0153uvre\u00a0\u00bb par les collectivit\u00e9s pour nettoyer vraiment le site. La profondeur du bassin est de trois m\u00e8tres mais les poissons ne nagent en r\u00e9alit\u00e9 que dans un m\u00e8tre d\u2019eau, le reste \u00e9tant essentiellement de la vase.<\/p>\n","protected":false},"excerpt":{"rendered":"Mauvaise surprise ce vendredi matin pour les membres de l\u2019association de sauvegarde et de protection de la vall\u00e9e&hellip;\n","protected":false},"author":2,"featured_media":336010,"comment_status":"","ping_status":"","sticky":false,"template":"","format":"standard","meta":{"footnotes":""},"categories":[9653],"tags":[1111,11,2430,12162,1687,7539,436,1777,674,1011,27,12161,12,4838,25,4001],"class_list":{"0":"post-336009","1":"post","2":"type-post","3":"status-publish","4":"format-standard","5":"has-post-thumbnail","7":"category-saint-etienne","8":"tag-actu","9":"tag-actualites","10":"tag-auvergne-rhone-alpes","11":"tag-chambon-feugerolles-ville","12":"tag-culture-loisirs","13":"tag-edition-loire-sud","14":"tag-environnement","15":"tag-eu","16":"tag-europe","17":"tag-fr","18":"tag-france","19":"tag-le-chambon-feugerolles","20":"tag-news","21":"tag-peche","22":"tag-republique-francaise","23":"tag-saint-etienne"},"share_on_mastodon":{"url":"https:\/\/pubeurope.com\/@fr\/115072043933805567","error":""},"_links":{"self":[{"href":"https:\/\/www.europesays.com\/fr\/wp-json\/wp\/v2\/posts\/336009","targetHints":{"allow":["GET"]}}],"collection":[{"href":"https:\/\/www.europesays.com\/fr\/wp-json\/wp\/v2\/posts"}],"about":[{"href":"https:\/\/www.europesays.com\/fr\/wp-json\/wp\/v2\/types\/post"}],"author":[{"embeddable":true,"href":"https:\/\/www.europesays.com\/fr\/wp-json\/wp\/v2\/users\/2"}],"replies":[{"embeddable":true,"href":"https:\/\/www.europesays.com\/fr\/wp-json\/wp\/v2\/comments?post=336009"}],"version-history":[{"count":0,"href":"https:\/\/www.europesays.com\/fr\/wp-json\/wp\/v2\/posts\/336009\/revisions"}],"wp:featuredmedia":[{"embeddable":true,"href":"https:\/\/www.europesays.com\/fr\/wp-json\/wp\/v2\/media\/336010"}],"wp:attachment":[{"href":"https:\/\/www.europesays.com\/fr\/wp-json\/wp\/v2\/media?parent=336009"}],"wp:term":[{"taxonomy":"category","embeddable":true,"href":"https:\/\/www.europesays.com\/fr\/wp-json\/wp\/v2\/categories?post=336009"},{"taxonomy":"post_tag","embeddable":true,"href":"https:\/\/www.europesays.com\/fr\/wp-json\/wp\/v2\/tags?post=336009"}],"curies":[{"name":"wp","href":"https:\/\/api.w.org\/{rel}","templated":true}]}}