{"id":336011,"date":"2025-08-22T10:53:20","date_gmt":"2025-08-22T10:53:20","guid":{"rendered":"https:\/\/www.europesays.com\/fr\/336011\/"},"modified":"2025-08-22T10:53:20","modified_gmt":"2025-08-22T10:53:20","slug":"compositions-chaine-tv-heure-et-cotes-2","status":"publish","type":"post","link":"https:\/\/www.europesays.com\/fr\/336011\/","title":{"rendered":"Compositions, Cha\u00eene TV, Heure et Cotes"},"content":{"rendered":"<p style=\"text-align: justify;\"><strong>LIGUE 2 2025-2026 \u2013 \u00c0 quelle heure et sur quelle cha\u00eene TV suivre le match de Ligue 2 entre Boulogne et Saint-\u00c9tienne ? Retrouvez \u00e9galement les compositions des deux \u00e9quipes.<\/strong><\/p>\n<p style=\"text-align: justify;\"><strong>Boulogne<\/strong> n\u2019a pas jou\u00e9 la premi\u00e8re journ\u00e9e \u00e0 cause de l\u2019annonce tardive de la r\u00e9trogradation d\u2019Ajaccio. Pour sa premi\u00e8re rencontre de la saison la semaine pass\u00e9e, les <strong>Boulonnais<\/strong> se sont inclin\u00e9s 1 but \u00e0 z\u00e9ro sur la pelouse de <strong>Nancy<\/strong>. Le club nordiste a eu les plus grosses occasions dans ce match, mais n\u2019a pas r\u00e9ussi \u00e0 les convertir.<\/p>\n<p>L\u2019ASSE veut confirmer<\/p>\n<p style=\"text-align: justify;\">Les <strong>Verts<\/strong> ont d\u00e9marr\u00e9 la saison par un match nul frustrant sur la pelouse de <strong>Laval<\/strong>, trois partout apr\u00e8s avoir men\u00e9 jusqu\u2019\u00e0 la 87\u00e8me minute. La semaine suivante, <strong>Saint-\u00c9tienne<\/strong> a frapp\u00e9 un grand coup en s\u2019imposant sur le score de 4 \u00e0 0 face \u00e0 <strong>Rodez<\/strong>. L\u2019<strong>ASSE<\/strong> confirme son statut de favori pour cette saison en Ligue 2 apr\u00e8s avoir \u00e9t\u00e9 rel\u00e9gu\u00e9 il y a quelques mois de la Ligue 1.<\/p>\n<p style=\"text-align: justify;\">La derni\u00e8re rencontre entre les deux formations remonte \u00e0 2015 en <strong>Coupe de France<\/strong> et l\u2019<strong>ASSE<\/strong> \u00e9tait sortie vainqueur. Chez les bookmakers, les <strong>Verts<\/strong> sont favoris pour cette rencontre.<\/p>\n<p>Ligue 2 : Le programme TV de Boulogne Saint-\u00c9tienne<br \/>\nSamedi 23 ao\u00fbt 2025<\/p>\n<p style=\"text-align: justify;\"><b>Match diffus\u00e9 sur beIN SPORTS 1<\/b><b>\u00a0: <\/b>D\u00e9but du match \u00e0<strong> 20h00.<\/strong><\/p>\n<p>Les compositions officielles de Boulogne Saint-\u00c9tienne<br \/>\nLa composition de Boulogne<\/p>\n<p style=\"text-align: justify;\">\u00c0 venir<\/p>\n<p>La composition de Saint-\u00c9tienne<\/p>\n<p style=\"text-align: justify;\">\u00c0 venir<\/p>\n<p>Les cotes de Boulogne Saint-\u00c9tienne<\/p>\n<tr style=\"height: 16px;\">\n<td style=\"background-color: #404040; border-color: #ededed; width: 840px; text-align: left;\" colspan=\"3\"><strong><img loading=\"lazy\" decoding=\"async\" class=\"alignnone wp-image-512842 perfmatters-lazy\" alt=\"\" width=\"14\" height=\"13\" src=\"https:\/\/www.europesays.com\/fr\/wp-content\/uploads\/2025\/05\/Logo-Winamax.png\"  data-\/> Samedi 23 ao\u00fbt, 20h00<\/strong><\/td>\n<\/tr>\n<tr style=\"height: 24px;\">\n<td style=\"background-color: #ffffff; border-color: #ededed; vertical-align: middle; text-align: center; width: 266px;\"><strong>Boulogne<br \/><\/strong><a href=\"https:\/\/www.winamax.fr\/paris-sportifs\/match\/62716577?banid=33423\" class=\"su-button su-button-style-flat su-button-wide\" style=\"color:#000;background-color:#00ffcf;border-color:#00cca6;border-radius:5px\" target=\"_blank\" rel=\"noopener noreferrer nofollow\"> 3.20<\/a><\/td>\n<td style=\"background-color: #ffffff; border-color: #ededed; vertical-align: middle; text-align: center; width: 266px;\"><strong>Match nul<\/strong><br \/><a href=\"https:\/\/www.winamax.fr\/paris-sportifs\/match\/62716577?banid=33423\" class=\"su-button su-button-style-flat su-button-wide\" style=\"color:#000;background-color:#00ffcf;border-color:#00cca6;border-radius:5px\" target=\"_blank\" rel=\"noopener noreferrer nofollow\"> 3.30<\/a><\/td>\n<td style=\"background-color: #ffffff; border-color: #ededed; vertical-align: middle; text-align: center; width: 266px;\"><strong>Saint-\u00c9tienne<\/strong><br \/><a href=\"https:\/\/www.winamax.fr\/paris-sportifs\/match\/62716577?banid=33423\" class=\"su-button su-button-style-flat su-button-wide\" style=\"color:#000;background-color:#00ffcf;border-color:#00cca6;border-radius:5px\" target=\"_blank\" rel=\"noopener noreferrer nofollow\"> 2.00<\/a><\/td>\n<\/tr>\n<p style=\"text-align: justify;\">Tentez votre chance en profitant de votre <a href=\"https:\/\/www.winamax.fr\/registration\/landing\/affiliation_Bonus100?banid=33423\" rel=\"nofollow noopener\" target=\"_blank\">1er d\u00e9p\u00f4t doubl\u00e9 jusqu\u2019\u00e0 100 \u20ac<\/a> direct en paris gratuits sur Winamax !<\/p>\n","protected":false},"excerpt":{"rendered":"LIGUE 2 2025-2026 \u2013 \u00c0 quelle heure et sur quelle cha\u00eene TV suivre le match de Ligue 2&hellip;\n","protected":false},"author":2,"featured_media":336012,"comment_status":"","ping_status":"","sticky":false,"template":"","format":"standard","meta":{"footnotes":""},"categories":[9653],"tags":[1111,11,461,2430,23611,2113,1777,674,63,1011,27,12,502,25,4001],"class_list":{"0":"post-336011","1":"post","2":"type-post","3":"status-publish","4":"format-standard","5":"has-post-thumbnail","7":"category-saint-etienne","8":"tag-actu","9":"tag-actualites","10":"tag-asse","11":"tag-auvergne-rhone-alpes","12":"tag-boulogne","13":"tag-breve","14":"tag-eu","15":"tag-europe","16":"tag-football","17":"tag-fr","18":"tag-france","19":"tag-news","20":"tag-programme-tv","21":"tag-republique-francaise","22":"tag-saint-etienne"},"share_on_mastodon":{"url":"https:\/\/pubeurope.com\/@fr\/115072047958544286","error":""},"_links":{"self":[{"href":"https:\/\/www.europesays.com\/fr\/wp-json\/wp\/v2\/posts\/336011","targetHints":{"allow":["GET"]}}],"collection":[{"href":"https:\/\/www.europesays.com\/fr\/wp-json\/wp\/v2\/posts"}],"about":[{"href":"https:\/\/www.europesays.com\/fr\/wp-json\/wp\/v2\/types\/post"}],"author":[{"embeddable":true,"href":"https:\/\/www.europesays.com\/fr\/wp-json\/wp\/v2\/users\/2"}],"replies":[{"embeddable":true,"href":"https:\/\/www.europesays.com\/fr\/wp-json\/wp\/v2\/comments?post=336011"}],"version-history":[{"count":0,"href":"https:\/\/www.europesays.com\/fr\/wp-json\/wp\/v2\/posts\/336011\/revisions"}],"wp:featuredmedia":[{"embeddable":true,"href":"https:\/\/www.europesays.com\/fr\/wp-json\/wp\/v2\/media\/336012"}],"wp:attachment":[{"href":"https:\/\/www.europesays.com\/fr\/wp-json\/wp\/v2\/media?parent=336011"}],"wp:term":[{"taxonomy":"category","embeddable":true,"href":"https:\/\/www.europesays.com\/fr\/wp-json\/wp\/v2\/categories?post=336011"},{"taxonomy":"post_tag","embeddable":true,"href":"https:\/\/www.europesays.com\/fr\/wp-json\/wp\/v2\/tags?post=336011"}],"curies":[{"name":"wp","href":"https:\/\/api.w.org\/{rel}","templated":true}]}}