{"id":336021,"date":"2025-08-22T11:00:11","date_gmt":"2025-08-22T11:00:11","guid":{"rendered":"https:\/\/www.europesays.com\/fr\/336021\/"},"modified":"2025-08-22T11:00:11","modified_gmt":"2025-08-22T11:00:11","slug":"suicidaire-et-armee-une-nantaise-de-17-ans-mobilise-la-police-avec-un-appel-malveillant-a-la-gare-sud-de-france-de-montpellier","status":"publish","type":"post","link":"https:\/\/www.europesays.com\/fr\/336021\/","title":{"rendered":"\u00ab\u00a0Suicidaire et arm\u00e9e\u00a0\u00bb\u00a0: une Nantaise de 17 ans mobilise la police avec un appel malveillant \u00e0 la gare Sud de France de Montpellier"},"content":{"rendered":"<p>\n                                                                Ce mercredi matin, la mise en cause a appel\u00e9 le \u00ab\u00a017\u00a0\u00bb pour signaler qu\u2019une personne arm\u00e9e et suicidaire se trouvait en gare Sud de France \u00e0 Montpellier. Avant de raccrocher, elle a \u00e9tonnement donn\u00e9 sa propre description.\n                            <\/p>\n<p>Mercredi 20\u00a0ao\u00fbt, vers 11\u00a0h\u00a030, la police nationale de Montpellier a \u00e9t\u00e9 victime d\u2019un \u00ab\u00a0swatting\u00a0\u00bb. Un canular t\u00e9l\u00e9phonique visant \u00e0 faire intervenir les forces de l\u2019ordre\u00a0pour un d\u00e9lit inexistant. En l\u2019esp\u00e8ce, un coup de fil au \u00ab\u00a017\u00a0\u00bb signalait qu\u2019une personne arm\u00e9e et suicidaire se trouvait en gare Sud de France.<\/p>\n<p>Apr\u00e8s avoir donn\u00e9\u00a0une\u00a0description tr\u00e8s pr\u00e9cise de cette jeune femme, semble-t-il en d\u00e9tresse, la requ\u00e9rante a raccroch\u00e9 entra\u00eenant le branle-bas de combat au commissariat central. Imm\u00e9diatement, les effectifs de la Bac, de la brigade de s\u00e9curisation des transports ainsi que de la compagnie d\u2019intervention ont converg\u00e9\u00a0vers la gare pour s\u00e9curiser les lieux.<\/p>\n<p>Sur place, les policiers ont rapidement identifi\u00e9\u00a0une jeune fille correspondant au signalement. Interrog\u00e9e, elle s\u2019est av\u00e9r\u00e9e calme et non arm\u00e9e.\u00a0Les v\u00e9rifications ont r\u00e9v\u00e9l\u00e9\u00a0que le num\u00e9ro utilis\u00e9 par la requ\u00e9rante ne correspondait pas \u00e0 l\u2019identit\u00e9 d\u00e9clar\u00e9e lors de l\u2019appel mais \u00e0 celui d\u2019une \u00e9ducatrice d\u2019un foyer situ\u00e9 \u00e0\u2026 Nantes.<\/p>\n<p>D\u2019importants moyens policiers mobilis\u00e9s<\/p>\n<p>Les recherches ont finalement \u00e9tabli que c\u2019\u00e9tait en r\u00e9alit\u00e9 la jeune fille, assise sur le banc et\u00a0\u00e2g\u00e9e de 17 ans, qui avait pass\u00e9 le faux signalement. R\u00e9sidente\u00a0dudit\u00a0foyer nantais, elle est connue pour des faits similaires d\u00e9j\u00e0 commis \u00e0 Paris et Nantes.<\/p>\n<p>Apr\u00e8s avoir \u00e9t\u00e9 auditionn\u00e9e en garde \u00e0 vue, l\u2019adolescente a \u00e9t\u00e9 remise en libert\u00e9. Convoqu\u00e9e le 17\u00a0novembre prochain devant le tribunal judiciaire de Nantes, elle devra r\u00e9pondre de cette fausse alerte, qui a mobilis\u00e9 en vain d\u2019importants moyens policiers. \u00c0 noter que le \u00ab\u00a0swatting\u00a0\u00bb est passible d\u2019une peine allant jusqu\u2019\u00e0\u00a02 ans de prison et de 30\u00a0000\u00a0\u20ac d\u2019amendes.<\/p>\n","protected":false},"excerpt":{"rendered":"Ce mercredi matin, la mise en cause a appel\u00e9 le \u00ab\u00a017\u00a0\u00bb pour signaler qu\u2019une personne arm\u00e9e et suicidaire&hellip;\n","protected":false},"author":2,"featured_media":336022,"comment_status":"","ping_status":"","sticky":false,"template":"","format":"standard","meta":{"footnotes":""},"categories":[9599],"tags":[1111,11,1777,674,1011,27,2208,12,2680,25],"class_list":{"0":"post-336021","1":"post","2":"type-post","3":"status-publish","4":"format-standard","5":"has-post-thumbnail","7":"category-montpellier","8":"tag-actu","9":"tag-actualites","10":"tag-eu","11":"tag-europe","12":"tag-fr","13":"tag-france","14":"tag-montpellier","15":"tag-news","16":"tag-occitanie","17":"tag-republique-francaise"},"share_on_mastodon":{"url":"https:\/\/pubeurope.com\/@fr\/115072075351612546","error":""},"_links":{"self":[{"href":"https:\/\/www.europesays.com\/fr\/wp-json\/wp\/v2\/posts\/336021","targetHints":{"allow":["GET"]}}],"collection":[{"href":"https:\/\/www.europesays.com\/fr\/wp-json\/wp\/v2\/posts"}],"about":[{"href":"https:\/\/www.europesays.com\/fr\/wp-json\/wp\/v2\/types\/post"}],"author":[{"embeddable":true,"href":"https:\/\/www.europesays.com\/fr\/wp-json\/wp\/v2\/users\/2"}],"replies":[{"embeddable":true,"href":"https:\/\/www.europesays.com\/fr\/wp-json\/wp\/v2\/comments?post=336021"}],"version-history":[{"count":0,"href":"https:\/\/www.europesays.com\/fr\/wp-json\/wp\/v2\/posts\/336021\/revisions"}],"wp:featuredmedia":[{"embeddable":true,"href":"https:\/\/www.europesays.com\/fr\/wp-json\/wp\/v2\/media\/336022"}],"wp:attachment":[{"href":"https:\/\/www.europesays.com\/fr\/wp-json\/wp\/v2\/media?parent=336021"}],"wp:term":[{"taxonomy":"category","embeddable":true,"href":"https:\/\/www.europesays.com\/fr\/wp-json\/wp\/v2\/categories?post=336021"},{"taxonomy":"post_tag","embeddable":true,"href":"https:\/\/www.europesays.com\/fr\/wp-json\/wp\/v2\/tags?post=336021"}],"curies":[{"name":"wp","href":"https:\/\/api.w.org\/{rel}","templated":true}]}}