{"id":336023,"date":"2025-08-22T11:01:10","date_gmt":"2025-08-22T11:01:10","guid":{"rendered":"https:\/\/www.europesays.com\/fr\/336023\/"},"modified":"2025-08-22T11:01:10","modified_gmt":"2025-08-22T11:01:10","slug":"ils-tentent-deffectuer-une-livraison-par-drone-a-la-maison-darret-de-rouen-trois-personnes-interpellees","status":"publish","type":"post","link":"https:\/\/www.europesays.com\/fr\/336023\/","title":{"rendered":"Ils tentent d&rsquo;effectuer une livraison par drone \u00e0 la maison d&rsquo;arr\u00eat de Rouen : trois personnes interpell\u00e9es"},"content":{"rendered":"<p class=\"article__intro\">Dans la nuit du 21 au 22 ao\u00fbt 2025, trois individus ont tent\u00e9 de livrer un colis au-dessus de la maison d&rsquo;arr\u00eat de Rouen (Seine-Maritime) \u00e0 l&rsquo;aide d&rsquo;un drone. Ils ont finalement \u00e9t\u00e9 interpell\u00e9s par les forces de l&rsquo;ordre.<\/p>\n<p>\n      L\u2019actu des r\u00e9gions\n    <\/p>\n<p>\n      Chaque jour, un tour d\u2019horizon des principales infos de toutes les r\u00e9gions.\n    <\/p>\n<p>    France T\u00e9l\u00e9visions utilise votre adresse e-mail afin de vous envoyer la newsletter \u00ab\u00a0L\u2019actu des r\u00e9gions\u00a0\u00bb. Vous pouvez vous d\u00e9sinscrire \u00e0 tout moment via le lien en bas de cette newsletter. <a target=\"_blank\" href=\"https:\/\/www.francetelevisions.fr\/groupe\/confidentialite\/politique-de-confidentialite\/politique-de-confidentialite-de-france-televisions-6503\" rel=\"nofollow noopener\">Notre politique de confidentialit\u00e9<\/a><\/p>\n<p>Il est environ deux heures du matin lorsque la brigade anticriminalit\u00e9 de Rouen (BAC) intervient \u00e0 proximit\u00e9 de la maison d&rsquo;arr\u00eat de Rouen, vendredi 22 ao\u00fbt 2025.<\/p>\n<p>La raison de leur mission ? Retrouver les personnes qui tentent au m\u00eame moment de livrer un colis dans l&rsquo;\u00e9tablissement p\u00e9nitentiaire \u00e0 l&rsquo;aide d&rsquo;un&#8230; drone !<\/p>\n<p>La zone de d\u00e9collage de l&rsquo;appareil est rapidement d\u00e9termin\u00e9e \u00e0 une centaine de m\u00e8tres de la maison d&rsquo;arr\u00eat, dans le square Gaillard Loiselet.<\/p>\n<p>Lorsque les forces de l&rsquo;ordre arrivent sur place, elles rep\u00e8rent imm\u00e9diatement un jeune homme \u00e2g\u00e9 de 17 ans.<\/p>\n<p>Ce dernier transporte avec lui une bouteille plastique contenant un liquide transparent, une bobine de cordelette utilis\u00e9e pour parachuter le colis et une sacoche avec \u00e0 l&rsquo;int\u00e9rieur ce qui semble \u00eatre des stup\u00e9fiants.<\/p>\n<p>Alors que les policiers effectuent une palpation sur l&rsquo;individu et retrouvent sur lui une batterie de drone, deux autres personnes, dissimul\u00e9es derri\u00e8re des jeux d&rsquo;enfants, s&rsquo;enfuient \u00e0 l&rsquo;approche des agents.<\/p>\n<p>Les forces de l&rsquo;ordre se mettent alors \u00e0 leur poursuite et rattrapent dans un premier temps une femme \u00e2g\u00e9e de 23 ans. Un t\u00e9l\u00e9phone portable et la t\u00e9l\u00e9commande du drone sont retrouv\u00e9s sur elle.<\/p>\n<p>Plus loin, le troisi\u00e8me individu, un homme \u00e2g\u00e9 de 21 ans, est finalement interpell\u00e9 \u00e0 son tour. \u00c0 quelques m\u00e8tres de lui sont trouv\u00e9s \u00ab\u00a0deux t\u00e9l\u00e9phones portables, des batteries de drone et un carton de mortiers\u00a0\u00bb, indique la police de Seine-Maritime.<\/p>\n<p>Les trois personnes interpell\u00e9es ont \u00e9t\u00e9 plac\u00e9es en garde \u00e0 vue, le contenu du colis est quant \u00e0 lui inconnu pour l&rsquo;heure.<\/p>\n<p>L&rsquo;utilisation de ces appareils volants \u00e0 des fins criminelles est par ailleurs de plus en plus r\u00e9guli\u00e8re.<\/p>\n<p>Partout en France, les forces de l&rsquo;ordre sont confront\u00e9es au m\u00eame sc\u00e9nario : des drones survolent les maisons d&rsquo;arr\u00eat et les prisons dans l&rsquo;objectif de livrer un colis \u00e0 des d\u00e9tenus.\u00a0<\/p>\n<p>R\u00e9cemment, trois mineurs et un majeur ont \u00e9t\u00e9 interpell\u00e9s apr\u00e8s avoir tent\u00e9 d&rsquo;effectuer une livraison par les airs ce jeudi 21 ao\u00fbt \u00e0 <a href=\"https:\/\/www.sudouest.fr\/faits-divers\/faits-divers-dans-les-landes\/mont-de-marsan-quatre-hommes-interpelles-avec-drone-et-colis-autour-de-la-prison-25622086.php\" target=\"_blank\" rel=\"noopener nofollow\">Mont-de-Marsan<\/a> dans les Landes, ou encore \u00e0 <a href=\"https:\/\/www.ouest-france.fr\/societe\/faits-divers\/a-vannes-le-droniste-effectuait-ses-livraisons-en-prison-pour-200-euros-df4ee3a0-7e8c-11f0-a01f-a0b34f4aa520\" target=\"_blank\" rel=\"noopener nofollow\">Vannes<\/a> <a href=\"https:\/\/www.ouest-france.fr\/societe\/faits-divers\/a-vannes-le-droniste-effectuait-ses-livraisons-en-prison-pour-200-euros-df4ee3a0-7e8c-11f0-a01f-a0b34f4aa520\" target=\"_blank\" rel=\"noopener nofollow\">mardi 19 ao\u00fbt o\u00f9 deux hommes pilotant un drone au-dessus de la maison d&rsquo;arr\u00eat ont \u00e9t\u00e9 arr\u00eat\u00e9s.\u00a0<\/p>\n","protected":false},"excerpt":{"rendered":"Dans la nuit du 21 au 22 ao\u00fbt 2025, trois individus ont tent\u00e9 de livrer un colis au-dessus&hellip;\n","protected":false},"author":2,"featured_media":336024,"comment_status":"","ping_status":"","sticky":false,"template":"","format":"standard","meta":{"footnotes":""},"categories":[9587],"tags":[1111,11,1777,674,1011,27,12,5161,25,9590],"class_list":{"0":"post-336023","1":"post","2":"type-post","3":"status-publish","4":"format-standard","5":"has-post-thumbnail","7":"category-rouen","8":"tag-actu","9":"tag-actualites","10":"tag-eu","11":"tag-europe","12":"tag-fr","13":"tag-france","14":"tag-news","15":"tag-normandie","16":"tag-republique-francaise","17":"tag-rouen"},"share_on_mastodon":{"url":"https:\/\/pubeurope.com\/@fr\/115072079172464731","error":""},"_links":{"self":[{"href":"https:\/\/www.europesays.com\/fr\/wp-json\/wp\/v2\/posts\/336023","targetHints":{"allow":["GET"]}}],"collection":[{"href":"https:\/\/www.europesays.com\/fr\/wp-json\/wp\/v2\/posts"}],"about":[{"href":"https:\/\/www.europesays.com\/fr\/wp-json\/wp\/v2\/types\/post"}],"author":[{"embeddable":true,"href":"https:\/\/www.europesays.com\/fr\/wp-json\/wp\/v2\/users\/2"}],"replies":[{"embeddable":true,"href":"https:\/\/www.europesays.com\/fr\/wp-json\/wp\/v2\/comments?post=336023"}],"version-history":[{"count":0,"href":"https:\/\/www.europesays.com\/fr\/wp-json\/wp\/v2\/posts\/336023\/revisions"}],"wp:featuredmedia":[{"embeddable":true,"href":"https:\/\/www.europesays.com\/fr\/wp-json\/wp\/v2\/media\/336024"}],"wp:attachment":[{"href":"https:\/\/www.europesays.com\/fr\/wp-json\/wp\/v2\/media?parent=336023"}],"wp:term":[{"taxonomy":"category","embeddable":true,"href":"https:\/\/www.europesays.com\/fr\/wp-json\/wp\/v2\/categories?post=336023"},{"taxonomy":"post_tag","embeddable":true,"href":"https:\/\/www.europesays.com\/fr\/wp-json\/wp\/v2\/tags?post=336023"}],"curies":[{"name":"wp","href":"https:\/\/api.w.org\/{rel}","templated":true}]}}