{"id":336025,"date":"2025-08-22T11:05:16","date_gmt":"2025-08-22T11:05:16","guid":{"rendered":"https:\/\/www.europesays.com\/fr\/336025\/"},"modified":"2025-08-22T11:05:16","modified_gmt":"2025-08-22T11:05:16","slug":"la-victime-aurait-ete-percurtee-par-un-ou-plusieurs-vehicules-un-appel-a-temoins-lance","status":"publish","type":"post","link":"https:\/\/www.europesays.com\/fr\/336025\/","title":{"rendered":"\u00ab\u00a0la victime aurait \u00e9t\u00e9 percurt\u00e9e par un ou plusieurs v\u00e9hicules\u00a0\u00bb, un appel \u00e0 t\u00e9moins lanc\u00e9"},"content":{"rendered":"<p class=\"article__intro\">La police nationale lance un appel \u00e0 t\u00e9moins apr\u00e8s la d\u00e9couverte d\u2019un corps sur la rocade sud de Grenoble (Is\u00e8re), le dimanche 17 ao\u00fbt 2025, en amont de la sortie 5, direction Eybens. \u00ab\u00a0La victime aurait \u00e9t\u00e9 percut\u00e9e par un ou plusieurs v\u00e9hicules et aurait succomb\u00e9 \u00e0 ses blessures sur place\u00a0\u00bb, selon les forces de l&rsquo;ordre.<\/p>\n<p>\n      La Quotidienne Soci\u00e9t\u00e9\n    <\/p>\n<p>\n      De la vie quotidienne aux grands enjeux, recevez tous les jours les sujets qui font la soci\u00e9t\u00e9 locale, comme la justice, l\u2019\u00e9ducation, la sant\u00e9 et la famille.\n    <\/p>\n<p>    France T\u00e9l\u00e9visions utilise votre adresse e-mail afin de vous envoyer la newsletter \u00ab\u00a0La Quotidienne Soci\u00e9t\u00e9\u00a0\u00bb. Vous pouvez vous d\u00e9sinscrire \u00e0 tout moment via le lien en bas de cette newsletter. <a target=\"_blank\" href=\"https:\/\/www.francetelevisions.fr\/groupe\/confidentialite\/politique-de-confidentialite\/politique-de-confidentialite-de-france-televisions-6503\" rel=\"nofollow noopener\">Notre politique de confidentialit\u00e9<\/a><\/p>\n<p>Le corps de la victime avait \u00e9t\u00e9 retrouv\u00e9 aux alentours de 6h15, au pied d\u2019un pont sur la rocade sud de Grenoble, le 17 ao\u00fbt 2025. <\/p>\n<p>Depuis, la police tente d\u2019\u00e9tablir les circonstances de ce drame et de retrouver des t\u00e9moins potentiels de cet accident mortel.\u00a0<\/p>\n<p>La victime a \u00ab\u00a0probablement chut\u00e9 du pont, situ\u00e9 avenue Marcel Cachin reliant Saint-Martin-D\u2019H\u00e8res \u00e0 Poissat\u00a0\u00bb, explique la police nationale dans un appel \u00e0 t\u00e9moins. \u00a0<\/p>\n<blockquote class=\"ftvi_content_quote\">\n<p class=\"ftvi_citation_quote\">La victime aurait \u00e9t\u00e9 percut\u00e9e par un ou plusieurs v\u00e9hicules et aurait succomb\u00e9 \u00e0 ses blessures sur place.\u00a0<\/p>\n<p>La police nationale<\/p>\n<p class=\"ftvi_citation_source\">dans un appel \u00e0 t\u00e9moins<\/p>\n<\/blockquote>\n<p>\u00ab\u00a0Cet accident survenait, avec ou sans tiers en cause, entre 05h40 et 06h05, sur la rocade sud N87 sens Chamb\u00e9ry vers Lyon, en amont de la sortie 5 &lsquo;Eybens'\u00a0\u00bb. Si vous d\u00e9tenez des informations, contactez l\u2019h\u00f4tel de police de Grenoble au 04 76 60 40 40.<\/p><\/p>\n","protected":false},"excerpt":{"rendered":"La police nationale lance un appel \u00e0 t\u00e9moins apr\u00e8s la d\u00e9couverte d\u2019un corps sur la rocade sud de&hellip;\n","protected":false},"author":2,"featured_media":336026,"comment_status":"","ping_status":"","sticky":false,"template":"","format":"standard","meta":{"footnotes":""},"categories":[9566],"tags":[1111,11,2430,1777,674,1011,27,2731,12,25],"class_list":{"0":"post-336025","1":"post","2":"type-post","3":"status-publish","4":"format-standard","5":"has-post-thumbnail","7":"category-grenoble","8":"tag-actu","9":"tag-actualites","10":"tag-auvergne-rhone-alpes","11":"tag-eu","12":"tag-europe","13":"tag-fr","14":"tag-france","15":"tag-grenoble","16":"tag-news","17":"tag-republique-francaise"},"share_on_mastodon":{"url":"https:\/\/pubeurope.com\/@fr\/115072094988539894","error":""},"_links":{"self":[{"href":"https:\/\/www.europesays.com\/fr\/wp-json\/wp\/v2\/posts\/336025","targetHints":{"allow":["GET"]}}],"collection":[{"href":"https:\/\/www.europesays.com\/fr\/wp-json\/wp\/v2\/posts"}],"about":[{"href":"https:\/\/www.europesays.com\/fr\/wp-json\/wp\/v2\/types\/post"}],"author":[{"embeddable":true,"href":"https:\/\/www.europesays.com\/fr\/wp-json\/wp\/v2\/users\/2"}],"replies":[{"embeddable":true,"href":"https:\/\/www.europesays.com\/fr\/wp-json\/wp\/v2\/comments?post=336025"}],"version-history":[{"count":0,"href":"https:\/\/www.europesays.com\/fr\/wp-json\/wp\/v2\/posts\/336025\/revisions"}],"wp:featuredmedia":[{"embeddable":true,"href":"https:\/\/www.europesays.com\/fr\/wp-json\/wp\/v2\/media\/336026"}],"wp:attachment":[{"href":"https:\/\/www.europesays.com\/fr\/wp-json\/wp\/v2\/media?parent=336025"}],"wp:term":[{"taxonomy":"category","embeddable":true,"href":"https:\/\/www.europesays.com\/fr\/wp-json\/wp\/v2\/categories?post=336025"},{"taxonomy":"post_tag","embeddable":true,"href":"https:\/\/www.europesays.com\/fr\/wp-json\/wp\/v2\/tags?post=336025"}],"curies":[{"name":"wp","href":"https:\/\/api.w.org\/{rel}","templated":true}]}}