{"id":336029,"date":"2025-08-22T11:07:27","date_gmt":"2025-08-22T11:07:27","guid":{"rendered":"https:\/\/www.europesays.com\/fr\/336029\/"},"modified":"2025-08-22T11:07:27","modified_gmt":"2025-08-22T11:07:27","slug":"harder-en-passe-de-succeder-a-kalimuendo","status":"publish","type":"post","link":"https:\/\/www.europesays.com\/fr\/336029\/","title":{"rendered":"Harder en passe de succ\u00e9der \u00e0 Kalimuendo"},"content":{"rendered":"<p class=\"date\">\n                                                            Juba Touabi, Media365, publi\u00e9 le vendredi 22 ao\u00fbt 2025 \u00e0 09h54\n                                                    <\/p>\n<p>Le Stade Rennais s&rsquo;appr\u00eate \u00e0 enregistrer une recrue de poids en attaque.<\/p>\n<p>Selon les informations de Ouest-France, le club breton serait sur le point de trouver un accord avec le Sporting CP pour le transfert de Conrad Harder, jeune attaquant danois de 20 ans. Montant de l&rsquo;op\u00e9ration : environ 20 millions d&rsquo;euros. R\u00e9v\u00e9l\u00e9 au FC Nordsjaelland, le jeune buteur avait rejoint le Sporting en 2024 pour 19 millions d&rsquo;euros. Utilis\u00e9 comme doublure de Viktor Gy\u00f6keres, il a su tirer son \u00e9pingle du jeu la saison derni\u00e8re. Ses performances t\u00e9moignent d&rsquo;un potentiel certain, qui a attir\u00e9 l&rsquo;attention de plusieurs clubs europ\u00e9ens durant ce march\u00e9 des transferts estival.<\/p>\n<p>Harder a donn\u00e9 son accord<\/p>\n<p>Courtis\u00e9 notamment par l&rsquo;AC Milan, Conrad Harder aurait finalement choisi le Stade Rennais, s\u00e9duit par le projet sportif et la perspective d&rsquo;un r\u00f4le majeur dans l&rsquo;effectif. Il aurait d&rsquo;ores et d\u00e9j\u00e0 donn\u00e9 son accord \u00e0 la formation rennaise. Le d\u00e9part d&rsquo;Arnaud Kalimuendo vers Nottingham Forest pour 30 millions d&rsquo;euros a lib\u00e9r\u00e9 une place de titulaire que le Danois pourrait occuper cette saison au sein de l&rsquo;effectif breton.<\/p>\n<p>En parall\u00e8le, Rennes continue de suivre le dossier Esteban Lepaul (Angers), mais les exigences financi\u00e8res du SCO, sup\u00e9rieures \u00e0 15 millions d&rsquo;euros, freinent les n\u00e9gociations. Le club breton ne pr\u00e9voit de recruter qu&rsquo;un seul avant-centre : l&rsquo;arriv\u00e9e de Conrad Harder mettrait ainsi un terme \u00e0 la piste menant \u00e0 l&rsquo;attaquant angevin. Sauf rebondissement dans le secteur offensif, le recrutement rennais semble donc proche de conna\u00eetre une avanc\u00e9e d\u00e9cisive avec l&rsquo;arriv\u00e9e imminente de l&rsquo;international Espoirs danois en Bretagne.<\/p>\n","protected":false},"excerpt":{"rendered":"Juba Touabi, Media365, publi\u00e9 le vendredi 22 ao\u00fbt 2025 \u00e0 09h54 Le Stade Rennais s&rsquo;appr\u00eate \u00e0 enregistrer une&hellip;\n","protected":false},"author":2,"featured_media":336030,"comment_status":"","ping_status":"","sticky":false,"template":"","format":"standard","meta":{"footnotes":""},"categories":[2821],"tags":[1111,11,829,1777,674,1011,27,12,584,25],"class_list":{"0":"post-336029","1":"post","2":"type-post","3":"status-publish","4":"format-standard","5":"has-post-thumbnail","7":"category-rennes","8":"tag-actu","9":"tag-actualites","10":"tag-bretagne","11":"tag-eu","12":"tag-europe","13":"tag-fr","14":"tag-france","15":"tag-news","16":"tag-rennes","17":"tag-republique-francaise"},"share_on_mastodon":{"url":"https:\/\/pubeurope.com\/@fr\/115072102872581736","error":""},"_links":{"self":[{"href":"https:\/\/www.europesays.com\/fr\/wp-json\/wp\/v2\/posts\/336029","targetHints":{"allow":["GET"]}}],"collection":[{"href":"https:\/\/www.europesays.com\/fr\/wp-json\/wp\/v2\/posts"}],"about":[{"href":"https:\/\/www.europesays.com\/fr\/wp-json\/wp\/v2\/types\/post"}],"author":[{"embeddable":true,"href":"https:\/\/www.europesays.com\/fr\/wp-json\/wp\/v2\/users\/2"}],"replies":[{"embeddable":true,"href":"https:\/\/www.europesays.com\/fr\/wp-json\/wp\/v2\/comments?post=336029"}],"version-history":[{"count":0,"href":"https:\/\/www.europesays.com\/fr\/wp-json\/wp\/v2\/posts\/336029\/revisions"}],"wp:featuredmedia":[{"embeddable":true,"href":"https:\/\/www.europesays.com\/fr\/wp-json\/wp\/v2\/media\/336030"}],"wp:attachment":[{"href":"https:\/\/www.europesays.com\/fr\/wp-json\/wp\/v2\/media?parent=336029"}],"wp:term":[{"taxonomy":"category","embeddable":true,"href":"https:\/\/www.europesays.com\/fr\/wp-json\/wp\/v2\/categories?post=336029"},{"taxonomy":"post_tag","embeddable":true,"href":"https:\/\/www.europesays.com\/fr\/wp-json\/wp\/v2\/tags?post=336029"}],"curies":[{"name":"wp","href":"https:\/\/api.w.org\/{rel}","templated":true}]}}