{"id":336031,"date":"2025-08-22T11:08:08","date_gmt":"2025-08-22T11:08:08","guid":{"rendered":"https:\/\/www.europesays.com\/fr\/336031\/"},"modified":"2025-08-22T11:08:08","modified_gmt":"2025-08-22T11:08:08","slug":"un-parcours-inspire-de-ninja-warrior-present-cette-annee","status":"publish","type":"post","link":"https:\/\/www.europesays.com\/fr\/336031\/","title":{"rendered":"un parcours inspir\u00e9 de Ninja warrior pr\u00e9sent cette ann\u00e9e"},"content":{"rendered":"<p>            Par<br \/>\n        <strong><br \/>\n            <a href=\"https:\/\/actu.fr\/auteur\/ivan-capecchi\" title=\"Consulter tous les articles de Ivan CAPECCHI\" rel=\"nofollow noopener\" target=\"_blank\">Ivan CAPECCHI<\/a><br \/>\n        <\/strong><\/p>\n<p>        Publi\u00e9 le<\/p>\n<p>            22 ao\u00fbt 2025 \u00e0 12h36        <\/p>\n<p>La <a href=\"https:\/\/actu.fr\/grand-est\/strasbourg_67482\/foire-europeenne-de-strasbourg-nouveautes-theme-programme-on-vous-devoile-l-edition-2025_62733360.html\" rel=\"nofollow noopener\" target=\"_blank\">Foire europ\u00e9enne de Strasbourg<\/a> sera de retour du <strong>5 au 14\u00a0septembre 2025<\/strong>, au <strong>parc des expositions du Wacken<\/strong>. Parmi les nouveaut\u00e9s de cette 93\u1d49 \u00e9dition\u2009: l\u2019\u00ab<strong>\u2009Ultimate ninja challenge<\/strong>\u2009\u00bb, un parcours imagin\u00e9 par un finaliste de l\u2019\u00e9mission <strong>Ninja warrior<\/strong>, un jeu t\u00e9l\u00e9vis\u00e9 o\u00f9 des concurrents doivent franchir un parcours d\u2019obstacles exigeant. Pour la foire, <strong>deux parcours<\/strong> distincts seront install\u00e9s, l\u2019un pour les <a href=\"https:\/\/actu.fr\/tag\/enfants\" rel=\"nofollow noopener\" target=\"_blank\">enfants<\/a>, l\u2019autre pour les adultes, autour d\u2019\u00e9preuves d\u2019\u00e9quilibre et d\u2019agilit\u00e9.<\/p>\n<p>Foire europ\u00e9enne 2025\u00a0: la musique mise \u00e0 l\u2019honneur<\/p>\n<p class=\" wall-content\">Au rang des nouveaut\u00e9s toujours, les organisateurs de la foire annoncent des <a href=\"https:\/\/actu.fr\/loisirs-culture\/concert\" rel=\"nofollow noopener\" target=\"_blank\">concerts<\/a> chaque soir jusqu\u2019\u00e0 minuit, la participation, le 6\u00a0septembre, du <strong>chanteur Robin Leon<\/strong> \u00e0 la <strong>Septemberfescht<\/strong>, une soir\u00e9e festive inspir\u00e9e des traditions bavaroises ou encore la pr\u00e9sence du groupe <strong>Gold<\/strong> pour la soir\u00e9e de cl\u00f4ture du 13\u00a0septembre.<\/p>\n<p>Une exposition consacr\u00e9e \u00e0 l\u2019Irlande<\/p>\n<p class=\" wall-content\">Une <strong>exposition de 1\u2009200 m\u00b2<\/strong> sera par ailleurs consacr\u00e9e \u00e0 <strong>l\u2019Irlande<\/strong>.<\/p>\n<p class=\" wall-content\">Le tarif d\u2019entr\u00e9e est fix\u00e9 \u00e0 <strong>5\u00a0euros<\/strong> pour toute la dur\u00e9e de la <a href=\"https:\/\/actu.fr\/tag\/manifestations\" rel=\"nofollow noopener\" target=\"_blank\">manifestation<\/a>. L\u2019acc\u00e8s est gratuit pour les moins de 12\u00a0ans, les seniors et les personnes en situation de handicap.<\/p>\n<p class=\" wall-content\">Personnalisez votre actualit\u00e9 en ajoutant vos villes et m\u00e9dias en favori avec <a href=\"https:\/\/moncompte.actu.fr\" title=\"D\u00e9couvez Mon Actu\" rel=\"nofollow noopener\" data-trk=\"{&quot;cta&quot;:{&quot;action&quot;:&quot;https:\\\/\\\/moncompte.actu.fr&quot;,&quot;category&quot;:&quot;mon compte&quot;,&quot;from&quot;:&quot;article footer&quot;,&quot;name&quot;:&quot;Mon actu&quot;,&quot;type&quot;:&quot;cta&quot;}}\" target=\"_blank\">Mon Actu<\/a>.<\/p>\n","protected":false},"excerpt":{"rendered":"Par Ivan CAPECCHI Publi\u00e9 le 22 ao\u00fbt 2025 \u00e0 12h36 La Foire europ\u00e9enne de Strasbourg sera de retour&hellip;\n","protected":false},"author":2,"featured_media":336032,"comment_status":"","ping_status":"","sticky":false,"template":"","format":"standard","meta":{"footnotes":""},"categories":[2820],"tags":[1111,11,1063,1697,1719,1777,674,1011,27,775,1652,12,25,640],"class_list":{"0":"post-336031","1":"post","2":"type-post","3":"status-publish","4":"format-standard","5":"has-post-thumbnail","7":"category-strasbourg","8":"tag-actu","9":"tag-actualites","10":"tag-animations","11":"tag-concert","12":"tag-enfants","13":"tag-eu","14":"tag-europe","15":"tag-fr","16":"tag-france","17":"tag-grand-est","18":"tag-loisirs-culture","19":"tag-news","20":"tag-republique-francaise","21":"tag-strasbourg"},"share_on_mastodon":{"url":"https:\/\/pubeurope.com\/@fr\/115072106778233768","error":""},"_links":{"self":[{"href":"https:\/\/www.europesays.com\/fr\/wp-json\/wp\/v2\/posts\/336031","targetHints":{"allow":["GET"]}}],"collection":[{"href":"https:\/\/www.europesays.com\/fr\/wp-json\/wp\/v2\/posts"}],"about":[{"href":"https:\/\/www.europesays.com\/fr\/wp-json\/wp\/v2\/types\/post"}],"author":[{"embeddable":true,"href":"https:\/\/www.europesays.com\/fr\/wp-json\/wp\/v2\/users\/2"}],"replies":[{"embeddable":true,"href":"https:\/\/www.europesays.com\/fr\/wp-json\/wp\/v2\/comments?post=336031"}],"version-history":[{"count":0,"href":"https:\/\/www.europesays.com\/fr\/wp-json\/wp\/v2\/posts\/336031\/revisions"}],"wp:featuredmedia":[{"embeddable":true,"href":"https:\/\/www.europesays.com\/fr\/wp-json\/wp\/v2\/media\/336032"}],"wp:attachment":[{"href":"https:\/\/www.europesays.com\/fr\/wp-json\/wp\/v2\/media?parent=336031"}],"wp:term":[{"taxonomy":"category","embeddable":true,"href":"https:\/\/www.europesays.com\/fr\/wp-json\/wp\/v2\/categories?post=336031"},{"taxonomy":"post_tag","embeddable":true,"href":"https:\/\/www.europesays.com\/fr\/wp-json\/wp\/v2\/tags?post=336031"}],"curies":[{"name":"wp","href":"https:\/\/api.w.org\/{rel}","templated":true}]}}