{"id":336037,"date":"2025-08-22T11:11:12","date_gmt":"2025-08-22T11:11:12","guid":{"rendered":"https:\/\/www.europesays.com\/fr\/336037\/"},"modified":"2025-08-22T11:11:12","modified_gmt":"2025-08-22T11:11:12","slug":"8-declas-pour-lancer-le-match","status":"publish","type":"post","link":"https:\/\/www.europesays.com\/fr\/336037\/","title":{"rendered":"8 d\u00e9clas pour lancer le match\u00a0!"},"content":{"rendered":"<p>\n                    Nice \u2013 Auxerre<\/p>\n<p class=\"accroche\">Ce samedi, le Gym re\u00e7oit Auxerre lors de la 2\u00e8me journ\u00e9e de L1 (coup d\u2019envoi \u00e0 19h). Voici 8 d\u00e9clarations tir\u00e9es du passage devant la presse de Franck Haise et Y\u00e9hvann Diouf.<\/p>\n<p>Franck Haise<\/p>\n<p>\u00ab\u00a0Kevin (Carlos) ? Ils peuvent avoir certaines similitudes avec Terem. Il a une force, une capacit\u00e9 d\u2019appui, d&rsquo;ancrage. Il attaque la profondeur et il est tr\u00e8s attir\u00e9 par le but. Il aime \u00eatre aux abords de la surface. Il nous apportera dans le domaine a\u00e9rien. J\u2019attends un attaquant combatif, engag\u00e9, d\u00e9termin\u00e9. Il est pr\u00eat \u00e0 commencer un match.\u00a0\u00bb<\/p>\n<p>\u00ab\u00a0Salis (Abdul Samed) a fait toute la pr\u00e9paration. Il est en capacit\u00e9 de commencer un match, il nous l&rsquo;a montr\u00e9 cette semaine et depuis qu&rsquo;il est arriv\u00e9. Quand on n&rsquo;a pas de match (dans les jambes), c&rsquo;est plus sur les courses \u00e0 haute intensit\u00e9 qu&rsquo;il peut y avoir un d\u00e9ficit. Mais le profil du poste est diff\u00e9rent\u00a0: dans un double pivot, c&rsquo;est potentiellement le milieu qui est le moins \u00e0 m\u00eame de se projeter. Il y a moins de courses \u00e0 haute intensit\u00e9 ou \u00e0 tr\u00e8s haute intensit\u00e9 donc c&rsquo;est un peu moins probl\u00e9matique.\u00a0\u00bb<\/p>\n<p>\u00ab\u00a0La r\u00e9union avec les supporters\u00a0? Elle \u00e9tait tr\u00e8s, tr\u00e8s bien. C&rsquo;est toujours bien d&rsquo;avoir des \u00e9changes \u00e0 la fois transparents et honn\u00eates, o\u00f9 tout le monde peut s&rsquo;exprimer, pour comprendre la r\u00e9alit\u00e9 du club actuellement. On a toujours une ambition de se battre pour le top 7, de vivre des belles choses en Coupe d&rsquo;Europe et en Coupe de France, mais avec des moyens qui sont diff\u00e9rents, c&rsquo;est tout. Et quand on est au clair et que tout le monde est au clair, c&rsquo;est plus simple de comprendre les difficult\u00e9s qu&rsquo;il peut y avoir pour les uns ou les autres. \u00bb<\/p>\n<p>\u00ab\u00a0Ce que j\u2019attends de mon \u00e9quipe contre Auxerre, c\u2019est qu\u2019elle soit plus combative, courageuse et joueuse, d\u00e8s le d\u00e9part et jusqu&rsquo;\u00e0 la fin. Il faut qu\u2019on se cr\u00e9e encore plus d\u2019occasions en ayant peut-\u00eatre plus de courage et en mettant plus de monde dans la surface, afin d\u2019aller chercher la victoire.\u00a0\u00bb<\/p>\n<p>\u00ab\u00a0Boga ? Je ne peux surtout pas dire qu\u2019il n&rsquo;\u00e9tait pas impliqu\u00e9. Il a fait sa pr\u00e9paration, avec certainement une possibilit\u00e9 de bouger. Ces derni\u00e8res semaines, il est clairement mont\u00e9 d&rsquo;un ou deux cran(s). Que ce soit sur les entr\u00e9es ou sur les entra\u00eenements. On conna\u00eet la qualit\u00e9 de Jeremie et ses points forts. Il fait partie de ces joueurs qui sont capables d&rsquo;amener un coup de booster dans l&rsquo;\u00e9quipe. \u00bb<\/p>\n<p>Y\u00e9hvann Diouf<\/p>\n<p>\u00ab\u00a0Mes d\u00e9buts\u00a0? Ce n\u2019est pas forc\u00e9ment l\u2019id\u00e9al, avec trois matchs et trois d\u00e9faites. Le foot va vite, une saison est remplie de hauts et de bas. \u00c0 nous de faire en sorte que les bas durent le moins longtemps possible et qu&rsquo;il y ait beaucoup plus de hauts que de bas lors de cette saison. \u00bb<\/p>\n<p>\u00ab\u00a0Sur un plan personnel, je ne suis pas inquiet. Je d\u00e9couvre un nouveau club, un nouveau statut, les comp\u00e9titions europ\u00e9ennes. Il va falloir vite se mettre dans le bain, vite s&rsquo;adapter et puis \u00e9voluer. \u00bb<\/p>\n<p>\u00ab\u00a0Jouer \u00e0 domicile, c\u2019est toujours une chance. L\u2019Allianz Riviera est un tr\u00e8s beau stade. Il y a la ferveur, une belle pelouse. Je sens l\u2019ambiance pendant 90 minutes derri\u00e8re moi. Je m\u2019y sens plut\u00f4t \u00e0 l&rsquo;aise et j&rsquo;ai h\u00e2te d&rsquo;y rejouer ce week-end.\u00a0\u00bb<\/p>\n","protected":false},"excerpt":{"rendered":"Nice \u2013 Auxerre Ce samedi, le Gym re\u00e7oit Auxerre lors de la 2\u00e8me journ\u00e9e de L1 (coup d\u2019envoi&hellip;\n","protected":false},"author":2,"featured_media":336038,"comment_status":"","ping_status":"","sticky":false,"template":"","format":"standard","meta":{"footnotes":""},"categories":[2819],"tags":[1111,11,1777,674,1011,27,12,2401,882,25],"class_list":{"0":"post-336037","1":"post","2":"type-post","3":"status-publish","4":"format-standard","5":"has-post-thumbnail","7":"category-nice","8":"tag-actu","9":"tag-actualites","10":"tag-eu","11":"tag-europe","12":"tag-fr","13":"tag-france","14":"tag-news","15":"tag-nice","16":"tag-provence-alpes-cote-dazur","17":"tag-republique-francaise"},"share_on_mastodon":{"url":"https:\/\/pubeurope.com\/@fr\/115072118599633629","error":""},"_links":{"self":[{"href":"https:\/\/www.europesays.com\/fr\/wp-json\/wp\/v2\/posts\/336037","targetHints":{"allow":["GET"]}}],"collection":[{"href":"https:\/\/www.europesays.com\/fr\/wp-json\/wp\/v2\/posts"}],"about":[{"href":"https:\/\/www.europesays.com\/fr\/wp-json\/wp\/v2\/types\/post"}],"author":[{"embeddable":true,"href":"https:\/\/www.europesays.com\/fr\/wp-json\/wp\/v2\/users\/2"}],"replies":[{"embeddable":true,"href":"https:\/\/www.europesays.com\/fr\/wp-json\/wp\/v2\/comments?post=336037"}],"version-history":[{"count":0,"href":"https:\/\/www.europesays.com\/fr\/wp-json\/wp\/v2\/posts\/336037\/revisions"}],"wp:featuredmedia":[{"embeddable":true,"href":"https:\/\/www.europesays.com\/fr\/wp-json\/wp\/v2\/media\/336038"}],"wp:attachment":[{"href":"https:\/\/www.europesays.com\/fr\/wp-json\/wp\/v2\/media?parent=336037"}],"wp:term":[{"taxonomy":"category","embeddable":true,"href":"https:\/\/www.europesays.com\/fr\/wp-json\/wp\/v2\/categories?post=336037"},{"taxonomy":"post_tag","embeddable":true,"href":"https:\/\/www.europesays.com\/fr\/wp-json\/wp\/v2\/tags?post=336037"}],"curies":[{"name":"wp","href":"https:\/\/api.w.org\/{rel}","templated":true}]}}