{"id":336039,"date":"2025-08-22T11:12:09","date_gmt":"2025-08-22T11:12:09","guid":{"rendered":"https:\/\/www.europesays.com\/fr\/336039\/"},"modified":"2025-08-22T11:12:09","modified_gmt":"2025-08-22T11:12:09","slug":"nouvelle-agression-homophobe-a-nantes","status":"publish","type":"post","link":"https:\/\/www.europesays.com\/fr\/336039\/","title":{"rendered":"nouvelle agression homophobe \u00e0 Nantes"},"content":{"rendered":"<p>            Par<br \/>\n        <strong><br \/>\n            <a href=\"https:\/\/actu.fr\/auteur\/clemence-pays02-actu-fr\" title=\"Consulter tous les articles de Cl\u00e9mence Pays\" rel=\"nofollow noopener\" target=\"_blank\">Cl\u00e9mence Pays<\/a><br \/>\n        <\/strong><\/p>\n<p>        Publi\u00e9 le<\/p>\n<p>            22 ao\u00fbt 2025 \u00e0 12h28        <\/p>\n<p>Les faits se sont d\u00e9roul\u00e9s mercredi 20 ao\u00fbt 2025, \u00ab\u2009entre 1h et 3h\u2009\u00bb, annonce aupr\u00e8s d\u2019actu Nantes la Direction interd\u00e9partementale de la Police nationale (DIPN 44). Un homme a \u00e9t\u00e9 victime d\u2019une<strong> violente agression dans le parc de la Crapaudine,<\/strong> entre le quartier Saint-Jacques et Clos Toreau, \u00e0 Nantes. Une <strong>attaque homophobe<\/strong> qui conduit les forces de l\u2019ordre \u00e0 r\u00e9it\u00e9rer leur appel \u00ab\u2009\u00e0 la plus grande vigilance\u2009\u00bb.<\/p>\n<p>Une agression tr\u00e8s choquante<\/p>\n<p class=\" wall-content\">\u00ab\u2009Un <strong>homme d\u2019une quarantaine d\u2019ann\u00e9es<\/strong> a donn\u00e9 rendez-vous \u00e0 un autre homme avec qui il \u00e9changeait sur l\u2019application Grindr\u2009\u00bb, explique la DIPN 44. Malheureusement, arriv\u00e9e au parc de la Crapaudine \u2013 lieu de rendez-vous choisi pour cette rencontre \u2013 <strong>deux personnes se sont pr\u00e9sent\u00e9es<\/strong> face \u00e0 la victime. \u00ab\u2009Elles avaient le<strong> visage dissimul\u00e9<\/strong> et ont <strong>attach\u00e9<\/strong> et <strong>d\u00e9pouill\u00e9<\/strong> la victime.\u2009\u00bb Cette derni\u00e8re a \u00e9galement re\u00e7u des coups.<\/p>\n<blockquote class=\"ac-article-quote wall-content\">\n<p>La victime est bless\u00e9e l\u00e9g\u00e8rement, avec quelques h\u00e9matomes. Elle est surtout tr\u00e8s choqu\u00e9e apr\u00e8s avoir \u00e9t\u00e9 ligot\u00e9e.<\/p>\n<p>    <strong>Source polici\u00e8re<\/strong>\n            <\/p><\/blockquote>\n<p>Une recrudescence des faits<\/p>\n<p class=\" wall-content\"><strong>\u00ab\u2009On s\u2019inqui\u00e8te de la recrudescence des faits,<\/strong> confie la DIPN. \u00c0 chaque fois, ce sont des faits rapides et violents.\u2009\u00bb<\/p>\n<p class=\" wall-content\">En effet, depuis le d\u00e9but de l\u2019\u00e9t\u00e9, les agressions homophobes s\u2019encha\u00eenent. D\u2019abord en juillet, au parc du Crapa, sur l\u2019\u00eele Beaulieu, o\u00f9 <a href=\"https:\/\/actu.fr\/pays-de-la-loire\/nantes_44109\/huit-hommes-homosexuels-agresses-dans-un-parc-a-nantes-un-suspect-arrete_62941914.html\" rel=\"nofollow noopener\" target=\"_blank\">huit hommes ont subi des violences et vols<\/a>. <a href=\"https:\/\/actu.fr\/pays-de-la-loire\/nantes_44109\/agression-dans-un-parc-a-nantes-il-prend-rendez-vous-sur-grindr-et-tombe-dans-un-piege_62965027.html\" rel=\"nofollow noopener\" target=\"_blank\">Une plainte avait \u00e9galement \u00e9t\u00e9 d\u00e9pos\u00e9e apr\u00e8s des faits similaires commis dans le parc de la Roseraie<\/a>. D\u00e9but ao\u00fbt, <a href=\"https:\/\/actu.fr\/pays-de-la-loire\/reze_44143\/blesse-choque-apres-la-serie-d-agressions-homophobes-a-nantes-un-nouveau-get-apens-tendu-dans-un-parc_63008280.html\" rel=\"nofollow noopener\" target=\"_blank\">un guet-apens avait \u00e9t\u00e9 tendu \u00e0 Rez\u00e9, au parc de Praud<\/a>. \u00ab\u2009Une premi\u00e8re agression avait d\u00e9j\u00e0 eu lieu dans ce parc\u2009\u00bb, souligne la DIPN 44.<\/p>\n<blockquote class=\"ac-article-quote wall-content\">\n<p>\u00c0 chaque fois, ces agressions ont eu lieu apr\u00e8s des \u00e9changes sur trois applications : Grindr, Snapchat et Tinder.<\/p>\n<p>    <strong>Source polici\u00e8re<\/strong>\n            <\/p><\/blockquote>\n<p>Votre r\u00e9gion, votre actu !<\/p>\n<p>Recevez chaque jour les infos qui comptent pour vous.<\/p>\n<p>\t<a href=\"https:\/\/actu.fr\/newsletter\" class=\"ac-btn ac-btn--corner ac-btn--medium ac-btn--blue800\" rel=\"nofollow noopener\" target=\"_blank\">S&rsquo;incrire<\/a><\/p>\n<p class=\" wall-content\">Avec l\u2019agression survenue au parc de la Crapaudine, c\u2019est <strong>un nouveau lieu qui s\u2019ajoute<\/strong> \u00e0 cette liste. \u00ab\u2009Il n\u2019\u00e9tait <strong>pas connu pour \u00eatre un lieu de rencontre<\/strong> nocturne.\u2009\u00bb D\u00e9j\u00e0 mobilis\u00e9es sur le terrain o\u00f9 ont eu lieu les premi\u00e8res agressions, \u00ab\u2009la Bac et la BST vont aussi patrouiller au parc de la Crapaudine\u2009\u00bb, annoncent les forces de l\u2019ordre.<\/p>\n<p>Des interpellations difficiles<\/p>\n<p class=\" wall-content\">Interrog\u00e9e sur les responsables de ces violences, la police indique qu\u2019il s\u2019agit \u00ab\u2009d\u2019<strong>individus diff\u00e9rents<\/strong> \u00e9tant donn\u00e9 qu\u2019il y a eu des interpellations et une personne incarc\u00e9r\u00e9e\u2009\u00bb.<\/p>\n<p class=\" wall-content\">Toutefois, ces arrestations ne sont pas \u00e9videntes, les agresseurs dissimulant parfois leur visage. \u00ab\u2009C\u2019est aussi<strong> difficile pour les victimes de pr\u00e9venir la police<\/strong> comme elles n\u2019ont plus de t\u00e9l\u00e9phone apr\u00e8s avoir \u00e9t\u00e9 d\u00e9pouill\u00e9es.\u2009\u00bb Le temps de contacter les forces de l\u2019ordre, les agresseurs sont souvent d\u00e9j\u00e0 loin.<\/p>\n<p class=\" wall-content\">\u00ab\u2009Nos services judiciaire et de terrain sont tr\u00e8s mobilis\u00e9s\u2009\u00bb, assure la DIPN 44, qui ajoute que les<strong> services cyber<\/strong> sont \u00e9galement \u00e0 pied d\u2019\u0153uvre. \u00ab\u2009Mais les serveurs [des applications, N.D.L.R.] ne sont pas en France\u2009\u00bb, ce qui ne facilite pas les recherches.<\/p>\n<p>Les r\u00e9flexes \u00e0 adopter<\/p>\n<p class=\" wall-content\">Une nouvelle fois, les forces de l\u2019ordre invitent les utilisateurs de ces applications \u00e0 \u00ab\u2009s\u2019assurer que la personne qui se pr\u00e9sente au rendez-vous est<strong> bien celle des photos\u2009\u00bb.<\/strong> Il est \u00e9galement conseill\u00e9 de <strong>pr\u00e9venir un proche<\/strong> du rendez-vous et de sa dur\u00e9e estim\u00e9e, afin de pouvoir contacter le 17 en cas de besoin.<\/p>\n<p class=\" wall-content\">Enfin, il vaut mieux \u00e9viter de fixer des rendez-vous dans des <strong>lieux non \u00e9clair\u00e9s et isol\u00e9s.<\/strong><\/p>\n<p class=\" wall-content\">Personnalisez votre actualit\u00e9 en ajoutant vos villes et m\u00e9dias en favori avec <a href=\"https:\/\/moncompte.actu.fr\" title=\"D\u00e9couvez Mon Actu\" rel=\"nofollow noopener\" data-trk=\"{&quot;cta&quot;:{&quot;action&quot;:&quot;https:\\\/\\\/moncompte.actu.fr&quot;,&quot;category&quot;:&quot;mon compte&quot;,&quot;from&quot;:&quot;article footer&quot;,&quot;name&quot;:&quot;Mon actu&quot;,&quot;type&quot;:&quot;cta&quot;}}\" target=\"_blank\">Mon Actu<\/a>.<\/p>\n","protected":false},"excerpt":{"rendered":"Par Cl\u00e9mence Pays Publi\u00e9 le 22 ao\u00fbt 2025 \u00e0 12h28 Les faits se sont d\u00e9roul\u00e9s mercredi 20 ao\u00fbt&hellip;\n","protected":false},"author":2,"featured_media":336040,"comment_status":"","ping_status":"","sticky":false,"template":"","format":"standard","meta":{"footnotes":""},"categories":[2818],"tags":[1111,11,1777,674,118,1011,27,8717,9087,766,12,2636,1072,25],"class_list":{"0":"post-336039","1":"post","2":"type-post","3":"status-publish","4":"format-standard","5":"has-post-thumbnail","7":"category-nantes","8":"tag-actu","9":"tag-actualites","10":"tag-eu","11":"tag-europe","12":"tag-faits-divers","13":"tag-fr","14":"tag-france","15":"tag-homophobie","16":"tag-lgbt","17":"tag-nantes","18":"tag-news","19":"tag-pays-de-la-loire","20":"tag-police","21":"tag-republique-francaise"},"share_on_mastodon":{"url":"https:\/\/pubeurope.com\/@fr\/115072122558621842","error":""},"_links":{"self":[{"href":"https:\/\/www.europesays.com\/fr\/wp-json\/wp\/v2\/posts\/336039","targetHints":{"allow":["GET"]}}],"collection":[{"href":"https:\/\/www.europesays.com\/fr\/wp-json\/wp\/v2\/posts"}],"about":[{"href":"https:\/\/www.europesays.com\/fr\/wp-json\/wp\/v2\/types\/post"}],"author":[{"embeddable":true,"href":"https:\/\/www.europesays.com\/fr\/wp-json\/wp\/v2\/users\/2"}],"replies":[{"embeddable":true,"href":"https:\/\/www.europesays.com\/fr\/wp-json\/wp\/v2\/comments?post=336039"}],"version-history":[{"count":0,"href":"https:\/\/www.europesays.com\/fr\/wp-json\/wp\/v2\/posts\/336039\/revisions"}],"wp:featuredmedia":[{"embeddable":true,"href":"https:\/\/www.europesays.com\/fr\/wp-json\/wp\/v2\/media\/336040"}],"wp:attachment":[{"href":"https:\/\/www.europesays.com\/fr\/wp-json\/wp\/v2\/media?parent=336039"}],"wp:term":[{"taxonomy":"category","embeddable":true,"href":"https:\/\/www.europesays.com\/fr\/wp-json\/wp\/v2\/categories?post=336039"},{"taxonomy":"post_tag","embeddable":true,"href":"https:\/\/www.europesays.com\/fr\/wp-json\/wp\/v2\/tags?post=336039"}],"curies":[{"name":"wp","href":"https:\/\/api.w.org\/{rel}","templated":true}]}}