{"id":336043,"date":"2025-08-22T11:14:10","date_gmt":"2025-08-22T11:14:10","guid":{"rendered":"https:\/\/www.europesays.com\/fr\/336043\/"},"modified":"2025-08-22T11:14:10","modified_gmt":"2025-08-22T11:14:10","slug":"lalternance-ne-va-pas-sarreter","status":"publish","type":"post","link":"https:\/\/www.europesays.com\/fr\/336043\/","title":{"rendered":"\u00ab l&rsquo;alternance ne va pas s&rsquo;arr\u00eater \u00bb"},"content":{"rendered":"<p class=\"legende\">\n\t\t\t\t\t\t\t\t\tKader Kholkhal est le nouveau directeur de Bordeaux Ynov Campus. Cr\u00e9dit : Ynov\n\t\t\t\t\t\t\t\t<\/p>\n<p class=\"excerpt\">Le nouveau directeur de Bordeaux Ynov Campus, \u00e9cole des m\u00e9tiers du num\u00e9rique \u00e0 Bordeaux, estime que l&rsquo;enseignement devra \u00e9voluer pour faire face \u00e0 l&rsquo;IA et que les entreprises devront adapter le recours \u00e0 l&rsquo;alternance.<\/p>\n<p>Cet article premium vous int\u00e9resse ?<\/p>\n<p>Rejoignez nos 1000 adh\u00e9rents<\/p>\n<p>\n\t\t\t\t\t\t\t\t\t\t\t\t\t\tGagnez en visibilit\u00e9 et profitez d\u2019un r\u00e9seau de plusieurs centaines d\u2019adh\u00e9rents.\n\t\t\t\t\t\t\t\t\t\t\t\t\t<\/p>\n","protected":false},"excerpt":{"rendered":"Kader Kholkhal est le nouveau directeur de Bordeaux Ynov Campus. Cr\u00e9dit : Ynov Le nouveau directeur de Bordeaux&hellip;\n","protected":false},"author":2,"featured_media":336044,"comment_status":"","ping_status":"","sticky":false,"template":"","format":"standard","meta":{"footnotes":""},"categories":[2817],"tags":[1111,11,1997,1777,674,1011,27,12,2219,5645,25],"class_list":{"0":"post-336043","1":"post","2":"type-post","3":"status-publish","4":"format-standard","5":"has-post-thumbnail","7":"category-bordeaux","8":"tag-actu","9":"tag-actualites","10":"tag-bordeaux","11":"tag-eu","12":"tag-europe","13":"tag-fr","14":"tag-france","15":"tag-news","16":"tag-nouvelle-aquitaine","17":"tag-placco-placeco","18":"tag-republique-francaise"},"share_on_mastodon":{"url":"https:\/\/pubeurope.com\/@fr\/115072130353075528","error":""},"_links":{"self":[{"href":"https:\/\/www.europesays.com\/fr\/wp-json\/wp\/v2\/posts\/336043","targetHints":{"allow":["GET"]}}],"collection":[{"href":"https:\/\/www.europesays.com\/fr\/wp-json\/wp\/v2\/posts"}],"about":[{"href":"https:\/\/www.europesays.com\/fr\/wp-json\/wp\/v2\/types\/post"}],"author":[{"embeddable":true,"href":"https:\/\/www.europesays.com\/fr\/wp-json\/wp\/v2\/users\/2"}],"replies":[{"embeddable":true,"href":"https:\/\/www.europesays.com\/fr\/wp-json\/wp\/v2\/comments?post=336043"}],"version-history":[{"count":0,"href":"https:\/\/www.europesays.com\/fr\/wp-json\/wp\/v2\/posts\/336043\/revisions"}],"wp:featuredmedia":[{"embeddable":true,"href":"https:\/\/www.europesays.com\/fr\/wp-json\/wp\/v2\/media\/336044"}],"wp:attachment":[{"href":"https:\/\/www.europesays.com\/fr\/wp-json\/wp\/v2\/media?parent=336043"}],"wp:term":[{"taxonomy":"category","embeddable":true,"href":"https:\/\/www.europesays.com\/fr\/wp-json\/wp\/v2\/categories?post=336043"},{"taxonomy":"post_tag","embeddable":true,"href":"https:\/\/www.europesays.com\/fr\/wp-json\/wp\/v2\/tags?post=336043"}],"curies":[{"name":"wp","href":"https:\/\/api.w.org\/{rel}","templated":true}]}}