{"id":336047,"date":"2025-08-22T11:16:09","date_gmt":"2025-08-22T11:16:09","guid":{"rendered":"https:\/\/www.europesays.com\/fr\/336047\/"},"modified":"2025-08-22T11:16:09","modified_gmt":"2025-08-22T11:16:09","slug":"la-boutique-marche-tres-bien","status":"publish","type":"post","link":"https:\/\/www.europesays.com\/fr\/336047\/","title":{"rendered":"la boutique marche tr\u00e8s bien"},"content":{"rendered":"<p>            Par<br \/>\n        <strong><br \/>\n            <a href=\"https:\/\/actu.fr\/auteur\/nina-hossein-zadeh\" title=\"Consulter tous les articles de Nina Hossein-Zadeh\" rel=\"nofollow noopener\" target=\"_blank\">Nina Hossein-Zadeh<\/a><br \/>\n        <\/strong><\/p>\n<p>        Publi\u00e9 le<\/p>\n<p>            22 ao\u00fbt 2025 \u00e0 12h44        <\/p>\n<p>L\u2019histoire d\u2019<strong>Andrea Salvi<\/strong> commence en 2019. Espagnole, dipl\u00f4m\u00e9e d\u2019un bac +\u00a05 en business international, elle s\u2019installe \u00e0 <a href=\"https:\/\/actu.fr\/toulouse\/\" rel=\"nofollow noopener\" target=\"_blank\"><strong>Toulouse<\/strong><\/a> avec une id\u00e9e en t\u00eate\u2009:<strong> proposer un concept capable de transformer les modes de consommation.<\/strong> \u00ab\u2009J\u2019adorais le monde du business, mais je voulais y mettre du c\u0153ur\u2009\u00bb, explique-t-elle. Issue d\u2019un univers marqu\u00e9 par les soins th\u00e9rapeutiques, elle d\u00e9cide d\u2019ouvrir <a href=\"https:\/\/actu.fr\/occitanie\/toulouse_31555\/vegan-zero-dechet-therapie-energetique-boutique-concept-atypique-ouvre-toulouse_21042960.html\" rel=\"nofollow noopener\" target=\"_blank\"><strong>\u00ab\u2009La Misstinguette en Salopette<\/strong><\/a> pour prendre soin de soi, de sa sant\u00e9 et la plan\u00e8te\u2009\u00bb, une boutique nich\u00e9e au <strong>33 rue de la Colombette<\/strong>. Derri\u00e8re sa vitrine, des centaines de produits naturels, sains et bio\u2026 Plus qu\u2019un commerce, un lieu de vie pour les amoureux de l\u2019\u00e9cologie. Pendant six ans, Andrea et son \u00e9quipe tissent des liens forts avec leurs clients. Mais apr\u00e8s avoir travers\u00e9 de multiples crises (<a href=\"https:\/\/actu.fr\/occitanie\/toulouse_31555\/toulouse-gilets-jaunes-voici-nombre-commerces-ont-ferme-hypercentre_25956816.html\" rel=\"nofollow noopener\" target=\"_blank\">Gilets jaunes<\/a>, Covid-19, guerre en Ukraine), la jeune femme est \u00e0 bout de souffle. Aujourd\u2019hui, elle lance un appel de d\u00e9tresse\u2009: elle souhaite <strong>transmettre son bail<\/strong> pour tourner la page.<strong> Elle se donne jusqu\u2019\u00e0 la fin du mois d\u2019ao\u00fbt<\/strong> pour trouver quelqu\u2019un.\u00a0 Ses explications.<\/p>\n<p>Un r\u00eave de franchise modulable<\/p>\n<p class=\" wall-content\">\u00ab\u2009Cette boutique, c\u2019\u00e9tait mon r\u00eave\u2009\u00bb, confie Andrea, \u00e9mue. Sa vision\u2009: <strong>faire de La Misstinguette en Salopette une franchise modulable.<\/strong> Elle imaginait d\u00e9j\u00e0 ses d\u00e9clinaisons\u2009: un Baby Misstinguette, une herboristerie, un rayon hygi\u00e8ne f\u00e9minine\u2026<\/p>\n<p class=\" wall-content\">Son mod\u00e8le reposait aussi sur une dimension solidaire\u2009: <strong>50\u2009% du prix de chaque produit \u00e9tait r\u00e9investi localement<\/strong>, dans un rayon de 100\u00a0km, au profit d\u2019\u00e9coles ou de centres pour personnes \u00e2g\u00e9es.<\/p>\n<p class=\" wall-content\">En 2023, un investisseur se dit pr\u00eat \u00e0 la suivre dans l\u2019aventure de la franchise. \u00ab\u2009Tout fonctionnait \u00e0 merveille, c\u2019\u00e9tait parfait. Mais j\u2019ai pris peur.\u2009\u00bb<\/p>\n<p>\u00ab\u2009Je mets ce r\u00eave de c\u00f4t\u00e9\u2009\u00bb<\/p>\n<p class=\" wall-content\">\u00c0 l\u2019\u00e9poque, Andrea Salvi se pose des questions et se rend compte que sa vie, <strong>elle la voit plut\u00f4t ailleurs \u00e0 g\u00e9rer sa deuxi\u00e8me entreprise Centre du vivant Ka\u00ef<\/strong> pour la d\u00e9velopper \u00e0 l\u2019international et partir vivre en Asie. \u00ab\u2009Ceux qui voulaient se lancer pour la franchise me voulaient moi. Ce qu\u2019ils achetaient c\u2019\u00e9tait mon concept et mon image donc je ne pouvais pas mettre en g\u00e9rance.\u2009\u00bb<\/p>\n<p class=\" wall-content\">Il faut dire que les clients de La Misstinguette en Salopette s\u2019y rendent pour \u00e9changer avec Andrea, prendre ses conseils, ses informations sur les produits et ses alternatives \u00e9cologiques auxquelles ils ne pensaient pas. \u00ab\u2009Ma boutique, elle a une \u00e2me. Les gens viennent aussi s\u2019y confier, se soigner et pleurer.\u2009\u00bb<\/p>\n<p class=\" wall-content\">Se d\u00e9velopper en franchise ne correspondait donc plus \u00e0 son r\u00eave de libert\u00e9, \u00e0 ses envies de prodiguer des soins th\u00e9rapeutiques. \u00ab\u2009J\u2019ai compris que je ne voulais pas que g\u00e9rer h24 des business,<strong> je veux aussi profiter de la vie et avoir du temps pour cr\u00e9er d\u2019autres choses<\/strong>. J\u2019ai grandi et je mets ce r\u00eave de c\u00f4t\u00e9.\u2009\u00bb<\/p>\n<p>Votre r\u00e9gion, votre actu !<\/p>\n<p>Recevez chaque jour les infos qui comptent pour vous.<\/p>\n<p>\t<a href=\"https:\/\/actu.fr\/newsletter\" class=\"ac-btn ac-btn--corner ac-btn--medium ac-btn--blue800\" rel=\"nofollow noopener\" target=\"_blank\">S&rsquo;incrire<\/a><br \/>\nDes clients solidaires<\/p>\n<p class=\" wall-content\">Pourtant, les adieux tra\u00eenent. Il faut dire qu\u2019Andrea Salvi est port\u00e9e par <strong>ses clients et son entourage qui l\u2019incitent \u00e0 ne pas tirer le rideau.<\/strong><\/p>\n<p class=\" wall-content\">\u00ab\u2009En 2022, au moment de la guerre en Ukraine, j\u2019ai eu -40\u2009%. J\u2019ai commenc\u00e9 \u00e0 avoir peur. Je devais d\u00e9j\u00e0 \u00eatre en burn-out. J\u2019ai eu un premier d\u00e9clic et <strong>j\u2019ai dit \u00e0 mes clients que j\u2019allais fermer en liquidation judiciaire.\u2009<\/strong>\u00bb<\/p>\n<p class=\" wall-content\">Eux, ne l\u2019entendent pas de cette oreille. \u00ab\u2009Les clients ont \u00e9t\u00e9 trop mignons, ils venaient avec tout leur entourage pour acheter des produits. On papotait et <strong>finalement ils ont sauv\u00e9 la boutique.<\/strong> J\u2019ai pu rembourser mes emprunts, mais \u00e7a m\u2019a fatigu\u00e9\u2009\u00bb, l\u00e2che la commer\u00e7ante, la voix tremblante.<\/p>\n<p>Un premier repreneur\u2026 Qui fait faux bond<\/p>\n<p class=\" wall-content\">Elle tient le cap entre\u00a02023 et\u00a02024 parce qu\u2019elle est \u00ab\u2009t\u00eatue\u2009\u00bb et \u00ab\u2009la boutique marche tr\u00e8s bien\u2009\u00bb. Mais la r\u00e9alit\u00e9 la rattrape\u2009: son r\u00eave est ailleurs d\u00e9sormais.<strong> En septembre\u00a02024, elle d\u00e9cide alors de \u00ab\u2009passer le flambeau\u2009\u00bb.<\/strong><\/p>\n<p class=\" wall-content\">Et \u00e0 l\u2019\u00e9poque, les plan\u00e8tes s\u2019alignent. Elle met son fonds de commerce en vente et une amie et cliente toque \u00e0 la porte\u2009: elle est int\u00e9ress\u00e9e avec une associ\u00e9e. Les arrangements se font et c\u2019est d\u00e9cid\u00e9\u2009: ce sont elles qui reprendront La Misstinguette en Salopette.<\/p>\n<p class=\" wall-content\">Apr\u00e8s les avoir form\u00e9es pendant plusieurs mois<strong>, les repreneuses se d\u00e9sistent finalement au dernier moment<\/strong>, \u00ab\u2009ne voulant plus \u00eatre commer\u00e7antes\u2009\u00bb, laissant Andrea au pied du mur.<\/p>\n<p>Une recherche de la derni\u00e8re chance<\/p>\n<p class=\" wall-content\">Depuis, la commer\u00e7ante tente le tout pour le tout\u2009: elle a post\u00e9 une publication sur LinkedIn pour relancer sa recherche de repreneur. D\u00e9sormais,<strong> elle ne vend plus le fonds de commerce, mais le bail.<\/strong><\/p>\n<p class=\" wall-content\">Elle se donne jusqu\u2019\u00e0 la fin du mois d\u2019ao\u00fbt pour trouver quelqu\u2019un. \u00ab\u2009Je vends mon bail \u00e0 <strong>30\u2009000\u00a0euros<\/strong> et c\u2019est n\u00e9gociable. Peu importe l\u2019argent, c\u2019est le timing l\u00e0 qui entre en jeu. Je veux passer \u00e0 autre chose.\u2009\u00bb Si personne ne se propose, elle a pris la d\u00e9cision de fermer en septembre par liquidation judiciaire.<\/p>\n<p class=\" wall-content\">Pour contacter Andrea Salvi, vous pouvez lui \u00e9crire par mail\u2009: <a href=\"https:\/\/actu.fr\/cdn-cgi\/l\/email-protection\" class=\"__cf_email__\" data-cfemail=\"1e7f70707a6c7b7f306d7f7268775e79737f7772307d7173\" rel=\"nofollow noopener\" target=\"_blank\">[email\u00a0protected]<\/a>.<\/p>\n<p class=\" wall-content\">Personnalisez votre actualit\u00e9 en ajoutant vos villes et m\u00e9dias en favori avec <a href=\"https:\/\/moncompte.actu.fr\" title=\"D\u00e9couvez Mon Actu\" rel=\"nofollow noopener\" data-trk=\"{&quot;cta&quot;:{&quot;action&quot;:&quot;https:\\\/\\\/moncompte.actu.fr&quot;,&quot;category&quot;:&quot;mon compte&quot;,&quot;from&quot;:&quot;article footer&quot;,&quot;name&quot;:&quot;Mon actu&quot;,&quot;type&quot;:&quot;cta&quot;}}\" target=\"_blank\">Mon Actu<\/a>.<\/p>\n","protected":false},"excerpt":{"rendered":"Par Nina Hossein-Zadeh Publi\u00e9 le 22 ao\u00fbt 2025 \u00e0 12h44 L\u2019histoire d\u2019Andrea Salvi commence en 2019. Espagnole, dipl\u00f4m\u00e9e&hellip;\n","protected":false},"author":2,"featured_media":336048,"comment_status":"","ping_status":"","sticky":false,"template":"","format":"standard","meta":{"footnotes":""},"categories":[2816],"tags":[1111,11,215,1777,674,1011,27,12,2680,25,104,2312],"class_list":{"0":"post-336047","1":"post","2":"type-post","3":"status-publish","4":"format-standard","5":"has-post-thumbnail","7":"category-toulouse","8":"tag-actu","9":"tag-actualites","10":"tag-commerce","11":"tag-eu","12":"tag-europe","13":"tag-fr","14":"tag-france","15":"tag-news","16":"tag-occitanie","17":"tag-republique-francaise","18":"tag-societe","19":"tag-toulouse"},"share_on_mastodon":{"url":"https:\/\/pubeurope.com\/@fr\/115072138292177364","error":""},"_links":{"self":[{"href":"https:\/\/www.europesays.com\/fr\/wp-json\/wp\/v2\/posts\/336047","targetHints":{"allow":["GET"]}}],"collection":[{"href":"https:\/\/www.europesays.com\/fr\/wp-json\/wp\/v2\/posts"}],"about":[{"href":"https:\/\/www.europesays.com\/fr\/wp-json\/wp\/v2\/types\/post"}],"author":[{"embeddable":true,"href":"https:\/\/www.europesays.com\/fr\/wp-json\/wp\/v2\/users\/2"}],"replies":[{"embeddable":true,"href":"https:\/\/www.europesays.com\/fr\/wp-json\/wp\/v2\/comments?post=336047"}],"version-history":[{"count":0,"href":"https:\/\/www.europesays.com\/fr\/wp-json\/wp\/v2\/posts\/336047\/revisions"}],"wp:featuredmedia":[{"embeddable":true,"href":"https:\/\/www.europesays.com\/fr\/wp-json\/wp\/v2\/media\/336048"}],"wp:attachment":[{"href":"https:\/\/www.europesays.com\/fr\/wp-json\/wp\/v2\/media?parent=336047"}],"wp:term":[{"taxonomy":"category","embeddable":true,"href":"https:\/\/www.europesays.com\/fr\/wp-json\/wp\/v2\/categories?post=336047"},{"taxonomy":"post_tag","embeddable":true,"href":"https:\/\/www.europesays.com\/fr\/wp-json\/wp\/v2\/tags?post=336047"}],"curies":[{"name":"wp","href":"https:\/\/api.w.org\/{rel}","templated":true}]}}