{"id":336050,"date":"2025-08-22T11:19:10","date_gmt":"2025-08-22T11:19:10","guid":{"rendered":"https:\/\/www.europesays.com\/fr\/336050\/"},"modified":"2025-08-22T11:19:10","modified_gmt":"2025-08-22T11:19:10","slug":"des-fournitures-scolaires-gratuites-une-nouvelle-ecole-la-mairie-de-lille-se-veut-etre-a-hauteur-denfants","status":"publish","type":"post","link":"https:\/\/www.europesays.com\/fr\/336050\/","title":{"rendered":"des fournitures scolaires gratuites, une nouvelle \u00e9cole, la mairie de Lille se veut \u00eatre \u00e0 \u00ab\u00a0hauteur d&rsquo;enfants\u00a0\u00bb"},"content":{"rendered":"<p class=\"article__intro\">C&rsquo;est bient\u00f4t la rentr\u00e9e ! Jeudi 21 ao\u00fbt 2025, lors d&rsquo;une conf\u00e9rence de presse, la mairie de Lille a pr\u00e9sent\u00e9 sa politique \u00e9ducative qu&rsquo;elle juge \u00e0 \u00ab\u00a0hauteur d&rsquo;enfants\u00a0\u00bb. Fournitures scolaires, restauration, r\u00e9novation, les \u00e9coles de la capitale des Flandres sont pr\u00eates \u00e0 accueillir pr\u00e8s de 12 000 enfants lundi 1er septembre.<\/p>\n<p>\n      La Quotidienne Soci\u00e9t\u00e9\n    <\/p>\n<p>\n      De la vie quotidienne aux grands enjeux, recevez tous les jours les sujets qui font la soci\u00e9t\u00e9 locale, comme la justice, l\u2019\u00e9ducation, la sant\u00e9 et la famille.\n    <\/p>\n<p>    France T\u00e9l\u00e9visions utilise votre adresse e-mail afin de vous envoyer la newsletter \u00ab\u00a0La Quotidienne Soci\u00e9t\u00e9\u00a0\u00bb. Vous pouvez vous d\u00e9sinscrire \u00e0 tout moment via le lien en bas de cette newsletter. <a target=\"_blank\" href=\"https:\/\/www.francetelevisions.fr\/groupe\/confidentialite\/politique-de-confidentialite\/politique-de-confidentialite-de-france-televisions-6503\" rel=\"nofollow noopener\">Notre politique de confidentialit\u00e9<\/a><\/p>\n<p>\u00c0 deux semaines de la rentr\u00e9e scolaire, les enfants ne chahutent pas encore dans la cour de l&rsquo;\u00e9cole maternelle Chateaubriand \u00e0 Lille. \u00c0 dix jours du retour en classe, Charlotte Brun, premi\u00e8re adjointe \u00e0 la mairie de Lille en profite pour pr\u00e9senter ce qui attend les petits lillois lundi 1\u1d49\u02b3 septembre 2025.<\/p>\n<p><a data-article-figure=\"\" href=\"https:\/\/france3-regions.franceinfo.fr\/image\/wF4pTX6YYyW3jNjr94k5jGXzBRI\/1600x1200\/regions\/2025\/08\/22\/214a6b1d-b83a-4254-9d43-4a2debce9da1-68a837019293b063641305.jpg\" data-pswp-width=\"1600\" data-pswp-height=\"1200\" target=\"_blank\" rel=\"nofollow noopener\"><\/p>\n<p>          <img width=\"600\" height=\"400\" class=\"article-image lazy\" data-src=\"https:\/\/www.europesays.com\/fr\/wp-content\/uploads\/2025\/08\/214a6b1d-b83a-4254-9d43-4a2debce9da1-68a837019293b063641305.jpg\" alt=\"Charlotte Brun, premi\u00e8re adjointe au maire de Lille.\" fetchpriority=\"high\" as=\"image\"\/><\/p>\n<p>\n            Charlotte Brun, premi\u00e8re adjointe au maire de Lille.<br \/>\n                           \u2022<br \/>\n                                      \u00a9 L.Santerre \/ FTV\n                      <\/p>\n<p><\/a><\/p>\n<p>Cette ann\u00e9e, plus de 12 000 enfants vont faire leur rentr\u00e9e dans les 80 \u00e9coles publiques de la capitale des Flandres. Lors d&rsquo;une conf\u00e9rence de presse, la ville de Lille a pr\u00e9sent\u00e9 ses mesures pour une \u00e9cole toujours \u00ab\u00a0plus abordable, accueillante et durable\u00a0\u00bb.\u00a0Voici les principales.<\/p>\n<p>Si vous \u00eates parent, cette nouvelle fera plaisir \u00e0 votre porte-monnaie. Pour la cinqui\u00e8me ann\u00e9e cons\u00e9cutive, les enfants des \u00e9coles publiques et priv\u00e9es, b\u00e9n\u00e9ficieront de fournitures scolaires gratuites dont le co\u00fbt est int\u00e9gralement pris en charge par la Ville.<\/p>\n<p>\u00ab\u00a0Les enseignants de chaque \u00e9tablissement passent commande eux-m\u00eames et se concertent avec leurs coll\u00e8gues. On souhaite coller au plus fin aux besoins de chacun\u00a0\u00bb, indique Charlotte Brun, premi\u00e8re adjointe au maire de Lille.<\/p>\n<blockquote class=\"ftvi_content_quote\">\n<p class=\"ftvi_citation_quote\">Les enseignants de chaque \u00e9tablissement passent commande eux-m\u00eames et se concertent avec leurs coll\u00e8gues.<\/p>\n<p>Charlotte Brun, Premi\u00e8re adjointe au maire de Lille.<\/p>\n<\/blockquote>\n<p>\u00ab\u00a0\u00c0 Lille, on parle d&rsquo;\u00e9cole &lsquo;vraiment gratuite'\u00a0\u00bb, se targue la premi\u00e8re adjointe. Contrairement \u00e0 des \u00e9coles d&rsquo;autres municipalit\u00e9s, il n&rsquo;y a pas de listes de fournitures scolaires pour les familles. Ce projet co\u00fbte 725 000 euros.<\/p>\n<p>Pas d\u2019inqui\u00e9tude pour les enfants scolaris\u00e9s dans une \u00e9cole primaire priv\u00e9e, un montant similaire sera vers\u00e9 par \u00e9l\u00e8ve.<\/p>\n<p>Dans le cadre de la r\u00e9duction de la consommation de viande et de poisson dans les restaurants scolaires : \u00ab\u00a0d\u00e8s 2018, nous avions propos\u00e9 un repas v\u00e9g\u00e9tarien par jour, d\u00e8s 2019, c&rsquo;\u00e9taient deux pour quatre propositions. 80 % du volume est en bio\u00a0\u00bb, poursuit l&rsquo;\u00e9lue.<\/p>\n<p>Les familles pourront toujours b\u00e9n\u00e9ficier de la tarification solidaire de l&rsquo;offre p\u00e9riscolaire, calcul\u00e9e en fonction du quotient familial de chaque foyer, permettent \u00e9galement de maintenir un service public le plus accessible possible aux familles de Lille-Hellemmes-Lomme.<\/p>\n<p>En parall\u00e8le, le midi, plus de 2 000 clubs (musique, anglais, culture, etc.) sont organis\u00e9s dans l&rsquo;ensemble des \u00e9coles. \u00ab\u00a0Cela permet d&rsquo;\u00e9veiller les \u00e9coliers. Leur r\u00e9ussite est notre priorit\u00e9\u00a0\u00bb, indique-t-elle<\/p>\n<p>En 2024, la ville comptait 79 \u00e9coles, cette ann\u00e9e, un nouvel \u00e9tablissement ouvre ses portes dans le quartier de Fives : l&rsquo;\u00e9cole George Sand. \u00ab\u00a0Ce nouvel \u00e9tablissement permet de mieux r\u00e9pondre aux besoins d\u00e9mographiques de quartiers ou villes qui se d\u00e9veloppent comme Fives ou Hellemes\u00a0\u00bb, rajoute Charlotte Brun.<\/p>\n<p>Sur le volet de la transition \u00e9cologique des \u00e9coles, des r\u00e9novations \u00e9nerg\u00e9tiques sont en cours depuis l&rsquo;\u00e9t\u00e9 2021. 100 % des 80 \u00e9coles publiques lilloises ont des cours v\u00e9g\u00e9talis\u00e9es. De nombreux arbres, arbustes et plantes vivaces ont \u00e9t\u00e9 plant\u00e9s \u00ab\u00a0On apprend mieux quand on est dans une \u00e9cole qui prend soin de son cadre\u00a0\u00bb, avance Charlotte Brun.<\/p>\n<p>Mis en \u0153uvre en 2020, le dispositif de \u00ab\u00a0rues scolaires\u00a0\u00bb sera reconduit \u00e0 la rentr\u00e9e. Il consiste \u00e0 fermer temporairement \u00e0 la circulation des v\u00e9hicules motoris\u00e9s, la rue dans laquelle se situent une ou plusieurs \u00e9coles, aux heures d&rsquo;entr\u00e9e et de sortie des classes &#8211; du lundi au vendredi, sauf le mercredi, permettant aux parents et aux enfants de pouvoir emprunter le chemin de l&rsquo;\u00e9cole \u00e0 pied, \u00e0 v\u00e9lo, \u00e0 trottinette&#8230; En toute s\u00e9curit\u00e9.<\/p>\n","protected":false},"excerpt":{"rendered":"C&rsquo;est bient\u00f4t la rentr\u00e9e ! Jeudi 21 ao\u00fbt 2025, lors d&rsquo;une conf\u00e9rence de presse, la mairie de Lille&hellip;\n","protected":false},"author":2,"featured_media":336051,"comment_status":"","ping_status":"","sticky":false,"template":"","format":"standard","meta":{"footnotes":""},"categories":[2815],"tags":[1111,11,1777,674,1011,27,811,1307,12,25],"class_list":{"0":"post-336050","1":"post","2":"type-post","3":"status-publish","4":"format-standard","5":"has-post-thumbnail","7":"category-lille","8":"tag-actu","9":"tag-actualites","10":"tag-eu","11":"tag-europe","12":"tag-fr","13":"tag-france","14":"tag-hauts-de-france","15":"tag-lille","16":"tag-news","17":"tag-republique-francaise"},"share_on_mastodon":{"url":"https:\/\/pubeurope.com\/@fr\/115072149968206580","error":""},"_links":{"self":[{"href":"https:\/\/www.europesays.com\/fr\/wp-json\/wp\/v2\/posts\/336050","targetHints":{"allow":["GET"]}}],"collection":[{"href":"https:\/\/www.europesays.com\/fr\/wp-json\/wp\/v2\/posts"}],"about":[{"href":"https:\/\/www.europesays.com\/fr\/wp-json\/wp\/v2\/types\/post"}],"author":[{"embeddable":true,"href":"https:\/\/www.europesays.com\/fr\/wp-json\/wp\/v2\/users\/2"}],"replies":[{"embeddable":true,"href":"https:\/\/www.europesays.com\/fr\/wp-json\/wp\/v2\/comments?post=336050"}],"version-history":[{"count":0,"href":"https:\/\/www.europesays.com\/fr\/wp-json\/wp\/v2\/posts\/336050\/revisions"}],"wp:featuredmedia":[{"embeddable":true,"href":"https:\/\/www.europesays.com\/fr\/wp-json\/wp\/v2\/media\/336051"}],"wp:attachment":[{"href":"https:\/\/www.europesays.com\/fr\/wp-json\/wp\/v2\/media?parent=336050"}],"wp:term":[{"taxonomy":"category","embeddable":true,"href":"https:\/\/www.europesays.com\/fr\/wp-json\/wp\/v2\/categories?post=336050"},{"taxonomy":"post_tag","embeddable":true,"href":"https:\/\/www.europesays.com\/fr\/wp-json\/wp\/v2\/tags?post=336050"}],"curies":[{"name":"wp","href":"https:\/\/api.w.org\/{rel}","templated":true}]}}