{"id":336054,"date":"2025-08-22T11:21:09","date_gmt":"2025-08-22T11:21:09","guid":{"rendered":"https:\/\/www.europesays.com\/fr\/336054\/"},"modified":"2025-08-22T11:21:09","modified_gmt":"2025-08-22T11:21:09","slug":"un-hommage-a-bernard-lacombe-face-a-metz-et-marseille","status":"publish","type":"post","link":"https:\/\/www.europesays.com\/fr\/336054\/","title":{"rendered":"un hommage \u00e0 Bernard Lacombe face \u00e0 Metz et Marseille"},"content":{"rendered":"<p>L\u2019Olympique Lyonnais s\u2019appr\u00eate \u00e0 rendre un vibrant hommage \u00e0 Bernard Lacombe, d\u00e9c\u00e9d\u00e9 le 17 juin dernier \u00e0 l\u2019\u00e2ge de 72 ans. V\u00e9ritable l\u00e9gende du club, form\u00e9 \u00e0 l\u2019OL et buteur historique avec 149 r\u00e9alisations en 258 matchs, il avait ensuite marqu\u00e9 l\u2019histoire en tant que directeur sportif, entra\u00eeneur puis conseiller sp\u00e9cial de Jean-Michel Aulas. Hospitalis\u00e9 depuis le mois de janvier, sa disparition a boulevers\u00e9 toute la famille lyonnaise et bien au-del\u00e0.<\/p>\n<p>            La suite apr\u00e8s cette publicit\u00e9<\/p>\n<p>Un premier hommage aura lieu d\u00e8s demain, \u00e0 la 9e minute du match contre Metz, en r\u00e9f\u00e9rence \u00e0 son num\u00e9ro f\u00e9tiche, avant qu\u2019une grande c\u00e9r\u00e9monie ne soit organis\u00e9e lors de la rencontre entre <a href=\"https:\/\/www.footmercato.net\/club\/ol\/\" rel=\"nofollow noopener\" target=\"_blank\">Lyon<\/a> et Marseille (le 31 ao\u00fbt), entour\u00e9 de ses proches et amis. Par ailleurs, le club rendra aussi hommage \u00e0 G\u00e9rard Drevet, autre figure respect\u00e9e, avec une c\u00e9r\u00e9monie pr\u00e9vue avant le coup d\u2019envoi contre Metz. Deux moments de recueillement qui rappelleront l\u2019importance de ces hommes dans l\u2019histoire de l\u2019OL et du football fran\u00e7ais.<\/p>\n<p>\n    Pub. le 22\/08\/2025 13:17<br \/>\n            &#8211; MAJ le 22\/08\/2025 13:18\n    <\/p>\n","protected":false},"excerpt":{"rendered":"L\u2019Olympique Lyonnais s\u2019appr\u00eate \u00e0 rendre un vibrant hommage \u00e0 Bernard Lacombe, d\u00e9c\u00e9d\u00e9 le 17 juin dernier \u00e0 l\u2019\u00e2ge&hellip;\n","protected":false},"author":2,"featured_media":336055,"comment_status":"","ping_status":"","sticky":false,"template":"","format":"standard","meta":{"footnotes":""},"categories":[2814],"tags":[1111,11,1777,674,1011,27,884,12,882,25],"class_list":{"0":"post-336054","1":"post","2":"type-post","3":"status-publish","4":"format-standard","5":"has-post-thumbnail","7":"category-marseille","8":"tag-actu","9":"tag-actualites","10":"tag-eu","11":"tag-europe","12":"tag-fr","13":"tag-france","14":"tag-marseille","15":"tag-news","16":"tag-provence-alpes-cote-dazur","17":"tag-republique-francaise"},"share_on_mastodon":{"url":"https:\/\/pubeurope.com\/@fr\/115072157884087257","error":""},"_links":{"self":[{"href":"https:\/\/www.europesays.com\/fr\/wp-json\/wp\/v2\/posts\/336054","targetHints":{"allow":["GET"]}}],"collection":[{"href":"https:\/\/www.europesays.com\/fr\/wp-json\/wp\/v2\/posts"}],"about":[{"href":"https:\/\/www.europesays.com\/fr\/wp-json\/wp\/v2\/types\/post"}],"author":[{"embeddable":true,"href":"https:\/\/www.europesays.com\/fr\/wp-json\/wp\/v2\/users\/2"}],"replies":[{"embeddable":true,"href":"https:\/\/www.europesays.com\/fr\/wp-json\/wp\/v2\/comments?post=336054"}],"version-history":[{"count":0,"href":"https:\/\/www.europesays.com\/fr\/wp-json\/wp\/v2\/posts\/336054\/revisions"}],"wp:featuredmedia":[{"embeddable":true,"href":"https:\/\/www.europesays.com\/fr\/wp-json\/wp\/v2\/media\/336055"}],"wp:attachment":[{"href":"https:\/\/www.europesays.com\/fr\/wp-json\/wp\/v2\/media?parent=336054"}],"wp:term":[{"taxonomy":"category","embeddable":true,"href":"https:\/\/www.europesays.com\/fr\/wp-json\/wp\/v2\/categories?post=336054"},{"taxonomy":"post_tag","embeddable":true,"href":"https:\/\/www.europesays.com\/fr\/wp-json\/wp\/v2\/tags?post=336054"}],"curies":[{"name":"wp","href":"https:\/\/api.w.org\/{rel}","templated":true}]}}