{"id":336056,"date":"2025-08-22T11:22:10","date_gmt":"2025-08-22T11:22:10","guid":{"rendered":"https:\/\/www.europesays.com\/fr\/336056\/"},"modified":"2025-08-22T11:22:10","modified_gmt":"2025-08-22T11:22:10","slug":"rencontre-avec-anais-conseillere-de-sejour-a-loffice-du-tourisme","status":"publish","type":"post","link":"https:\/\/www.europesays.com\/fr\/336056\/","title":{"rendered":"Rencontre avec Ana\u00efs, conseill\u00e8re de s\u00e9jour \u00e0 l&rsquo;Office du Tourisme"},"content":{"rendered":"<p>                            <img loading=\"lazy\" width=\"1032\" height=\"646\" class=\"attachment-article size-article wp-post-image lazyload\" alt=\"Ana\u00efs conseill\u00e8re de s\u00e9jour \u00e0 l'Office du tourisme\" decoding=\"async\" src=\"https:\/\/www.europesays.com\/fr\/wp-content\/uploads\/2025\/08\/DSC_3121-e1753785105180.jpg\" data-eio-rwidth=\"1032\" data-eio-rheight=\"646\"\/><\/p>\n<p>Ana\u00efs conseill\u00e8re de s\u00e9jour \u00e0 l\u2019Office du tourisme <\/p>\n<p class=\"content\" style=\"font-size:1.2em;font-weight:700\">Alors que de nombreux Lyonnais et Lyonnaises ont d\u00e9sert\u00e9 la ville, d&rsquo;autres travaillent tout l&rsquo;\u00e9t\u00e9 \u00e0 Lyon et dans sa m\u00e9tropole. L&rsquo;occasion pour Lyon Capitale de partir \u00e0 la rencontre de celles et de ceux qui font tourner Lyon durant l&rsquo;\u00e9t\u00e9. Pour ce deuxi\u00e8me \u00e9pisode, nous avons rendez-vous avec Ana\u00efs, conseill\u00e8re de s\u00e9jour \u00e0 l&rsquo;Office du Tourisme de Lyon.<\/p>\n<p>Alors que les touristes se succ\u00e8dent sur le pavillon Only Lyon, c&rsquo;est au sein du \u00ab\u00a0rectangle\u00a0\u00bb, dans les bureaux de l&rsquo;Office du Tourisme place Bellecour, qu&rsquo;Ana\u00efs nous attend. Pour le deuxi\u00e8me \u00e9t\u00e9 cons\u00e9cutif, la jeune femme occupe le poste de conseill\u00e8re de s\u00e9jour pour la ville de Lyon. Sa mission : faire d\u00e9couvrir la ville aux touristes \u00e9trangers et fran\u00e7ais : \u00ab\u00a0Je conseille la client\u00e8le sur ce qu&rsquo;il y \u00e0 faire, je fais aussi beaucoup de vente d&rsquo;activit\u00e9s, de croisi\u00e8re et de visites guid\u00e9es\u00a0\u00bb, explique Ana\u00efs. Un m\u00e9tier \u00ab\u00a0passion\u00a0\u00bb, qui n\u00e9cessite de travailler en p\u00e9riode estivale, lorsqu&rsquo;une partie des Lyonnais d\u00e9sertent la ville.<\/p>\n<p>\u00ab\u00a0Je suis fi\u00e8re de repr\u00e9senter Lyon\u00a0\u00bb<\/p>\n<p>Originaire du Nord de la France, Ana\u00efs est tomb\u00e9e amoureuse de Lyon il y a quelques ann\u00e9es, et ce, jusqu&rsquo;\u00e0 promouvoir sa ville d&rsquo;adoption : \u00ab\u00a0J&rsquo;aime travailler \u00e0 l&rsquo;Office du tourisme pour le contact client, pour pratiquer les langues \u00e9trang\u00e8res, mais surtout pour promouvoir et conseiller cette ville que j&rsquo;adore\u00a0\u00bb, t\u00e9moigne la jeune femme sourire aux l\u00e8vres. <\/p>\n<p>Elle poursuit : \u00ab\u00a0Forc\u00e9ment je suis fi\u00e8re de repr\u00e9senter Lyon, je suis fi\u00e8re de dire aux clients : vous \u00eates dans une ville o\u00f9 vous allez bien manger, o\u00f9 vous allez d\u00e9couvrir plein de choses.\u00a0\u00bb A travers ses \u00e9changes quotidiens, elle esp\u00e8re transmettre sa passion : \u00ab\u00a0Il y a une tellement belle histoire dans cette ville, je suis heureuse de montrer toutes les choses qu&rsquo;on peut y faire, beaucoup ne s&rsquo;en doutent pas.\u00a0\u00bb<\/p>\n<p>Une saison diff\u00e9rente mais pas plus charg\u00e9e <\/p>\n<p>Contrairement \u00e0 certaines villes fran\u00e7aises, l&rsquo;\u00e9t\u00e9 n&rsquo;est pas la p\u00e9riode la plus dense pour l&rsquo;Office du tourisme de Lyon : \u00ab\u00a0Il n&rsquo;y a pas forc\u00e9ment plus de touristes en \u00e9t\u00e9. Les p\u00e9riodes o\u00f9 nous avons le plus de monde sont surtout le printemps et la F\u00eate des Lumi\u00e8res\u00a0\u00bb, affirme Ana\u00efs. Juillet-ao\u00fbt demande n\u00e9anmoins une organisation particuli\u00e8re en raison de l&rsquo;arriv\u00e9e des renforts estivaux : \u00ab\u00a0Il y a pas mal de nouveaux recrutements en \u00e9t\u00e9 pour venir \u00e9pauler les \u00e9quipes, on a un grand briefing avant la saison pour nous pr\u00e9parer aux \u00e9v\u00e9nements\u00a0\u00bb, ajoute la jeune femme.<\/p>\n<p>Des \u00e9quipes, mais aussi des demandes diff\u00e9rentes : \u00ab\u00a0En \u00e9t\u00e9, les demandes sont diff\u00e9rentes, on fait plus de croisi\u00e8res, de visites, de cano\u00eb, de paddle&#8230;\u00a0\u00bb, t\u00e9moigne la conseill\u00e8re. Elle poursuit : \u00ab\u00a0Il y a aussi beaucoup de personnes, notamment des Allemands et des Belges, qui viennent faire du v\u00e9lo sur la Via Rh\u00f4na ou sur la Voie Bleue.\u00a0\u00bb<\/p>\n<p>\u00ab\u00a0Travailler en \u00e9t\u00e9 n&rsquo;est pas un sacrifice\u00a0\u00bb<\/p>\n<p>Avec la chaleur d&rsquo;autres probl\u00e9matiques, n\u00e9cessitant des adaptations, \u00e9mergent : \u00ab\u00a0Quand il y a des p\u00e9riodes de fortes chaleurs on adapte les horaires de visites, mais parfois ce n&rsquo;est pas possible et nous sommes contraints d&rsquo;annuler\u00a0\u00bb, explique Ana\u00efs. Un cas de figure survenu en juin dernier lors de la canicule : \u00ab\u00a0Durant cette p\u00e9riode, nous avons aussi eu beaucoup de demandes sur les ouvertures de piscine, sur la fa\u00e7on de se rendre \u00e0 Miribel, sur o\u00f9 remplir sa gourde&#8230; \u00e7a change\u00a0\u00bb.<\/p>\n<p>Malgr\u00e9 tout, Ana\u00efs ne per\u00e7oit pas le fait de travailler en \u00e9t\u00e9 comme une contrainte : \u00ab\u00a0J\u00a0\u00bbai toujours \u00e9t\u00e9 sur ce rythme l\u00e0 donc j&rsquo;ai l&rsquo;habitude de travailler en \u00e9t\u00e9, \u00e7a permet \u00e0 ceux qui travaillent toute l&rsquo;ann\u00e9e de se reposer, pour moi ce n&rsquo;est pas un sacrifice\u00a0\u00bb, termine la jeune femme.<\/p>\n<p class=\"has-cyan-bluish-gray-background-color has-background\"><strong>Quatre activit\u00e9s incontournables \u00e0 Lyon selon Ana\u00efs : <\/strong><br \/>&#8211; Monter sur les toits de la Basilique de Fourvi\u00e8re pour sa vue \u00ab\u00a0incroyable\u00a0\u00bb<br \/>&#8211; D\u00e9jeuner dans un bouchon lyonnais labellis\u00e9<br \/>&#8211; Visiter le mus\u00e9e Lumi\u00e8re (le pr\u00e9f\u00e9r\u00e9 d&rsquo;Ana\u00efs)<br \/>&#8211; Prendre le go\u00fbter avec une praluline de chez Pralus<\/p>\n<p><strong>Lire aussi : <\/strong><\/p>\n","protected":false},"excerpt":{"rendered":"Ana\u00efs conseill\u00e8re de s\u00e9jour \u00e0 l\u2019Office du tourisme Alors que de nombreux Lyonnais et Lyonnaises ont d\u00e9sert\u00e9 la&hellip;\n","protected":false},"author":2,"featured_media":336057,"comment_status":"","ping_status":"","sticky":false,"template":"","format":"standard","meta":{"footnotes":""},"categories":[1889],"tags":[1111,11,2430,1777,674,1011,27,2428,12,25],"class_list":{"0":"post-336056","1":"post","2":"type-post","3":"status-publish","4":"format-standard","5":"has-post-thumbnail","7":"category-lyon","8":"tag-actu","9":"tag-actualites","10":"tag-auvergne-rhone-alpes","11":"tag-eu","12":"tag-europe","13":"tag-fr","14":"tag-france","15":"tag-lyon","16":"tag-news","17":"tag-republique-francaise"},"share_on_mastodon":{"url":"https:\/\/pubeurope.com\/@fr\/115072162357347921","error":""},"_links":{"self":[{"href":"https:\/\/www.europesays.com\/fr\/wp-json\/wp\/v2\/posts\/336056","targetHints":{"allow":["GET"]}}],"collection":[{"href":"https:\/\/www.europesays.com\/fr\/wp-json\/wp\/v2\/posts"}],"about":[{"href":"https:\/\/www.europesays.com\/fr\/wp-json\/wp\/v2\/types\/post"}],"author":[{"embeddable":true,"href":"https:\/\/www.europesays.com\/fr\/wp-json\/wp\/v2\/users\/2"}],"replies":[{"embeddable":true,"href":"https:\/\/www.europesays.com\/fr\/wp-json\/wp\/v2\/comments?post=336056"}],"version-history":[{"count":0,"href":"https:\/\/www.europesays.com\/fr\/wp-json\/wp\/v2\/posts\/336056\/revisions"}],"wp:featuredmedia":[{"embeddable":true,"href":"https:\/\/www.europesays.com\/fr\/wp-json\/wp\/v2\/media\/336057"}],"wp:attachment":[{"href":"https:\/\/www.europesays.com\/fr\/wp-json\/wp\/v2\/media?parent=336056"}],"wp:term":[{"taxonomy":"category","embeddable":true,"href":"https:\/\/www.europesays.com\/fr\/wp-json\/wp\/v2\/categories?post=336056"},{"taxonomy":"post_tag","embeddable":true,"href":"https:\/\/www.europesays.com\/fr\/wp-json\/wp\/v2\/tags?post=336056"}],"curies":[{"name":"wp","href":"https:\/\/api.w.org\/{rel}","templated":true}]}}