{"id":336058,"date":"2025-08-22T11:23:13","date_gmt":"2025-08-22T11:23:13","guid":{"rendered":"https:\/\/www.europesays.com\/fr\/336058\/"},"modified":"2025-08-22T11:23:13","modified_gmt":"2025-08-22T11:23:13","slug":"circulation-un-bouchon-de-plus-de-20-km-sur-la7-entre-marseille-et-lyon","status":"publish","type":"post","link":"https:\/\/www.europesays.com\/fr\/336058\/","title":{"rendered":"Circulation. Un bouchon de plus de 20 km sur l&rsquo;A7 entre Marseille et Lyon"},"content":{"rendered":"<p>Des <a href=\"https:\/\/www.ledauphine.com\/transport\/2025\/08\/21\/samedi-rouge-week-end-dense-ce-que-prevoit-bison-fute-pour-le-dernier-chasse-croise-de-l-ete\" target=\"_blank\" rel=\"noopener\">difficult\u00e9s de circulation<\/a> sont \u00e0 pr\u00e9voir ce vendredi dans le sens des retours. Bison fut\u00e9 voit rouge dans la r\u00e9gion Auvergne Rh\u00f4ne-Alpes et notamment sur l&rsquo;A7 et au niveau du Tunnel du Mont-Blanc (Haute-Savoie) depuis l&rsquo;Italie.\u00a0Pour le reste du week-end, des bouchons annonc\u00e9s les samedi 23 et dimanche 24 ao\u00fbt sur l&rsquo;A7 dans les deux sens de circulation.\u00a0<\/p>\n<p>Faisons la route ensemble. Le Dauphin\u00e9 Lib\u00e9r\u00e9 vous accompagne avec des points route r\u00e9guliers. Si vous constatez des ralentissements, accidents, incidents sur la route, partagez l&rsquo;information en laissant des commentaires (bas de page).<\/p>\n<p>Prudence et patience sont les ma\u00eetres mots.<\/p>\n<p>Ce contenu est bloqu\u00e9 car vous n&rsquo;avez pas accept\u00e9 les cookies et autres traceurs.<\/p>\n<p>En cliquant sur \u00ab J\u2019accepte \u00bb, les cookies et autres traceurs seront d\u00e9pos\u00e9s et vous pourrez visualiser les contenus  (<a href=\"\" class=\"consentModule_policy\" target=\"_blank\" title=\"Consulter la politique de protection des donn\u00e9es du fournisseur\">plus d&rsquo;informations<\/a>).<\/p>\n<p>En cliquant sur \u00ab J\u2019accepte tous les cookies \u00bb, vous autorisez des d\u00e9p\u00f4ts de cookies et autres traceurs pour le stockage de vos donn\u00e9es sur nos sites et applications \u00e0 des fins de personnalisation et de ciblage publicitaire.<\/p>\n<p class=\"consentModule_secondaryText\">Vous gardez la possibilit\u00e9 de retirer votre consentement \u00e0 tout moment en consultant notre <a href=\"https:\/\/www.ledauphine.com\/protection-des-donnees\" target=\"_blank\" title=\"Consulter notre politique de protection des donn\u00e9es\" rel=\"noopener\">politique de protection des donn\u00e9es<\/a>. <br \/>&#13;<br \/>\n            <a href=\"https:\/\/www.ledauphine.com\/transport\/2025\/08\/22\/javascript:Didomi.notice.show()\" class=\"consentModule_cmp\" target=\"_blank\" rel=\"noopener\">G\u00e9rer mes choix<\/a>&#13;\n        <\/p>\n<p>&#13;<br \/>\n                        J&rsquo;accepte&#13;<br \/>\n            J&rsquo;accepte tous les cookies&#13;\n        <\/p>\n","protected":false},"excerpt":{"rendered":"Des difficult\u00e9s de circulation sont \u00e0 pr\u00e9voir ce vendredi dans le sens des retours. Bison fut\u00e9 voit rouge&hellip;\n","protected":false},"author":2,"featured_media":336059,"comment_status":"","ping_status":"","sticky":false,"template":"","format":"standard","meta":{"footnotes":""},"categories":[1889],"tags":[1111,11,2738,4646,2430,3542,2730,1777,674,107,1011,27,329,4522,4638,881,108,2428,12,25,2429,5508,2803,4520],"class_list":{"0":"post-336058","1":"post","2":"type-post","3":"status-publish","4":"format-standard","5":"has-post-thumbnail","7":"category-lyon","8":"tag-actu","9":"tag-actualites","10":"tag-ain","11":"tag-ardeche","12":"tag-auvergne-rhone-alpes","13":"tag-circulation","14":"tag-drome","15":"tag-eu","16":"tag-europe","17":"tag-fil-info","18":"tag-fr","19":"tag-france","20":"tag-france-monde","21":"tag-haute-provence","22":"tag-haute-savoie","23":"tag-hautes-alpes","24":"tag-isere","25":"tag-lyon","26":"tag-news","27":"tag-republique-francaise","28":"tag-rhone","29":"tag-savoie","30":"tag-transport","31":"tag-vaucluse"},"share_on_mastodon":{"url":"https:\/\/pubeurope.com\/@fr\/115072165676509151","error":""},"_links":{"self":[{"href":"https:\/\/www.europesays.com\/fr\/wp-json\/wp\/v2\/posts\/336058","targetHints":{"allow":["GET"]}}],"collection":[{"href":"https:\/\/www.europesays.com\/fr\/wp-json\/wp\/v2\/posts"}],"about":[{"href":"https:\/\/www.europesays.com\/fr\/wp-json\/wp\/v2\/types\/post"}],"author":[{"embeddable":true,"href":"https:\/\/www.europesays.com\/fr\/wp-json\/wp\/v2\/users\/2"}],"replies":[{"embeddable":true,"href":"https:\/\/www.europesays.com\/fr\/wp-json\/wp\/v2\/comments?post=336058"}],"version-history":[{"count":0,"href":"https:\/\/www.europesays.com\/fr\/wp-json\/wp\/v2\/posts\/336058\/revisions"}],"wp:featuredmedia":[{"embeddable":true,"href":"https:\/\/www.europesays.com\/fr\/wp-json\/wp\/v2\/media\/336059"}],"wp:attachment":[{"href":"https:\/\/www.europesays.com\/fr\/wp-json\/wp\/v2\/media?parent=336058"}],"wp:term":[{"taxonomy":"category","embeddable":true,"href":"https:\/\/www.europesays.com\/fr\/wp-json\/wp\/v2\/categories?post=336058"},{"taxonomy":"post_tag","embeddable":true,"href":"https:\/\/www.europesays.com\/fr\/wp-json\/wp\/v2\/tags?post=336058"}],"curies":[{"name":"wp","href":"https:\/\/api.w.org\/{rel}","templated":true}]}}