{"id":336060,"date":"2025-08-22T11:25:13","date_gmt":"2025-08-22T11:25:13","guid":{"rendered":"https:\/\/www.europesays.com\/fr\/336060\/"},"modified":"2025-08-22T11:25:13","modified_gmt":"2025-08-22T11:25:13","slug":"kneecap-a-rock-en-seine-la-region-ile-de-france-retire-a-son-tour-sa-subvention-au-festival","status":"publish","type":"post","link":"https:\/\/www.europesays.com\/fr\/336060\/","title":{"rendered":"Kneecap \u00e0 Rock en Seine : la r\u00e9gion \u00cele-de-France retire \u00e0 son tour sa subvention au festival"},"content":{"rendered":"<ul class=\"jsx-862013697 ArticleChapo__List\">\n<li class=\"jsx-862013697 ArticleChapo__List_Item flex\">Le concert du groupe irlandais Kneecap pr\u00e9vu dimanche \u00e0 Rock en Seine continue de faire des vagues.<\/li>\n<li class=\"jsx-862013697 ArticleChapo__List_Item flex\">Apr\u00e8s la ville de Saint-Cloud, c&rsquo;est au tour de la R\u00e9gion \u00cele-de-France d&rsquo;annuler sa subvention au festival en raison notamment du soutien du trio \u00e0 la Palestine.<\/li>\n<li class=\"jsx-862013697 ArticleChapo__List_Item flex\">Jusqu&rsquo;ici, la manifestation maintient leur performance, les artistes ayant assur\u00e9 qu&rsquo;il n&rsquo;y aurait \u00ab\u00a0aucun d\u00e9bordement\u00a0\u00bb.<\/li>\n<\/ul>\n<p data-module=\"article-paragraph\" class=\"jsx-3046738180 Paragraph Paragraph__End\">La pression monte \u00e0 48 heures de la performance du trio irlandais Kneecap \u00e0 Rock en Seine. <a href=\"https:\/\/www.tf1info.fr\/culture\/kneecap-au-festival-rock-en-seine-2025-la-ville-de-saint-cloud-retire-sa-subvention-au-festival-2383340.html\" target=\"_blank\" rel=\"noopener\">Apr\u00e8s la mairie de Saint-Cloud au d\u00e9but de l\u2019\u00e9t\u00e9<\/a>, c\u2019est au tour de la R\u00e9gion \u00cele-de-France d&rsquo;annoncer le retrait de sa subvention au festival afin de protester contre la pr\u00e9sence du groupe, soutien de la Palestine et poursuivi au Royaume-Uni pour \u00ab\u00a0infraction terroriste\u00a0\u00bb apr\u00e8s avoir arbor\u00e9 un drapeau du Hezbollah pendant un concert \u00e0 Londres en 2024.<\/p>\n<p data-module=\"article-paragraph\" class=\"jsx-3046738180 Paragraph Paragraph__End\">L\u2019annonce a \u00e9t\u00e9 effectu\u00e9e sur le r\u00e9seau X par J\u00e9r\u00e9my Redler, maire du XVI\u1d49 arrondissement de Paris et conseiller r\u00e9gional d\u2019\u00cele-de-France, d\u00e9l\u00e9gu\u00e9 sp\u00e9cial aux Grands \u00c9v\u00e9nements internationaux et aux Salons. \u00ab\u00a0Rock en Seine ne souhaitant pas d\u00e9programmer le groupe Kneecap, avec la Pr\u00e9sidente Val\u00e9rie P\u00e9cresse, nous avons imm\u00e9diatement r\u00e9agi en d\u00e9cidant qu\u2019il n\u2019y aura pas un euro de subvention de la r\u00e9gion \u00cele-de-France pour ce festival\u00a0\u00bb, \u00e9crit-il.<\/p>\n<blockquote data-testid=\"EmbedTwitter\" id=\"tweet-1958644795989270925-:R9acmj9n79m:\" class=\"jsx-aeff1a1c40f54d7a twitter-tweet flex justify-center items-center\"><p>#RockEnSeine ne souhaitant pas d\u00e9programmer le groupe  #Kneecap , avec la Pr\u00e9sidente  @vpecresse nous avons imm\u00e9diatement r\u00e9agi en d\u00e9cidant qu\u2019il n\u2019y aura pas un euro de subvention de la r\u00e9gion  @iledefrance pour ce festival  pic.twitter.com\/3n2JMAIG2Z \u2014 J\u00e9r\u00e9my Redler (@Jeremy_Redler)  August 21, 2025<\/p><\/blockquote>\n<p data-module=\"article-paragraph\" class=\"jsx-3046738180 Paragraph Paragraph__End\">Cette d\u00e9cision n&rsquo;est pas n\u00e9gligeable pour la manifestation, pilot\u00e9e par le g\u00e9ant des festivals musicaux et tourn\u00e9es am\u00e9ricain AEG et le groupe de l&rsquo;homme d&rsquo;affaires fran\u00e7ais Matthieu Pigasse, Combat. D\u2019apr\u00e8s nos confr\u00e8res du Parisien, la somme vers\u00e9e par le conseil r\u00e9gional d&rsquo;\u00cele-de-France s\u2019\u00e9l\u00e8ve \u00e0 300.000 euros, sur un budget de fonctionnement estim\u00e9 aux alentours de 17 millions d&rsquo;euros. La somme retir\u00e9e par la Ville de Saint-Cloud avoisinait elle les 40.000 euros.<\/p>\n<p data-module=\"article-paragraph\" class=\"jsx-3046738180 Paragraph Paragraph__End\">Jeudi, le pr\u00e9sident du Conseil repr\u00e9sentatif des institutions juives de France a demand\u00e9 l&rsquo;annulation pure et simple du concert de Kneecap. Dans un message post\u00e9 sur X, <a href=\"https:\/\/www.tf1info.fr\/culture\/festival-de-la-honte-le-crif-reclame-l-annulation-du-concert-du-groupe-irlandais-kneecap-a-rock-en-seine-2389969.html\" target=\"_blank\" rel=\"noopener\">Yonathan Arfi accuse Rock en Seine de se transformer en \u00ab\u00a0festival de la honte\u00a0\u00bb<\/a> en accueillant des musiciens qui \u00ab\u00a0profanent la m\u00e9moire des 50 Fran\u00e7ais victimes du Hamas le 7-Octobre comme de toutes les victimes fran\u00e7aises du Hezbollah, dont les 58 soldats fran\u00e7ais morts le 23 octobre 1983 lors de l&rsquo;attentat du Drakkar\u00a0\u00bb (\u00e0 Beyrouth, ndlr).\u00a0<\/p>\n<p><a href=\"https:\/\/www.tf1info.fr\/culture\/qui-se-cache-derriere-kneecap-le-groupe-de-rap-nord-irlandais-accuse-de-soutenir-le-hezbollah-2372414.html\" rel=\"noopener\" class=\"jsx-3308031228 Link flex\" target=\"_blank\"><img decoding=\"async\" src=\"https:\/\/www.europesays.com\/fr\/wp-content\/uploads\/2025\/08\/kneecap-irlande-du-nord-musique-d7ed26-0@1x.jpeg\" alt=\"Le groupe de rap nord-irlandais Kneecap le 8 d\u00e9cembre 2024 lors des 27e British Independent Film Awards Awards.\" loading=\"lazy\" importance=\"low\" fetchpriority=\"low\" class=\"\" aria-hidden=\"true\"\/><\/p>\n<p class=\"jsx-3657663356 ReadMoreArticle__Title\">Lire aussi<\/p>\n<p class=\"jsx-3657663356\">Qui se cache derri\u00e8re Kneecap, le groupe de rap nord-irlandais accus\u00e9 de soutenir le Hezbollah ?<\/p>\n<p><\/a><\/p>\n<p data-module=\"article-paragraph\" class=\"jsx-3046738180 Paragraph Paragraph__End\">Jusqu&rsquo;ici, Rock en Seine a toujours exclu d&rsquo;annuler le concert de Kneecap, le directeur de la manifestation affirmant avoir re\u00e7u l&rsquo;assurance du groupe irlandais qu&rsquo;il n&rsquo;y aurait \u00ab\u00a0pas de d\u00e9bordement\u00a0\u00bb. Cet \u00e9t\u00e9, le trio s&rsquo;est produit \u00e0 plusieurs reprises en France, aux Eurock\u00e9ennes de Belfort et au Cabaret vert de Charleville-M\u00e9zi\u00e8res, \u00e0 chaque fois sans incident.<\/p>\n<p data-module=\"article-paragraph\" class=\"jsx-3046738180 Paragraph Paragraph__End\">\u00ab\u00a0Tout propos \u00e0 caract\u00e8re antis\u00e9mite, d&rsquo;apologie du terrorisme ou appelant \u00e0 la haine\u00a0\u00bb fera \u00ab\u00a0l&rsquo;objet de poursuites judiciaires\u00a0\u00bb, a mis en garde le ministre de l&rsquo;Int\u00e9rieur Bruno Retailleau, dans une lettre dat\u00e9e du 14 ao\u00fbt, en r\u00e9ponse \u00e0 Caroline Yadan, d\u00e9put\u00e9e de la 8\u1d49 circonscription des Fran\u00e7ais \u00e9tablis hors de France dont Isra\u00ebl fait partie et qui l&rsquo;avait interpell\u00e9 sur le sujet.<\/p>\n<p>J\u00e9r\u00f4me VERMELIN<\/p>\n<p><script async src=\"https:\/\/platform.twitter.com\/widgets.js\" charset=\"utf-8\"><\/script><\/p>\n","protected":false},"excerpt":{"rendered":"Le concert du groupe irlandais Kneecap pr\u00e9vu dimanche \u00e0 Rock en Seine continue de faire des vagues. Apr\u00e8s&hellip;\n","protected":false},"author":2,"featured_media":336061,"comment_status":"","ping_status":"","sticky":false,"template":"","format":"standard","meta":{"footnotes":""},"categories":[1592],"tags":[1111,11,1921,1777,674,1011,27,3519,7295,662,1922,12736,2041,12,626,25,133,2040],"class_list":{"0":"post-336060","1":"post","2":"type-post","3":"status-publish","4":"format-standard","5":"has-post-thumbnail","7":"category-ile-de-france","8":"tag-actu","9":"tag-actualites","10":"tag-article-video","11":"tag-eu","12":"tag-europe","13":"tag-fr","14":"tag-france","15":"tag-hamas","16":"tag-hezbollah","17":"tag-ile-de-france","18":"tag-info","19":"tag-israel-palestine","20":"tag-medias-et-divertissement","21":"tag-news","22":"tag-paris","23":"tag-republique-francaise","24":"tag-video","25":"tag-video-culture"},"share_on_mastodon":{"url":"https:\/\/pubeurope.com\/@fr\/115072173632137907","error":""},"_links":{"self":[{"href":"https:\/\/www.europesays.com\/fr\/wp-json\/wp\/v2\/posts\/336060","targetHints":{"allow":["GET"]}}],"collection":[{"href":"https:\/\/www.europesays.com\/fr\/wp-json\/wp\/v2\/posts"}],"about":[{"href":"https:\/\/www.europesays.com\/fr\/wp-json\/wp\/v2\/types\/post"}],"author":[{"embeddable":true,"href":"https:\/\/www.europesays.com\/fr\/wp-json\/wp\/v2\/users\/2"}],"replies":[{"embeddable":true,"href":"https:\/\/www.europesays.com\/fr\/wp-json\/wp\/v2\/comments?post=336060"}],"version-history":[{"count":0,"href":"https:\/\/www.europesays.com\/fr\/wp-json\/wp\/v2\/posts\/336060\/revisions"}],"wp:featuredmedia":[{"embeddable":true,"href":"https:\/\/www.europesays.com\/fr\/wp-json\/wp\/v2\/media\/336061"}],"wp:attachment":[{"href":"https:\/\/www.europesays.com\/fr\/wp-json\/wp\/v2\/media?parent=336060"}],"wp:term":[{"taxonomy":"category","embeddable":true,"href":"https:\/\/www.europesays.com\/fr\/wp-json\/wp\/v2\/categories?post=336060"},{"taxonomy":"post_tag","embeddable":true,"href":"https:\/\/www.europesays.com\/fr\/wp-json\/wp\/v2\/tags?post=336060"}],"curies":[{"name":"wp","href":"https:\/\/api.w.org\/{rel}","templated":true}]}}