{"id":336062,"date":"2025-08-22T11:26:12","date_gmt":"2025-08-22T11:26:12","guid":{"rendered":"https:\/\/www.europesays.com\/fr\/336062\/"},"modified":"2025-08-22T11:26:12","modified_gmt":"2025-08-22T11:26:12","slug":"israel-menace-de-detruire-la-ville-de-gaza-si-le-hamas-naccepte-pas-la-paix-a-ses-conditions-2","status":"publish","type":"post","link":"https:\/\/www.europesays.com\/fr\/336062\/","title":{"rendered":"Isra\u00ebl menace de d\u00e9truire la ville de Gaza si le Hamas n&rsquo;accepte pas la paix \u00e0 ses conditions"},"content":{"rendered":"\n<p class=\"c-chapo \">\n  Benyamin N\u00e9tanyahou avait annonc\u00e9 jeudi avoir ordonn\u00e9 des \u00ab\u00a0n\u00e9gociations imm\u00e9diates\u00a0\u00bb en vue de \u00ab\u00a0la lib\u00e9ration de tous [les] otages [encore d\u00e9tenus \u00e0 Gaza] et mettre fin \u00e0 la guerre dans des conditions acceptables pour Isra\u00ebl\u00a0\u00bb.\n<\/p>\n<p>            lire plus tard<\/p>\n<p id=\"dialog__title\" class=\"dialog__title\">Pour sauvegarder cet article, connectez-vous ou cr\u00e9ez un compte franceinfo<\/p>\n<p class=\"dialog__description\">Sans paiement. Sans abonnement.<\/p>\n<p>        Fermer la fen\u00eatre d\u2019activation des notifications France Info<\/p>\n<p>            cr\u00e9er votre compte<\/p>\n<p>            se connecter<\/p>\n<p>        Fermer la fen\u00eatre de pr\u00e9sentation<\/p>\n<p>    <img loading=\"lazy\" decoding=\"async\" class=\"signature__image lazyload\" width=\"100\" height=\"100\" data- alt=\"\" src=\"https:\/\/www.europesays.com\/fr\/wp-content\/uploads\/2025\/05\/64a68815cd1a7_placeholder-36b69ec8.png\"\/><\/p>\n<p>    Publi\u00e9 le 22\/08\/2025 12:00<\/p>\n<p>        Temps de lecture : 1min<\/p>\n<p>    <img decoding=\"async\"  alt=\"De la fum\u00e9e s'\u00e9l\u00e8ve apr\u00e8s des bombardements a\u00e9riens de l'arm\u00e9e isra\u00e9lienne sur la ville de Gaza, le 22 ao\u00fbt 2025. (HAMZA Z. H. QRAIQEA \/ ANADOLU \/ AFP)\" width=\"432\" height=\"243\" src=\"https:\/\/www.europesays.com\/fr\/wp-content\/uploads\/2025\/08\/1755861972_48_068-aa-22082025-2381039-68a81c24871f9982682941.jpg\" fetchpriority=\"high\"\/><\/p>\n<p>      De la fum\u00e9e s&rsquo;\u00e9l\u00e8ve apr\u00e8s des bombardements a\u00e9riens de l&rsquo;arm\u00e9e isra\u00e9lienne sur la ville de Gaza, le 22 ao\u00fbt 2025. (HAMZA Z. H. QRAIQEA \/ ANADOLU \/ AFP)<\/p>\n<p>Isra\u00ebl a menac\u00e9, vendredi 22 ao\u00fbt, <a href=\"https:\/\/www.franceinfo.fr\/monde\/proche-orient\/israel-palestine\/eradiquer-le-hamas-survie-politique-pression-dans-les-negociations-pourquoi-benyamin-netanyahou-projette-t-il-de-controler-toute-la-bande-de-gaza_7423171.html\" rel=\"nofollow noopener\" target=\"_blank\">de d\u00e9truire la ville de Gaza<\/a> si le Hamas n&rsquo;acceptait pas la paix \u00e0 ses conditions, au lendemain du feu vert donn\u00e9 par le Premier ministre Benyamin N\u00e9tanyahou \u00e0 des n\u00e9gociations visant \u00e0 lib\u00e9rer tous les otages restants \u00e0 Gaza.<\/p>\n<p>\u00ab\u00a0Bient\u00f4t, les portes de l&rsquo;enfer s&rsquo;ouvriront sur les meurtriers et les violeurs du Hamas \u00e0 Gaza, jusqu&rsquo;\u00e0 ce qu&rsquo;ils acceptent les conditions pos\u00e9es par Isra\u00ebl pour mettre fin \u00e0 la guerre, principalement la lib\u00e9ration de tous les otages et le d\u00e9sarmement\u00a0\u00bb du mouvement islamiste palestinien, a \u00e9crit le ministre isra\u00e9lien de la D\u00e9fense, Isra\u00ebl Katz, sur X.<\/p>\n<p>\u00ab\u00a0S&rsquo;ils n&rsquo;acceptent pas, Gaza, la capitale du Hamas, deviendra Rafah ou Beit Hanoun\u00a0\u00bb, a-t-il ajout\u00e9, faisant r\u00e9f\u00e9rence \u00e0 deux villes de la bande de Gaza largement ras\u00e9es par Isra\u00ebl dans la guerre qui l&rsquo;oppose au Hamas depuis bient\u00f4t deux ans.<\/p>\n<p>Jeudi soir, Benyamin N\u00e9tanyahou avait annonc\u00e9 <a href=\"https:\/\/www.franceinfo.fr\/monde\/proche-orient\/israel-palestine\/guerre-a-gaza-benyamin-netanyahou-ordonne-des-negociations-immediates-pour-liberer-tous-les-otages_7447453.html\" rel=\"nofollow noopener\" target=\"_blank\">avoir ordonn\u00e9 des \u00ab\u00a0n\u00e9gociations imm\u00e9diates\u00a0\u00bb<\/a> en vue de \u00ab\u00a0la lib\u00e9ration de tous [les] otages [encore d\u00e9tenus \u00e0 Gaza] et mettre fin \u00e0 la guerre dans des conditions acceptables pour Isra\u00ebl\u00a0\u00bb. Sans la citer explicitement, il r\u00e9pondait ainsi \u00e0 la <a href=\"https:\/\/www.franceinfo.fr\/monde\/proche-orient\/israel-palestine\/le-hamas-affirme-avoir-accepte-une-nouvelle-proposition-de-cessez-le-feu-a-gaza-l-egypte-dit-que-la-balle-est-dans-le-camp-israelien_7441972.html\" rel=\"nofollow noopener\" target=\"_blank\">derni\u00e8re proposition des m\u00e9diateurs<\/a> \u2013\u00a0Egypte, Qatar et Etats Unis\u00a0\u2013 en vue d&rsquo;un cessez-le-feu dans le territoire palestinien, accept\u00e9e par le Hamas lundi, mais qui ne pr\u00e9voit dans un premier temps que la lib\u00e9ration d&rsquo;une partie des otages.<\/p>\n","protected":false},"excerpt":{"rendered":"Benyamin N\u00e9tanyahou avait annonc\u00e9 jeudi avoir ordonn\u00e9 des \u00ab\u00a0n\u00e9gociations imm\u00e9diates\u00a0\u00bb en vue de \u00ab\u00a0la lib\u00e9ration de tous [les]&hellip;\n","protected":false},"author":2,"featured_media":335827,"comment_status":"","ping_status":"","sticky":false,"template":"","format":"standard","meta":{"footnotes":""},"categories":[1888],"tags":[1111,1928,11,1927,1777,674,1011,27,12,1926,626,1925,25],"class_list":{"0":"post-336062","1":"post","2":"type-post","3":"status-publish","4":"format-standard","5":"has-post-thumbnail","7":"category-paris","8":"tag-actu","9":"tag-actu-paris","10":"tag-actualites","11":"tag-actualites-paris","12":"tag-eu","13":"tag-europe","14":"tag-fr","15":"tag-france","16":"tag-news","17":"tag-news-paris","18":"tag-paris","19":"tag-paris-news","20":"tag-republique-francaise"},"share_on_mastodon":{"url":"https:\/\/pubeurope.com\/@fr\/115072177579429103","error":""},"_links":{"self":[{"href":"https:\/\/www.europesays.com\/fr\/wp-json\/wp\/v2\/posts\/336062","targetHints":{"allow":["GET"]}}],"collection":[{"href":"https:\/\/www.europesays.com\/fr\/wp-json\/wp\/v2\/posts"}],"about":[{"href":"https:\/\/www.europesays.com\/fr\/wp-json\/wp\/v2\/types\/post"}],"author":[{"embeddable":true,"href":"https:\/\/www.europesays.com\/fr\/wp-json\/wp\/v2\/users\/2"}],"replies":[{"embeddable":true,"href":"https:\/\/www.europesays.com\/fr\/wp-json\/wp\/v2\/comments?post=336062"}],"version-history":[{"count":0,"href":"https:\/\/www.europesays.com\/fr\/wp-json\/wp\/v2\/posts\/336062\/revisions"}],"wp:featuredmedia":[{"embeddable":true,"href":"https:\/\/www.europesays.com\/fr\/wp-json\/wp\/v2\/media\/335827"}],"wp:attachment":[{"href":"https:\/\/www.europesays.com\/fr\/wp-json\/wp\/v2\/media?parent=336062"}],"wp:term":[{"taxonomy":"category","embeddable":true,"href":"https:\/\/www.europesays.com\/fr\/wp-json\/wp\/v2\/categories?post=336062"},{"taxonomy":"post_tag","embeddable":true,"href":"https:\/\/www.europesays.com\/fr\/wp-json\/wp\/v2\/tags?post=336062"}],"curies":[{"name":"wp","href":"https:\/\/api.w.org\/{rel}","templated":true}]}}