{"id":336067,"date":"2025-08-22T11:29:10","date_gmt":"2025-08-22T11:29:10","guid":{"rendered":"https:\/\/www.europesays.com\/fr\/336067\/"},"modified":"2025-08-22T11:29:10","modified_gmt":"2025-08-22T11:29:10","slug":"110-appartements-inhabitables-amiante-a-paris-les-lourdes-consequences-dun-incendie-probablement-criminel","status":"publish","type":"post","link":"https:\/\/www.europesays.com\/fr\/336067\/","title":{"rendered":"110 appartements inhabitables, amiante\u00a0: \u00e0 Paris, les lourdes cons\u00e9quences d\u2019un incendie probablement criminel"},"content":{"rendered":"<p class=\"paragraph text_align_left lp-f-body-02\">Deux touristes \u00e9trangers se faisaient une joie de d\u00e9guster les sp\u00e9cialit\u00e9s du restaurant casher Beth Habad, <a href=\"https:\/\/www.leparisien.fr\/paris-75\/paris-un-violent-incendie-en-cours-dans-un-immeuble-a-bercy-01-04-2025-3PTORYUJQVAS5JJHE6V3MRHVLU.php\" target=\"_blank\" rel=\"noreferrer nofollow noopener\">rue de Bercy<\/a> (XIIe), ce jeudi 21 ao\u00fbt \u00e0 midi. Malheureusement pour ces deux hommes, le rideau de fer de cet \u00e9tablissement est baiss\u00e9. \u00ab En effet, c\u2019est \u00e9crit sur Google \u00bb, souffle l\u2019un d\u2019eux. Pour cause : un incendie survenu la semaine pass\u00e9e dans le parking de l\u2019immeuble situ\u00e9 du 52 au 62 de l\u2019art\u00e8re parisienne.<\/p>\n<p class=\"paragraph text_align_left lp-f-body-02\">Les faits remontent \u00e0 la nuit du 13 ao\u00fbt. Il est aux alentours de 3 heures du matin lorsque des odeurs de br\u00fbl\u00e9 r\u00e9veillent les habitants de cette voie parall\u00e8le au <a href=\"https:\/\/www.leparisien.fr\/paris-75\/ce-sera-le-meilleur-espace-de-paris-a-bercy-la-tres-attendue-renovation-du-celebre-skatepark-va-debuter-20-08-2025-4ZZCUCPDGJGMVA4ZZSAFRZZ6BU.php\" target=\"_blank\" rel=\"noreferrer nofollow noopener\">parc de Bercy<\/a>. C\u2019est dans le parking que le feu a pris. \u00ab Au moins trois v\u00e9hicules auraient \u00e9t\u00e9 incendi\u00e9s, stationn\u00e9s \u00e0 c\u00f4t\u00e9 d\u2019une borne \u00e9lectrique \u00bb, relate Yohan (le pr\u00e9nom a \u00e9t\u00e9 chang\u00e9), un des habitants de l\u2019immeuble. L\u2019incendie n\u2019a fait aucun bless\u00e9.<\/p>\n","protected":false},"excerpt":{"rendered":"Deux touristes \u00e9trangers se faisaient une joie de d\u00e9guster les sp\u00e9cialit\u00e9s du restaurant casher Beth Habad, rue de&hellip;\n","protected":false},"author":2,"featured_media":336068,"comment_status":"","ping_status":"","sticky":false,"template":"","format":"standard","meta":{"footnotes":""},"categories":[1888],"tags":[11,1777,674,118,1011,27,1944,12,626,25],"class_list":{"0":"post-336067","1":"post","2":"type-post","3":"status-publish","4":"format-standard","5":"has-post-thumbnail","7":"category-paris","8":"tag-actualites","9":"tag-eu","10":"tag-europe","11":"tag-faits-divers","12":"tag-fr","13":"tag-france","14":"tag-ma-ville","15":"tag-news","16":"tag-paris","17":"tag-republique-francaise"},"share_on_mastodon":{"url":"https:\/\/pubeurope.com\/@fr\/115072189299989437","error":""},"_links":{"self":[{"href":"https:\/\/www.europesays.com\/fr\/wp-json\/wp\/v2\/posts\/336067","targetHints":{"allow":["GET"]}}],"collection":[{"href":"https:\/\/www.europesays.com\/fr\/wp-json\/wp\/v2\/posts"}],"about":[{"href":"https:\/\/www.europesays.com\/fr\/wp-json\/wp\/v2\/types\/post"}],"author":[{"embeddable":true,"href":"https:\/\/www.europesays.com\/fr\/wp-json\/wp\/v2\/users\/2"}],"replies":[{"embeddable":true,"href":"https:\/\/www.europesays.com\/fr\/wp-json\/wp\/v2\/comments?post=336067"}],"version-history":[{"count":0,"href":"https:\/\/www.europesays.com\/fr\/wp-json\/wp\/v2\/posts\/336067\/revisions"}],"wp:featuredmedia":[{"embeddable":true,"href":"https:\/\/www.europesays.com\/fr\/wp-json\/wp\/v2\/media\/336068"}],"wp:attachment":[{"href":"https:\/\/www.europesays.com\/fr\/wp-json\/wp\/v2\/media?parent=336067"}],"wp:term":[{"taxonomy":"category","embeddable":true,"href":"https:\/\/www.europesays.com\/fr\/wp-json\/wp\/v2\/categories?post=336067"},{"taxonomy":"post_tag","embeddable":true,"href":"https:\/\/www.europesays.com\/fr\/wp-json\/wp\/v2\/tags?post=336067"}],"curies":[{"name":"wp","href":"https:\/\/api.w.org\/{rel}","templated":true}]}}