{"id":336093,"date":"2025-08-22T11:45:13","date_gmt":"2025-08-22T11:45:13","guid":{"rendered":"https:\/\/www.europesays.com\/fr\/336093\/"},"modified":"2025-08-22T11:45:13","modified_gmt":"2025-08-22T11:45:13","slug":"nous-esperons-que-pecco-aura-la-bonne-attitude","status":"publish","type":"post","link":"https:\/\/www.europesays.com\/fr\/336093\/","title":{"rendered":"Nous esp\u00e9rons que Pecco aura la bonne attitude"},"content":{"rendered":"<p>Ducati met les bouch\u00e9es doubles pour aider <a href=\"https:\/\/fr.motorsport.com\/driver\/pecco-bagnaia\/109394\/\" target=\"_blank\" rel=\"noopener\">Pecco Bagnaia<\/a>. Apr\u00e8s un Grand Prix d&rsquo;Autriche au d\u00e9roulement rest\u00e9 inexplicable, avec la perte de plusieurs positions en fin d&rsquo;\u00e9preuve, la marque a multipli\u00e9 les r\u00e9unions techniques et cherch\u00e9 des solutions. En EL1 au Balaton Park, l&rsquo;Italien a test\u00e9 des changements au niveau de la fourche, dans l&rsquo;espoir de retrouver de bonnes sensations sur l&rsquo;avant.<\/p>\n<p>\u00ab\u00a0Nous avons eu beaucoup de r\u00e9unions avec les ing\u00e9nieurs\u00a0\u00bb, a confirm\u00e9 Davide Tardozzi, le patron de l&rsquo;\u00e9quipe Ducati officielle, au site du MotoGP. \u00ab\u00a0Gigi [Dall&rsquo;Igna] et les ing\u00e9nieurs ont eu beaucoup de r\u00e9unions ces derniers jours pour comprendre ce qu&rsquo;il s&rsquo;est pass\u00e9, parce que ce n&rsquo;est pas la position que Pecco m\u00e9rite avec son talent et ses comp\u00e9tences.\u00a0\u00bb<\/p>\n<p>\u00ab\u00a0Nous pensons que nous pouvons franchir un cap ici en Hongrie. Ce matin, il doit tester quelques nouveaut\u00e9s mais nous verrons ce qu&rsquo;il pourra faire dans la deuxi\u00e8me s\u00e9ance.\u00a0\u00bb<\/p>\n<p>En plus de planifier des changements sur la moto, Ducati doit aussi prendre en charge le mental et le moral de Pecco Bagnaia. Ce dernier a sembl\u00e9 abattu apr\u00e8s le Red Bull Ring, en \u00e9voquant <a href=\"https:\/\/fr.motorsport.com\/motogp\/news\/bagnaia-incomprehension-ducati-expliquer\/10751433\/\" target=\"_blank\" rel=\"noopener\">des difficult\u00e9s \u00e0 conserver sa patience<\/a> avant <a href=\"https:\/\/fr.motorsport.com\/motogp\/news\/bagnaia-apaise-situation-ducati-personne-offense\/10752197\/\" target=\"_blank\" rel=\"noopener\">de r\u00e9trop\u00e9daler jeudi<\/a>, mettant ses propos sur le coup de la col\u00e8re.<\/p>\n<p>Pour Tardozzi, la priorit\u00e9 est de conserver un Bagnaia mobilis\u00e9\u00a0: \u00ab\u00a0Au final, il faut g\u00e9rer son cerveau, parce que nous avons des soucis sur la moto, qui font qu&rsquo;elle ne convient pas \u00e0 son style de pilotage actuellement, [il perd] sa confiance. Il faut comprendre pourquoi et nous esp\u00e9rons que Pecco aura la bonne attitude pour nous laisser faire le n\u00e9cessaire pour progresser.\u00a0\u00bb<\/p>\n<p>   <img decoding=\"async\" draggable=\"false\" src=\"https:\/\/www.europesays.com\/fr\/wp-content\/uploads\/2025\/08\/1755863113_370_francesco-bagnaia-ducati-team.jpg\" alt=\"Francesco Bagnaia, Ducati Team\" width=\"1200\" height=\"800\" loading=\"lazy\"\/> <\/p>\n<p class=\"title\">Pecco Bagnaia<\/p>\n<p class=\"photographer\">Photo de: Gold and Goose Photography \/ LAT Images \/ via Getty Images<\/p>\n<p>La situation est compliqu\u00e9e par le fait que <a href=\"https:\/\/fr.motorsport.com\/driver\/marc-marquez\/92646\/\" target=\"_blank\" rel=\"noopener\">Marc M\u00e1rquez<\/a> domine le championnat avec la version 2025 de la Ducati, qui pose pourtant des probl\u00e8mes, de nature diff\u00e9rente, aux deux autres pilotes qui en disposent, Pecco Bagnaia et <a href=\"https:\/\/fr.motorsport.com\/driver\/fabio-di-giannantonio\/289538\/\" target=\"_blank\" rel=\"noopener\">Fabio Di Giannantonio<\/a>. Faut-il en conclure que la GP25 n&rsquo;a pas apport\u00e9 d&rsquo;am\u00e9lioration par rapport \u00e0 la GP24\u00a0?<\/p>\n<p>\u00ab\u00a0En un sens, pour ces deux pilotes, oui, m\u00eame si nous menons le championnat avec la 2025. Nous pensons que la moto est bonne mais elle n&rsquo;est probablement pas parfaitement adapt\u00e9e au style de pilotage des deux Italiens. Nous verrons parce que nous sommes confiants pour trouver la voie.\u00a0\u00bb<\/p>\n<p>Lire aussi :<\/p>\n<p>Dans cet article<\/p>\n<p>Soyez le premier inform\u00e9 et souscrivez aux alertes mails pour recevoir les infos en temps r\u00e9el<\/p>\n<p>    S&rsquo;abonner aux alertes de news<\/p>\n","protected":false},"excerpt":{"rendered":"Ducati met les bouch\u00e9es doubles pour aider Pecco Bagnaia. Apr\u00e8s un Grand Prix d&rsquo;Autriche au d\u00e9roulement rest\u00e9 inexplicable,&hellip;\n","protected":false},"author":2,"featured_media":336094,"comment_status":"","ping_status":"","sticky":false,"template":"","format":"standard","meta":{"footnotes":""},"categories":[1413],"tags":[21747,4950,1011,27,21746,5038,1457,1456,1458,60,47293],"class_list":{"0":"post-336093","1":"post","2":"type-post","3":"status-publish","4":"format-standard","5":"has-post-thumbnail","7":"category-moto","8":"tag-balaton-park","9":"tag-ducati-team","10":"tag-fr","11":"tag-france","12":"tag-gp-de-hongrie","13":"tag-marc-mu00e1rquez","14":"tag-moto","15":"tag-motocycle","16":"tag-motogp","17":"tag-sports","18":"tag-tardozziu00a0-nous-espu00e9rons-que-pecco-aura-la-bonne-attitude"},"share_on_mastodon":{"url":"https:\/\/pubeurope.com\/@fr\/115072252470935147","error":""},"_links":{"self":[{"href":"https:\/\/www.europesays.com\/fr\/wp-json\/wp\/v2\/posts\/336093","targetHints":{"allow":["GET"]}}],"collection":[{"href":"https:\/\/www.europesays.com\/fr\/wp-json\/wp\/v2\/posts"}],"about":[{"href":"https:\/\/www.europesays.com\/fr\/wp-json\/wp\/v2\/types\/post"}],"author":[{"embeddable":true,"href":"https:\/\/www.europesays.com\/fr\/wp-json\/wp\/v2\/users\/2"}],"replies":[{"embeddable":true,"href":"https:\/\/www.europesays.com\/fr\/wp-json\/wp\/v2\/comments?post=336093"}],"version-history":[{"count":0,"href":"https:\/\/www.europesays.com\/fr\/wp-json\/wp\/v2\/posts\/336093\/revisions"}],"wp:featuredmedia":[{"embeddable":true,"href":"https:\/\/www.europesays.com\/fr\/wp-json\/wp\/v2\/media\/336094"}],"wp:attachment":[{"href":"https:\/\/www.europesays.com\/fr\/wp-json\/wp\/v2\/media?parent=336093"}],"wp:term":[{"taxonomy":"category","embeddable":true,"href":"https:\/\/www.europesays.com\/fr\/wp-json\/wp\/v2\/categories?post=336093"},{"taxonomy":"post_tag","embeddable":true,"href":"https:\/\/www.europesays.com\/fr\/wp-json\/wp\/v2\/tags?post=336093"}],"curies":[{"name":"wp","href":"https:\/\/api.w.org\/{rel}","templated":true}]}}