{"id":336103,"date":"2025-08-22T11:50:11","date_gmt":"2025-08-22T11:50:11","guid":{"rendered":"https:\/\/www.europesays.com\/fr\/336103\/"},"modified":"2025-08-22T11:50:11","modified_gmt":"2025-08-22T11:50:11","slug":"je-suis-un-peu-un-crack-des-baleines-claude-bourque-sculpte-un-cachalot-en-bois-brule-au-festival-du-film-insulaire-de-groix","status":"publish","type":"post","link":"https:\/\/www.europesays.com\/fr\/336103\/","title":{"rendered":"\u00ab\u00a0Je suis un peu un crack des baleines\u00a0\u00bb\u00a0: Claude Bourque sculpte un cachalot en bois br\u00fbl\u00e9 au Festival du film insulaire de Groix"},"content":{"rendered":"<p>Un cachalot de deux m\u00e8tres s\u2019est \u00e9chou\u00e9 dans la prairie de Port-Lay, site du <a href=\"https:\/\/www.letelegramme.fr\/morbihan\/groix-56590\/musique-danses-et-rires-le-festival-du-film-insulaire-de-groix-est-bien-lance-6874117.php\" target=\"_blank\" rel=\"noopener\">Festival international du film insulaire de Groix (Fifig)<\/a>. Heureusement, il est en bois, r\u00e9colt\u00e9 d\u2019un arbre sur l\u2019\u00eele\u00a0! Comme chaque ann\u00e9e, le Fifig fait appel \u00e0 un sculpteur pour immortaliser le festival. L\u2019invit\u00e9 d\u2019honneur de cette 24e \u00e9dition est Claude Bourque, originaire des \u00eeles de la Madeleine, au Canada. L\u2019artiste a d\u00e9cid\u00e9 de repr\u00e9senter un cachalot, qu\u2019il souhaite suspendre en l\u2019air.<\/p>\n<p>\u00ab\u00a0Pendant deux jours, je suis venu m\u2019asseoir \u00e0 c\u00f4t\u00e9 de la b\u00fbche pour lui parler, savoir comment j\u2019allais l\u2019aborder avec les formes de l\u2019arbre\u00a0\u00bb. Le sch\u00e9ma en t\u00eate, place au travail. \u00ab\u00a0L\u00e0, je commence \u00e0 la tron\u00e7onneuse pour d\u00e9grossir le plus possible. Apr\u00e8s, \u00e7a va \u00eatre du fignolage avec des outils plus fins, plus adapt\u00e9s.\u00a0\u00bb Claude Bourque ajoutera sa touche finale au chalumeau, pour br\u00fbler la surface du bois. \u00ab\u00a0La br\u00fblure agit comme un r\u00e9pulsif contre les animaux, donc \u00e7a pourrit moins vite.\u00a0\u00bb Le sculpteur consacre cinq \u00e0 six heures par jour \u00e0 sa b\u00fbche, le temps du festival. Autre chef-d\u2019\u0153uvre, les troph\u00e9es. Eux aussi confectionn\u00e9s en bois br\u00fbl\u00e9, durant l\u2019\u00e9t\u00e9, chez lui.<\/p>\n<p><img decoding=\"async\" src=\"https:\/\/www.europesays.com\/fr\/wp-content\/uploads\/2025\/08\/68a76d14ecdbd9c7800557a0.1.jpeg\" width=\"480\" height=\"300\" class=\"web_golden_m\" loading=\"lazy\" alt=\"Claude Bourque passe cinq \u00e0 six heures de ses journ\u00e9es \u00e0 donner vie \u00e0 un cachalot.\"\/>Claude Bourque passe cinq \u00e0 six heures de ses journ\u00e9es \u00e0 donner vie \u00e0 un cachalot. (Le T\u00e9l\u00e9gramme\/Nicolas Fontaine)\u00ab\u00a0Un crack des baleines\u00a0\u00bb<\/p>\n<p>Le bois n\u2019est pas le mat\u00e9riau de pr\u00e9dilection du Canadien. \u00ab\u00a0Je travaille surtout avec des os de mammif\u00e8res marins. Je vais d\u00e9pecer l\u2019animal pour r\u00e9cup\u00e9rer ses os. \u00c7a prend beaucoup de mois, m\u00eames d\u2019ann\u00e9es pour qu\u2019ils soient exempts de gras. Je laisse la nature faire son travail de nettoyage.\u00a0\u00bb<\/p>\n<p>Voil\u00e0 une quarantaine d\u2019ann\u00e9es que Claude Bourque r\u00e9alise ce travail. Son fantasme pour les mammif\u00e8res marins remonte plus loin. \u00ab\u00a0Ils sont dans ma t\u00eate tout le temps\u00a0! Je suis un peu un crack des baleines, plaisante le Madelinot. Ce sont des animaux tr\u00e8s particuliers. Ils dorment debout, en clan. Ils peuvent descendre \u00e0 3 km de profondeur pour se nourrir et passer 90 minutes sous l\u2019eau, avant d\u2019aller respirer \u00e0 la surface. Des facult\u00e9s in\u00e9dites\u00a0!\u00a0\u00bb Claude Bourque a c\u00f4toy\u00e9 scientifiques et v\u00e9t\u00e9rinaires. En 2014, il a reconstitu\u00e9 un squelette complet &#8211; quinze m\u00e8tres de long &#8211; aujourd\u2019hui expos\u00e9 au Mus\u00e9e de la mer des \u00eeles de la Madeleine.<\/p>\n<p>Claude Bourque \u00e0 l\u2019\u00e9cran<\/p>\n<p>Le Madelinot \u00e9tait sous le feu des projecteurs, au Cin\u00e9ma des familles, <a href=\"https:\/\/www.letelegramme.fr\/morbihan\/groix-56590\/festival-du-film-insulaire-de-groix-ce-quil-ne-faut-pas-rater-ce-jeudi-21-aout-6873848.php\" target=\"_blank\" rel=\"noopener\">ce jeudi 21 ao\u00fbt<\/a>. Dans le documentaire d\u2019une bonne heure, on retrouve le sculpteur et deux de ses amis sur leurs \u00eeles natales, en 2018. Leur mission : construire \u00ab un cul pointu \u00bb. Un bateau traditionnel des \u00eeles de la Madeleine, autrefois emprunt\u00e9 par les p\u00eacheurs. \u00ab Un de nos copains nous a film\u00e9s en train de le faire. \u00bb R\u00e9alis\u00e9 par Marie-Christine Lavoie et James Gray, il sera diffus\u00e9 une seconde fois \u00e0 la salle des f\u00eates, ce dimanche 24 ao\u00fbt \u00e0 14\u00a0h.<\/p>\n","protected":false},"excerpt":{"rendered":"Un cachalot de deux m\u00e8tres s\u2019est \u00e9chou\u00e9 dans la prairie de Port-Lay, site du Festival international du film&hellip;\n","protected":false},"author":2,"featured_media":336104,"comment_status":"","ping_status":"","sticky":false,"template":"","format":"standard","meta":{"footnotes":""},"categories":[1358],"tags":[3734,1348,1384,1385,251,1386,58,59,849,47294,1011,27,35648,1781,3729,3899],"class_list":{"0":"post-336103","1":"post","2":"type-post","3":"status-publish","4":"format-standard","5":"has-post-thumbnail","7":"category-arts-et-design","8":"tag-art","9":"tag-arts","10":"tag-arts-and-design","11":"tag-arts-et-design","12":"tag-culture","13":"tag-design","14":"tag-divertissement","15":"tag-entertainment","16":"tag-festival","17":"tag-fifig","18":"tag-fr","19":"tag-france","20":"tag-ile-de-groix","21":"tag-lorient","22":"tag-morbihan","23":"tag-sculpture"},"share_on_mastodon":{"url":"https:\/\/pubeurope.com\/@fr\/115072271877700944","error":""},"_links":{"self":[{"href":"https:\/\/www.europesays.com\/fr\/wp-json\/wp\/v2\/posts\/336103","targetHints":{"allow":["GET"]}}],"collection":[{"href":"https:\/\/www.europesays.com\/fr\/wp-json\/wp\/v2\/posts"}],"about":[{"href":"https:\/\/www.europesays.com\/fr\/wp-json\/wp\/v2\/types\/post"}],"author":[{"embeddable":true,"href":"https:\/\/www.europesays.com\/fr\/wp-json\/wp\/v2\/users\/2"}],"replies":[{"embeddable":true,"href":"https:\/\/www.europesays.com\/fr\/wp-json\/wp\/v2\/comments?post=336103"}],"version-history":[{"count":0,"href":"https:\/\/www.europesays.com\/fr\/wp-json\/wp\/v2\/posts\/336103\/revisions"}],"wp:featuredmedia":[{"embeddable":true,"href":"https:\/\/www.europesays.com\/fr\/wp-json\/wp\/v2\/media\/336104"}],"wp:attachment":[{"href":"https:\/\/www.europesays.com\/fr\/wp-json\/wp\/v2\/media?parent=336103"}],"wp:term":[{"taxonomy":"category","embeddable":true,"href":"https:\/\/www.europesays.com\/fr\/wp-json\/wp\/v2\/categories?post=336103"},{"taxonomy":"post_tag","embeddable":true,"href":"https:\/\/www.europesays.com\/fr\/wp-json\/wp\/v2\/tags?post=336103"}],"curies":[{"name":"wp","href":"https:\/\/api.w.org\/{rel}","templated":true}]}}