{"id":336105,"date":"2025-08-22T11:51:12","date_gmt":"2025-08-22T11:51:12","guid":{"rendered":"https:\/\/www.europesays.com\/fr\/336105\/"},"modified":"2025-08-22T11:51:12","modified_gmt":"2025-08-22T11:51:12","slug":"roman-un-polar-a-lancienne-signe-par-michael-perruchoud","status":"publish","type":"post","link":"https:\/\/www.europesays.com\/fr\/336105\/","title":{"rendered":"Roman. Un polar \u00e0 l\u2019ancienne sign\u00e9 par Micha\u00ebl Perruchoud"},"content":{"rendered":"<p class=\"\">Les commissaires Montalbano, Adamsberg et Maigret ont d\u00e9sormais un nouveau coll\u00e8gue: Jocelyn Mervelet. Ce policier-ci travaille \u00e0 Gen\u00e8ve et il s\u2019active plut\u00f4t du c\u00f4t\u00e9 des gratte-papier que des groupes d\u2019intervention. Pourtant, il a du flair, le bougre. Il s\u2019interroge quand les cadavres s\u2019accumulent un peu trop dans les statistiques qu\u2019il \u00e9pluche. Ces meurtres n\u2019ayant rien en commun pourraient bien \u00eatre le fait d\u2019un tueur en s\u00e9rie actif uniquement en fin de semaine. Dr\u00f4le de passe-temps. Donc ce flic d\u2019int\u00e9rieur phosphore, sort de ses chiffres et de son bureau. Il se prend quelques coups au passage que l\u2019on a envie de qualifier de bourre-pifs tant l\u2019\u00e9criture de cette fiction est savoureuse comme un bon polar \u00e0 l\u2019ancienne.<\/p>\n","protected":false},"excerpt":{"rendered":"Les commissaires Montalbano, Adamsberg et Maigret ont d\u00e9sormais un nouveau coll\u00e8gue: Jocelyn Mervelet. Ce policier-ci travaille \u00e0 Gen\u00e8ve&hellip;\n","protected":false},"author":2,"featured_media":336106,"comment_status":"","ping_status":"","sticky":false,"template":"","format":"standard","meta":{"footnotes":""},"categories":[1357],"tags":[1379,58,59,1011,27,10868,1380,4747,2004],"class_list":{"0":"post-336105","1":"post","2":"type-post","3":"status-publish","4":"format-standard","5":"has-post-thumbnail","7":"category-livres","8":"tag-books","9":"tag-divertissement","10":"tag-entertainment","11":"tag-fr","12":"tag-france","13":"tag-geneve","14":"tag-livres","15":"tag-polar","16":"tag-roman"},"share_on_mastodon":{"url":"https:\/\/pubeurope.com\/@fr\/115072275789891930","error":""},"_links":{"self":[{"href":"https:\/\/www.europesays.com\/fr\/wp-json\/wp\/v2\/posts\/336105","targetHints":{"allow":["GET"]}}],"collection":[{"href":"https:\/\/www.europesays.com\/fr\/wp-json\/wp\/v2\/posts"}],"about":[{"href":"https:\/\/www.europesays.com\/fr\/wp-json\/wp\/v2\/types\/post"}],"author":[{"embeddable":true,"href":"https:\/\/www.europesays.com\/fr\/wp-json\/wp\/v2\/users\/2"}],"replies":[{"embeddable":true,"href":"https:\/\/www.europesays.com\/fr\/wp-json\/wp\/v2\/comments?post=336105"}],"version-history":[{"count":0,"href":"https:\/\/www.europesays.com\/fr\/wp-json\/wp\/v2\/posts\/336105\/revisions"}],"wp:featuredmedia":[{"embeddable":true,"href":"https:\/\/www.europesays.com\/fr\/wp-json\/wp\/v2\/media\/336106"}],"wp:attachment":[{"href":"https:\/\/www.europesays.com\/fr\/wp-json\/wp\/v2\/media?parent=336105"}],"wp:term":[{"taxonomy":"category","embeddable":true,"href":"https:\/\/www.europesays.com\/fr\/wp-json\/wp\/v2\/categories?post=336105"},{"taxonomy":"post_tag","embeddable":true,"href":"https:\/\/www.europesays.com\/fr\/wp-json\/wp\/v2\/tags?post=336105"}],"curies":[{"name":"wp","href":"https:\/\/api.w.org\/{rel}","templated":true}]}}