{"id":336107,"date":"2025-08-22T11:52:14","date_gmt":"2025-08-22T11:52:14","guid":{"rendered":"https:\/\/www.europesays.com\/fr\/336107\/"},"modified":"2025-08-22T11:52:14","modified_gmt":"2025-08-22T11:52:14","slug":"qui-est-shana-loustau-la-nouvelle-chroniqueuse-de-cyril-hanouna-dans-tout-beau-tout-n9uf-sur-w9","status":"publish","type":"post","link":"https:\/\/www.europesays.com\/fr\/336107\/","title":{"rendered":"Qui est Shana Loustau, la nouvelle chroniqueuse de Cyril Hanouna dans \u00abTout beau tout n9uf\u00bb sur W9"},"content":{"rendered":"<p>    Shana Loustau<br \/>\n                Capture \u00e9cran CNews<\/p>\n<p>La journaliste de 29 ans quitte CNews o\u00f9 elle travaillait depuis 2019 pour entamer une nouvelle aventure dans le talk-show du groupe M6 produit par H2O Productions.<\/p>\n<p class=\"fig-paragraph\">Le 11 juillet dernier,\u00a0<a href=\"http:\/\/tvmag.lefigaro.fr\/programme-tv\/actu-tele\/vous-allez-tous-beaucoup-me-manquer-une-figure-de-la-matinale-de-cnews-fait-ses-adieux-a-la-chaine-20250711\" target=\"_blank\" data-fig-type=\"Article\" rel=\"noopener nofollow\" data-gtm-custom-categorie=\"navigation\" data-gtm-custom-action=\"crossclick\" data-gtm-custom-label=\"Contextuel\" data-gtm-event=\"customEventSPE\" data-fig-domain=\"TVMAG\"><strong>Shana Loustau<\/strong> faisait ses adieux \u00e0 CNews<\/a>\u00a0au terme de la matinale. \u00ab Cela a \u00e9t\u00e9 un immense plaisir de travailler avec toi pendant ces quatre ann\u00e9es, lui a d\u00e9clar\u00e9 son coll\u00e8gue\u00a0<a href=\"https:\/\/tvmag.lefigaro.fr\/programme-tv\/romain-desarbres-cnews-est-proche-des-realites-du-pays_86fd6094-ccf4-11eb-bd0d-0c3dc43b2554\" target=\"_blank\" data-fig-type=\"Article\" rel=\"noopener nofollow\" data-gtm-custom-categorie=\"navigation\" data-gtm-custom-action=\"crossclick\" data-gtm-custom-label=\"Contextuel\" data-gtm-event=\"customEventSPE\" data-fig-domain=\"TVMAG\">Romain Desarbres.<\/a>\u00a0Tu es une excellente journaliste, intelligente avec un caract\u00e8re en or, bosseuse et dr\u00f4le. Ceux qui travailleront avec toi auront \u00e9norm\u00e9ment de chance.\u00a0\u00bb C\u2019est aupr\u00e8s de <strong>Cyril Hanouna<\/strong> que la journaliste originaire de Charente-Maritime a d\u00e9cid\u00e9 de poursuivre sa carri\u00e8re.<\/p>\n<p class=\"fig-paragraph\">Dans quelques jours, elle sera autour de la table de\u00a0<a href=\"https:\/\/tvmag.lefigaro.fr\/programme-tv\/programme\/tout-beau-tout-n9uf-f1073906085\" target=\"_blank\" rel=\"noopener nofollow\" data-gtm-custom-categorie=\"navigation\" data-gtm-custom-action=\"crossclick\" data-gtm-custom-label=\"Contextuel\" data-gtm-event=\"customEventSPE\"><strong>\u00ab Tout beau tout n9uf\u00a0\u00bb<\/strong><\/a>, le nouveau talk-show de W9 produit par H2O Productions. Selon nos informations, Shana Loustau sera charg\u00e9e de commenter et d\u2019analyser les cinq actualit\u00e9s fortes de la journ\u00e9e. Un r\u00f4le que tenait de temps \u00e0 autre son ami\u00a0<a href=\"http:\/\/tvmag.lefigaro.fr\/programme-tv\/people\/gauthier-le-bret-journaliste-de-cnews-est-devenu-papa-pour-la-premiere-fois-20250818\" target=\"_blank\" data-fig-type=\"Article\" rel=\"noopener nofollow\" data-gtm-custom-categorie=\"navigation\" data-gtm-custom-action=\"crossclick\" data-gtm-custom-label=\"Contextuel\" data-gtm-event=\"customEventSPE\" data-fig-domain=\"TVMAG\">Gauthier Le Bret<\/a>\u00a0il y a quelques mois dans \u00ab Touche pas \u00e0 mon poste!\u00a0\u00bb sur C8. Cette collaboration avec la soci\u00e9t\u00e9 de production de Cyril Hanouna n\u2019est pas sa premi\u00e8re puisqu\u2019elle pr\u00e9sentait le magazine \u00ab Au c\u0153ur de l\u2019enqu\u00eate\u00a0\u00bb sur la cha\u00eene CStar durant la saison 2023-2024.<\/p>\n<p>    Shana Loustau dans \u00ab Au c\u0153ur de l\u2019enqu\u00eate\u00a0\u00bb<br \/>\n                Capture \u00e9cran CStar<\/p>\n<p class=\"fig-body-link\">\n            \u00c0 lire aussi<br \/>\n        <a class=\"fig-body-link__link\" href=\"http:\/\/tvmag.lefigaro.fr\/programme-tv\/actu-tele\/arrivee-de-shana-loustau-nouveau-plateau-ce-qui-vous-attend-dans-tout-beau-tout-n9uf-avec-cyril-hanouna-20250821\" target=\"_blank\" data-fig-type=\"Article\" rel=\"noopener nofollow\" data-gtm-custom-categorie=\"navigation\" data-gtm-custom-action=\"crossclick\" data-gtm-custom-label=\"Contextuel\" data-gtm-event=\"customEventSPE\" data-fig-domain=\"TVMAG\">Arriv\u00e9e de Shana Loustau, nouveau plateau&#8230; Ce qui vous attend dans \u00abTout beau tout n9uf\u00bb avec Cyril Hanouna<br \/>\n    <\/a>\n<\/p>\n<p>                                    <a class=\"fig-a11y-skip a11y-hidden\" href=\"#fig-a11y-skip-main-inarticle\"><br \/>\n        Passer la publicit\u00e9<br \/>\n    <\/a><\/p>\n<p>Shana Loustau, des Cours Florent \u00e0 CNews<\/p>\n<p class=\"fig-paragraph\">Originaire de Royan o\u00f9 elle a vu le jour le 27 juillet 1996, Shana Loustau a grandi en r\u00e9gion parisienne, d\u2019abord dans le Val-de-Marne puis \u00e0 Levallois-Perret, dans les Hauts-de-Seine. Apr\u00e8s un bac \u00e9conomique et social d\u00e9croch\u00e9 avec mention, elle int\u00e8gre l\u2019\u00e9cole de journalisme de l\u2019EFJ Paris jusqu\u2019en juin 2018. Elle effectue notamment son stage de derni\u00e8re ann\u00e9e au sein de la r\u00e9daction du\u00a0<a href=\"http:\/\/www.lefigaro.fr\/medias\/audiences-radio-france-inter-au-defi-de-rester-en-tete-apres-le-mercato-estival-20250708\" target=\"_blank\" data-fig-type=\"NewsFlash\" rel=\"noopener nofollow\" data-gtm-custom-categorie=\"navigation\" data-gtm-custom-action=\"crossclick\" data-gtm-custom-label=\"Contextuel\" data-gtm-event=\"customEventSPE\" data-fig-domain=\"LEFIGARO\">\u00ab 5\/7\u00a0\u00bb de France Inter<\/a>, la matinale pr\u00e9sent\u00e9e par H\u00e9l\u00e8ne Roussel.<\/p>\n<p class=\"fig-paragraph\">En marge de ses \u00e9tudes de journaliste, elle s\u2019est essay\u00e9e au th\u00e9\u00e2tre via\u00a0<a href=\"http:\/\/www.lefigaro.fr\/theatre\/deces-de-francois-florent-fondateur-du-cours-florent-a-84-ans-20210927\" target=\"_blank\" data-fig-type=\"NewsFlash\" rel=\"noopener nofollow\" data-gtm-custom-categorie=\"navigation\" data-gtm-custom-action=\"crossclick\" data-gtm-custom-label=\"Contextuel\" data-gtm-event=\"customEventSPE\" data-fig-domain=\"LEFIGARO\">le Cours Florent, \u00e0 Paris<\/a>. \u00ab Cela m\u2019a beaucoup aid\u00e9e. Au-del\u00e0 d\u2019apprendre \u00e0 jouer la com\u00e9die, \u00e7a apprend \u00e0 se d\u00e9tacher du regard et du jugement des autres\u00a0\u00bb, a-t-elle confi\u00e9 sur la cha\u00eene YouTube La CNewserie. Shana Loustau obtient son premier contrat au sein de la r\u00e9daction de CNews en 2019 en alternance avec un master au CFPJ puis est d\u00e9finitivement engag\u00e9e en 2022.<\/p>\n<p class=\"fig-paragraph\">Sa notori\u00e9t\u00e9 grandissante au sein de la cha\u00eene d\u2019information du groupe Canal+ lui apporte de nombreux encouragements comme des critiques sur les r\u00e9seaux sociaux. Parmi eux, certains la suspectent d\u2019\u00eatre la fille d\u2019Axel Loustau (un ancien militant du syndicat ultradroite GUD, Groupe union d\u00e9fense, ex-\u00e9lu RN et proche de Marine Le Pen) et la s\u0153ur de\u00a0<a href=\"http:\/\/www.lefigaro.fr\/actualite-france\/gerald-darmanin-va-proposer-la-dissolution-du-groupe-d-ultradroite-gud-20240619\" target=\"_blank\" data-fig-type=\"NewsFlash\" rel=\"noopener nofollow\" data-gtm-custom-categorie=\"navigation\" data-gtm-custom-action=\"crossclick\" data-gtm-custom-label=\"Contextuel\" data-gtm-event=\"customEventSPE\" data-fig-domain=\"LEFIGARO\">Gabriel Loustau, figure du GUD<\/a>. \u00ab Mon p\u00e8re s\u2019appelle Jean-Pierre, y a-t-elle r\u00e9pondu. Je n\u2019ai absolument aucun lien avec monsieur Axel Loustau, de pr\u00e8s ou de loin. Nous partageons simplement le m\u00eame nom de famille. C\u2019est d\u2019ailleurs la seule chose que nous partageons.\u00a0\u00bb<\/p>\n","protected":false},"excerpt":{"rendered":"Shana Loustau Capture \u00e9cran CNews La journaliste de 29 ans quitte CNews o\u00f9 elle travaillait depuis 2019 pour&hellip;\n","protected":false},"author":2,"featured_media":336108,"comment_status":"","ping_status":"","sticky":false,"template":"","format":"standard","meta":{"footnotes":""},"categories":[1356],"tags":[1083,58,59,1011,27,252,1364,2395],"class_list":{"0":"post-336107","1":"post","2":"type-post","3":"status-publish","4":"format-standard","5":"has-post-thumbnail","7":"category-television","8":"tag-cyril-hanouna","9":"tag-divertissement","10":"tag-entertainment","11":"tag-fr","12":"tag-france","13":"tag-television","14":"tag-tv","15":"tag-w9"},"share_on_mastodon":{"url":"https:\/\/pubeurope.com\/@fr\/115072280033961984","error":""},"_links":{"self":[{"href":"https:\/\/www.europesays.com\/fr\/wp-json\/wp\/v2\/posts\/336107","targetHints":{"allow":["GET"]}}],"collection":[{"href":"https:\/\/www.europesays.com\/fr\/wp-json\/wp\/v2\/posts"}],"about":[{"href":"https:\/\/www.europesays.com\/fr\/wp-json\/wp\/v2\/types\/post"}],"author":[{"embeddable":true,"href":"https:\/\/www.europesays.com\/fr\/wp-json\/wp\/v2\/users\/2"}],"replies":[{"embeddable":true,"href":"https:\/\/www.europesays.com\/fr\/wp-json\/wp\/v2\/comments?post=336107"}],"version-history":[{"count":0,"href":"https:\/\/www.europesays.com\/fr\/wp-json\/wp\/v2\/posts\/336107\/revisions"}],"wp:featuredmedia":[{"embeddable":true,"href":"https:\/\/www.europesays.com\/fr\/wp-json\/wp\/v2\/media\/336108"}],"wp:attachment":[{"href":"https:\/\/www.europesays.com\/fr\/wp-json\/wp\/v2\/media?parent=336107"}],"wp:term":[{"taxonomy":"category","embeddable":true,"href":"https:\/\/www.europesays.com\/fr\/wp-json\/wp\/v2\/categories?post=336107"},{"taxonomy":"post_tag","embeddable":true,"href":"https:\/\/www.europesays.com\/fr\/wp-json\/wp\/v2\/tags?post=336107"}],"curies":[{"name":"wp","href":"https:\/\/api.w.org\/{rel}","templated":true}]}}