{"id":336109,"date":"2025-08-22T11:53:17","date_gmt":"2025-08-22T11:53:17","guid":{"rendered":"https:\/\/www.europesays.com\/fr\/336109\/"},"modified":"2025-08-22T11:53:17","modified_gmt":"2025-08-22T11:53:17","slug":"meme-chino-moreno-de-deftones-ne-sait-pas-pourquoi-stephen-carpenter-refuse-les-tournees-a-letranger","status":"publish","type":"post","link":"https:\/\/www.europesays.com\/fr\/336109\/","title":{"rendered":"M\u00eame Chino Moreno de Deftones ne sait pas pourquoi Stephen Carpenter refuse les tourn\u00e9es \u00e0 l\u2019\u00e9tranger"},"content":{"rendered":"<p><strong>Chino Moreno admet ne pas vraiment comprendre pourquoi son guitariste Stephen Carpenter refuse toujours de participer aux tourn\u00e9es internationales, malgr\u00e9 le soutien ind\u00e9fectible du groupe et la sortie aujourd\u2019hui de leur nouvel album Private Music, d\u00e9j\u00e0 salu\u00e9 par la critique.<\/strong><\/p>\n<p>Chino Moreno soutient mais reste dans le flou<\/p>\n<p>Depuis 2022, Stephen Carpenter ne prend plus part aux concerts de <a href=\"https:\/\/www.metalzone.fr\/deftones\/\" rel=\"nofollow noopener\" target=\"_blank\">Deftones<\/a> hors d\u2019Am\u00e9rique du Nord. \u00c0 l\u2019\u00e9poque, il avait expliqu\u00e9 ne pas \u00eatre pr\u00eat \u00e0 quitter son foyer dans un contexte mondial incertain. Depuis, il a \u00e9voqu\u00e9 des probl\u00e8mes d\u2019anxi\u00e9t\u00e9 et une appr\u00e9hension vis-\u00e0-vis des voyages en avion, tout en r\u00e9v\u00e9lant r\u00e9cemment souffrir d\u2019un diab\u00e8te de type II.<\/p>\n<p>Dans un entretien avec <a href=\"https:\/\/www.loudersound.com\/news\/deftones-chino-moreno-doesnt-know-why-stephen-carpenter-not-playing-overseas-2025\" target=\"_blank\" rel=\"nofollow noopener\">Metal Hammer<\/a>, Chino Moreno reconna\u00eet qu\u2019il n\u2019a pas plus de r\u00e9ponses que le public : \u201cJe ne veux pas parler \u00e0 sa place. M\u00eame si je le pouvais, je n\u2019ai pas de r\u00e9ponse. C\u2019est encore quelque chose qu\u2019il essaie de r\u00e9soudre. Quoi qu\u2019il en soit, nous le soutenons, parce que sa sant\u00e9, physique ou mentale, reste la priorit\u00e9.\u201d<\/p>\n<p>Le chanteur confie toutefois sa tristesse de ne pas partager la sc\u00e8ne avec son ami lors des concerts \u00e0 l\u2019\u00e9tranger : \u201cJ\u2019aimerais qu\u2019il soit l\u00e0 tout le temps. Mais nous avons deux choix : accepter les choses telles qu\u2019elles sont ou ne pas jouer du tout. Et nous voulons jouer.\u201d<\/p>\n<p>Un nouvel album au c\u0153ur des discussions<\/p>\n<p>Si Carpenter reste en retrait hors des \u00c9tats-Unis et du Canada, il figure bel et bien sur Private Music, le dixi\u00e8me album du groupe sorti ce 22 ao\u00fbt. Le disque marque aussi les d\u00e9buts en studio de Fred Sablan \u00e0 la basse, succ\u00e9dant \u00e0 Sergio Vega. Les premiers retours des fans et des m\u00e9dias sont enthousiastes, confirmant la vitalit\u00e9 retrouv\u00e9e du groupe.<\/p>\n<p>Chino Moreno, qui a r\u00e9cemment expliqu\u00e9 que sa sobri\u00e9t\u00e9 avait redonn\u00e9 une \u00e9nergie d\u00e9cisive \u00e0 sa cr\u00e9ativit\u00e9, estime que cette p\u00e9riode repr\u00e9sente une nouvelle \u00e9tape pour Deftones, comme il l\u2019avait d\u00e9j\u00e0 \u00e9voqu\u00e9 <a href=\"https:\/\/www.metalzone.fr\/news\/219799-chino-moreno-deftones-sobriete-nouvel-album\/\" target=\"_blank\" rel=\"noopener nofollow\">dans une pr\u00e9c\u00e9dente interview<\/a>. Malgr\u00e9 l\u2019absence de Carpenter en dehors du continent, le groupe pr\u00e9voit une vaste tourn\u00e9e internationale en 2026, avec des concerts d\u00e9j\u00e0 annonc\u00e9s \u00e0 Paris et Bruxelles.<\/p>\n<p>Entre incertitudes personnelles et succ\u00e8s collectif, Deftones entame donc une nouvelle \u00e8re o\u00f9 la musique prime, m\u00eame si certaines questions restent sans r\u00e9ponse.<\/p>\n","protected":false},"excerpt":{"rendered":"Chino Moreno admet ne pas vraiment comprendre pourquoi son guitariste Stephen Carpenter refuse toujours de participer aux tourn\u00e9es&hellip;\n","protected":false},"author":2,"featured_media":245148,"comment_status":"","ping_status":"","sticky":false,"template":"","format":"standard","meta":{"footnotes":""},"categories":[1355],"tags":[58,59,1011,27,1361,873],"class_list":{"0":"post-336109","1":"post","2":"type-post","3":"status-publish","4":"format-standard","5":"has-post-thumbnail","7":"category-musique","8":"tag-divertissement","9":"tag-entertainment","10":"tag-fr","11":"tag-france","12":"tag-music","13":"tag-musique"},"share_on_mastodon":{"url":"https:\/\/pubeurope.com\/@fr\/115072283827786280","error":""},"_links":{"self":[{"href":"https:\/\/www.europesays.com\/fr\/wp-json\/wp\/v2\/posts\/336109","targetHints":{"allow":["GET"]}}],"collection":[{"href":"https:\/\/www.europesays.com\/fr\/wp-json\/wp\/v2\/posts"}],"about":[{"href":"https:\/\/www.europesays.com\/fr\/wp-json\/wp\/v2\/types\/post"}],"author":[{"embeddable":true,"href":"https:\/\/www.europesays.com\/fr\/wp-json\/wp\/v2\/users\/2"}],"replies":[{"embeddable":true,"href":"https:\/\/www.europesays.com\/fr\/wp-json\/wp\/v2\/comments?post=336109"}],"version-history":[{"count":0,"href":"https:\/\/www.europesays.com\/fr\/wp-json\/wp\/v2\/posts\/336109\/revisions"}],"wp:featuredmedia":[{"embeddable":true,"href":"https:\/\/www.europesays.com\/fr\/wp-json\/wp\/v2\/media\/245148"}],"wp:attachment":[{"href":"https:\/\/www.europesays.com\/fr\/wp-json\/wp\/v2\/media?parent=336109"}],"wp:term":[{"taxonomy":"category","embeddable":true,"href":"https:\/\/www.europesays.com\/fr\/wp-json\/wp\/v2\/categories?post=336109"},{"taxonomy":"post_tag","embeddable":true,"href":"https:\/\/www.europesays.com\/fr\/wp-json\/wp\/v2\/tags?post=336109"}],"curies":[{"name":"wp","href":"https:\/\/api.w.org\/{rel}","templated":true}]}}