{"id":336110,"date":"2025-08-22T11:54:52","date_gmt":"2025-08-22T11:54:52","guid":{"rendered":"https:\/\/www.europesays.com\/fr\/336110\/"},"modified":"2025-08-22T11:54:52","modified_gmt":"2025-08-22T11:54:52","slug":"ca-aurait-pu-se-degrader-etouffant-pourquoi-rupert-grint-ron-weasley-a-mal-vecu-le-tournage-de-la-saga","status":"publish","type":"post","link":"https:\/\/www.europesays.com\/fr\/336110\/","title":{"rendered":"\u00ab\u00a0\u00c7a aurait pu se d\u00e9grader\u00a0\u00bb, \u00ab\u00a0\u00e9touffant\u00a0\u00bb, pourquoi Rupert Grint (Ron Weasley) a mal v\u00e9cu le tournage de la saga ?"},"content":{"rendered":"<p><strong>R\u00e9v\u00e9l\u00e9 au monde entier pour le r\u00f4le de Ron Weasley, dans Harry Potter, qu\u2019il a endoss\u00e9 durant 10 ans au cin\u00e9ma, Rupert Grint a pourtant r\u00e9v\u00e9l\u00e9 avoir beaucoup souffert durant le tournage de la saga culte. Et cela au point d\u2019avoir \u00e9t\u00e9 heureux qu\u2019elle se termine.<\/strong><\/p>\n<p>Il est des \u0153uvres qui ont marqu\u00e9 \u00e0 jamais les g\u00e9n\u00e9rations : Harry Potter en fait partie. <strong>Lanc\u00e9e en 1997 \u00e0 travers le premier roman \u00e9crit par J.K. Rowling<\/strong>, la saga litt\u00e9raire a subsist\u00e9 au temps en s\u2019imposant sur grand \u00e9cran \u00e0 partir de 2001 et jusqu\u2019en 2011, avant de s\u2019inviter sur les planches avec la pi\u00e8ce de th\u00e9\u00e2tre <a href=\"https:\/\/www.serieously.com\/harry-potter-alerte-tom-felton-reprend-son-role-de-drago-malefoy\/\" target=\"_blank\" rel=\"noreferrer noopener nofollow\">Harry Potter et l\u2019Enfant maudit<\/a>. Et ce n\u2019est pas tout, puisque les fans vont bel et bien pouvoir retourner \u00e0 Poudlard d\u00e8s 2027, avec <a href=\"https:\/\/www.serieously.com\/series-tv-anime\/serie-harry-potter\/#:~:text=La%20s%C3%A9rie%20Harry%20Potter%20est,plus%20riche%20et%20plus%20nuanc%C3%A9e.\" target=\"_blank\" rel=\"noreferrer noopener nofollow\">Harry Potter, la s\u00e9rie<\/a>. Oui, mais voil\u00e0, pour certaines stars des films, Harry Potter a \u00e9t\u00e9 compliqu\u00e9 \u00e0 vivre.<\/p>\n<p>Les Weasley sont de retour dans Harry Potter, la s\u00e9rie !<\/p>\n<p><img fetchpriority=\"high\" decoding=\"async\" width=\"1024\" height=\"576\" src=\"https:\/\/www.europesays.com\/fr\/wp-content\/uploads\/2025\/08\/famille-weasley-harry-potter-1024x576.jpg\" alt=\"\" class=\"wp-image-752828\"\/><\/p>\n<p>C\u2019est la s\u00e9rie sur laquelle tous les yeux sont braqu\u00e9s : Harry Potter attire en effet tous les regards, et chacune des annonces concernant ce show HBO cr\u00e9e l\u2019\u00e9v\u00e8nement. Derni\u00e8re information en date : l\u2019annonce et <a href=\"https:\/\/www.serieously.com\/harry-potter-la-serie-la-famille-weasley-a-ete-castee\/\" rel=\"nofollow noopener\" target=\"_blank\">la r\u00e9v\u00e9lation du casting qui campera la famille W<\/a><a href=\"https:\/\/www.serieously.com\/harry-potter-la-serie-la-famille-weasley-a-ete-castee\/\" target=\"_blank\" rel=\"noreferrer noopener nofollow\">e<\/a><a href=\"https:\/\/www.serieously.com\/harry-potter-la-serie-la-famille-weasley-a-ete-castee\/\" rel=\"nofollow noopener\" target=\"_blank\">asley<\/a>. <strong>Tristan et Gabriel Harland, Ruari Spooner, Grace Cochrane et Katherine Parkinson <\/strong>: ce sont les noms de celles et ceux qui entoureront <a href=\"https:\/\/www.serieously.com\/alerte-la-serie-harry-potter-vient-de-trouver-ses-nouveaux-harry-ron-et-hermione\/\" target=\"_blank\" rel=\"noreferrer noopener nofollow\">Alastair Stout, alias Ron Weasley<\/a>, pour interpr\u00e9ter ses fr\u00e8res, s\u0153ur, p\u00e8re et m\u00e8re. Mais avant le jeune acteur, le public a d\u00e9couvert Rupert Grint sous les traits du meilleur ami d\u2019Harry et Hermione. Un com\u00e9dien qui a r\u00e9v\u00e9l\u00e9 avoir mal v\u00e9cu le tournage de la saga culte.<\/p>\n<p>Rupert Grint, le premier interpr\u00e8te de Ron Weasley, avait h\u00e2te qu\u2019Harry Potter se termine<\/p>\n<p><img loading=\"lazy\" decoding=\"async\" width=\"1200\" height=\"675\" src=\"https:\/\/www.europesays.com\/fr\/wp-content\/uploads\/2025\/08\/ron-weasley-beuglante-harry-potter-et-la-chambre-des-secrets.jpg\" alt=\"Ron Weasley re\u00e7oit une beuglante de la part de sa m\u00e8re Molly Weasley dans Harry Potter et la Chambre des secrets\" class=\"wp-image-691775\"\/>\u00a9 Warner Bros.<\/p>\n<p>C\u2019est en 2023 que <a href=\"https:\/\/www.serieously.com\/nous-avons-chacun-suivi-notre-chemin-rupert-grint-ron-voit-il-encore-les-stars-de-harry-potter\/\" target=\"_blank\" rel=\"noreferrer noopener nofollow\">Rupert Grint<\/a> s\u2019est confi\u00e9 au sujet d\u2019Harry Potter, aupr\u00e8s de <a href=\"https:\/\/www.bustle.com\/entertainment\/rupert-grint-servant-knock-at-the-cabin\" target=\"_blank\" rel=\"noreferrer noopener nofollow\">Bustle<\/a>. S\u2019il a aujourd\u2019hui poursuivi sa carri\u00e8re sur grand \u00e9cran, l\u2019acteur est sorti du silence sur ses premiers pas dans le m\u00e9tier, dans <a href=\"https:\/\/www.serieously.com\/films\/harry-potter\/\" target=\"_blank\" rel=\"noreferrer noopener nofollow\">Harry Potter<\/a>. \u00ab\u00a0<strong>C\u2019\u00e9tait tellement intense, [il y avait le tournage] toute l\u2019ann\u00e9e, et puis nous \u00e9tions en promotion le reste du temps. C\u2019\u00e9tait assez \u00e9touffant<\/strong>\u00ab\u00a0, a-t-il l\u00e2ch\u00e9. J\u2019avais besoin d\u2019une pause, de r\u00e9fl\u00e9chir \u00e0 toutes sortes de choses\u2026 Pendant un bon moment, cela a \u00e9t\u00e9 une exp\u00e9rience extra-corporelle, mais <strong>je pense que nous avons termin\u00e9 au bon moment. Si nous avions continu\u00e9, cela aurait pu se d\u00e9grader.<\/strong>\u00ab\u00a0<\/p>\n<p>\u00ab\u00a0Lorsque quelqu\u2019un m\u2019appelle Ron, je r\u00e9ponds.\u00a0\u00bb<\/p>\n<p>Et cela avant d\u2019admettre que le fait d\u2019endosser le r\u00f4le de Ron Weasley durant dix ans a \u00e9t\u00e9 compliqu\u00e9 au niveau de sa sant\u00e9 mentale, au point de m\u00ealer la fiction \u00e0 la r\u00e9alit\u00e9 : \u00ab\u00a0Dans les films, nous avions fusionn\u00e9. A<strong> la fin de la saga, je jouais mon propre r\u00f4le. Les lignes s\u2019\u00e9taient brouill\u00e9es. (\u2026) Lorsque quelqu\u2019un m\u2019appelle Ron, je r\u00e9ponds. C\u2019est mon deuxi\u00e8me pr\u00e9nom<\/strong>.\u00a0\u00bb Heureusement, Rupert Grint a depuis pris du recul sur la saga et a pu continuer de briller dans d\u2019autres r\u00f4les que celui de Ron.<\/p>\n<p>\t\t\t<img decoding=\"async\" src=\"https:\/\/www.europesays.com\/fr\/wp-content\/uploads\/2025\/08\/capture-decran-2024-07-05-a-17-15-38.png\" alt=\"Mathilde Fontaine\" width=\"70\" height=\"70\" loading=\"lazy\"\/><\/p>\n<p class=\"m-user__name\">Mathilde Fontaine<\/p>\n<p class=\"m-user__job\">R\u00e9dactrice en chef &#8211; Journaliste<\/p>\n<p class=\"m-user__description\">R\u00e9dactrice en chef de Serieously, Mathilde est toujours \u00e0 l&rsquo;affut d&rsquo;une sortie cin\u00e9ma ou d&rsquo;une nouveaut\u00e9 s\u00e9ries, sans oublier de regarder en boucle des classiques du grand et du petit \u00e9cran.<\/p>\n<p>\n\t\t\t\t\t\t\t\t\t\t\t\t@<br \/>\n\t\t\t\t\t\t\t\t\t\t\t\t\t\t\t\t\t\t\tContacter<br \/>\n\t\t\t\t\t\tMathilde\n\t\t\t\t\t\t\t\t\t<\/p>\n<p>Lundi&rsquo;spensable<\/p>\n<p class=\"mt-4 mb-4 text-xl text-center\">Le meilleur de <\/p>\n<p> dans ta boite mail<\/p>\n","protected":false},"excerpt":{"rendered":"R\u00e9v\u00e9l\u00e9 au monde entier pour le r\u00f4le de Ron Weasley, dans Harry Potter, qu\u2019il a endoss\u00e9 durant 10&hellip;\n","protected":false},"author":2,"featured_media":336111,"comment_status":"","ping_status":"","sticky":false,"template":"","format":"standard","meta":{"footnotes":""},"categories":[1354],"tags":[58,59,1346,1011,27,1360],"class_list":{"0":"post-336110","1":"post","2":"type-post","3":"status-publish","4":"format-standard","5":"has-post-thumbnail","7":"category-films","8":"tag-divertissement","9":"tag-entertainment","10":"tag-films","11":"tag-fr","12":"tag-france","13":"tag-movies"},"share_on_mastodon":{"url":"https:\/\/pubeurope.com\/@fr\/115072291694510166","error":""},"_links":{"self":[{"href":"https:\/\/www.europesays.com\/fr\/wp-json\/wp\/v2\/posts\/336110","targetHints":{"allow":["GET"]}}],"collection":[{"href":"https:\/\/www.europesays.com\/fr\/wp-json\/wp\/v2\/posts"}],"about":[{"href":"https:\/\/www.europesays.com\/fr\/wp-json\/wp\/v2\/types\/post"}],"author":[{"embeddable":true,"href":"https:\/\/www.europesays.com\/fr\/wp-json\/wp\/v2\/users\/2"}],"replies":[{"embeddable":true,"href":"https:\/\/www.europesays.com\/fr\/wp-json\/wp\/v2\/comments?post=336110"}],"version-history":[{"count":0,"href":"https:\/\/www.europesays.com\/fr\/wp-json\/wp\/v2\/posts\/336110\/revisions"}],"wp:featuredmedia":[{"embeddable":true,"href":"https:\/\/www.europesays.com\/fr\/wp-json\/wp\/v2\/media\/336111"}],"wp:attachment":[{"href":"https:\/\/www.europesays.com\/fr\/wp-json\/wp\/v2\/media?parent=336110"}],"wp:term":[{"taxonomy":"category","embeddable":true,"href":"https:\/\/www.europesays.com\/fr\/wp-json\/wp\/v2\/categories?post=336110"},{"taxonomy":"post_tag","embeddable":true,"href":"https:\/\/www.europesays.com\/fr\/wp-json\/wp\/v2\/tags?post=336110"}],"curies":[{"name":"wp","href":"https:\/\/api.w.org\/{rel}","templated":true}]}}