{"id":336112,"date":"2025-08-22T11:55:12","date_gmt":"2025-08-22T11:55:12","guid":{"rendered":"https:\/\/www.europesays.com\/fr\/336112\/"},"modified":"2025-08-22T11:55:12","modified_gmt":"2025-08-22T11:55:12","slug":"vous-en-buvez-surement-ce-lait-tres-populaire-est-tres-inflammatoire-selon-une-experte","status":"publish","type":"post","link":"https:\/\/www.europesays.com\/fr\/336112\/","title":{"rendered":"Vous en buvez s\u00fbrement, ce lait tr\u00e8s populaire est \u00ab\u00a0tr\u00e8s inflammatoire\u00a0\u00bb selon une experte"},"content":{"rendered":"<p>Par <a class=\"author_recette\" id=\"author_name\" href=\"https:\/\/www.nextplz.fr\/auteur\/francis-uliel\" rel=\"nofollow noopener\" target=\"_blank\">Francis<br \/>\nUliel<\/a> &#8211;<br \/>\nPubli\u00e9 le 22 Ao\u00fbt 2025 \u00e0<br \/>\n07:39<\/p>\n<p class=\"article-intro excerpt\">Apr\u00e8s \u00e9tude et analyse, une<br \/>\nexperte met en garde concernant ce lait nocif pour la sant\u00e9 que<br \/>\nvous buvez au quotidien. Voici lequel.<\/p>\n<p>Le lait est un aliment fondamental, ce en raison de ses qualit\u00e9s<br \/>\nnutritionnelles et sa flexibilit\u00e9. Bon nombre de fran\u00e7ais en<br \/>\nraffolent et le consomment quotidien. Ceci \u00e9tant, <a href=\"https:\/\/www.nextplz.fr\/lifestyle\/rappel-de-produits\/258938-rappel-produit-lait-leclerc-ne-doit-pas-etre-consomme\" rel=\"nofollow noopener\" target=\"_blank\"><br \/>\ntous les types de lait n\u00a0\u00bbont pas le m\u00eame effet sur la sant\u00e9<\/a>.<br \/>\nNotamment en ce qui concerne l&rsquo;inflammation et la gestion du poids.<br \/>\nEn effet, certaines vari\u00e9t\u00e9s peuvent favoriser l&rsquo;inflammation dans<br \/>\nl&rsquo;organisme et ainsi compliquer vos efforts pour perdre du poids.<br \/>\nApr\u00e8s \u00e9tude, une experte d\u00e9voile un lait tr\u00e8s inflammatoire et<br \/>\nv\u00e9ritablement consomm\u00e9 sur le territoire fran\u00e7ais.<\/p>\n<p>Le<br \/>\nmeilleur lait \u00e0 consommer<\/p>\n<p>Les consommateurs sont souvent confront\u00e9s \u00e0 une question<br \/>\nr\u00e9currente : quels types de lait devraient \u00eatre privil\u00e9gi\u00e9s ou<br \/>\n\u00e9vit\u00e9s ? Audrey Verges, naturopathe, s&rsquo;est pench\u00e9e sur le sujet et<br \/>\na d\u00e9voil\u00e9 le nom du meilleur et du pire lait, \u00e0 ne surtout pas<br \/>\nconsommer. Apr\u00e8s analyse, l&rsquo;experte recommande alors le lait<br \/>\nd&rsquo;amande qu&rsquo;elle juge meilleure boisson v\u00e9g\u00e9tale. Ce, en raison de<br \/>\nsa faible teneur en sucre et surtout sa richesse en prot\u00e9ines,<br \/>\nfibres et om\u00e9ga-3. \u00ab\u00a0C&rsquo;est d&rsquo;ailleurs celle que je<br \/>\npr\u00e9conise\u00a0\u00bb, fait-elle savoir. Audrey Verges recommande<br \/>\n\u00e9galement des boissons \u00e0 base de riz ou de noisette. Dans ce cas<br \/>\npr\u00e9cis, il faut privil\u00e9gier celles qui contiennent moins de<br \/>\nglucides. Enfin, l&rsquo;experte conseille de toujours v\u00e9rifier les<br \/>\n\u00e9tiquettes et opter pour des produits \u00ab\u00a0bio\u00a0\u00bb. Ils doivent<br \/>\ntoutefois avoir z\u00e9ro sucre ajout\u00e9, ni additif et contenir tr\u00e8s peu<br \/>\ningr\u00e9dients.<\/p>\n<p>Ce lait<br \/>\nd\u2019origine animale est le pire pour la sant\u00e9<\/p>\n<p>Comme indiqu\u00e9 dans nos premi\u00e8res lignes, les consommateurs sont<br \/>\n\u00e0 la recherche du meilleur et du <a href=\"https:\/\/www.nextplz.fr\/societe\/504000-alerte-en-supermarche-ce-lait-en-bouteille-rappele-partout-en-france-ne-le-buvez-plus\" rel=\"nofollow noopener\" target=\"_blank\"><br \/>\npire lait vendu sur le march\u00e9<\/a>, afin de l&rsquo;\u00e9viter. Apr\u00e8s<br \/>\nanalyste, l&rsquo;experte a alors d\u00e9sign\u00e9 le lait de vache comme le pire<br \/>\nd&rsquo;origine animale pour la sant\u00e9. Ce produit contient en effet une<br \/>\nhormone de croissance sp\u00e9cifique au veau, facilitant sa digestion.<br \/>\n\u00c0 noter que seulement 5 % des adultes poss\u00e8dent cette hormone.<br \/>\nAinsi, cela pourrait entra\u00eener des difficult\u00e9s de digestion pour la<br \/>\nmajorit\u00e9. Outre, ce lait est tr\u00e8s gras et inflammatoire. Si vous le<br \/>\nconsommez en exc\u00e8s, vous vous exposez \u00e0 une prise de poids. C&rsquo;est<br \/>\npour cette raison que l&rsquo;experte pr\u00e9conise du lait de ch\u00e8vre ou de<br \/>\nbrebis qui, en plus d&rsquo;\u00eatre facile \u00e0 dig\u00e9rer, sont moins<br \/>\ninflammatoires et tr\u00e8s riches en calcium.<\/p>\n<p>Pourquoi faut-il \u00e9viter<br \/>\nle lait de coco ?<\/p>\n<p>Le lait de vache n&rsquo;est pas le seul \u00e0 \u00e9viter. Selon la<br \/>\ndi\u00e9t\u00e9ticienne Trista Best, le lait de coco, appr\u00e9ci\u00e9 pour sa<br \/>\ntexture cr\u00e9meuse et son go\u00fbt riche, peut \u00e9galement \u00eatre la cause de<br \/>\nprobl\u00e8mes d&rsquo;inflammation et de la prise de poids. Malgr\u00e9 sa teneur<br \/>\nen triglyc\u00e9rides \u00e0 cha\u00eene moyenne (dont les effets peuvent<br \/>\nb\u00e9n\u00e9fiques sur la sant\u00e9), il est bourr\u00e9 de graisses satur\u00e9es. Leur<br \/>\nconsommation excessive peut alors entra\u00eener une inflammation et des<br \/>\nmaladies cardiovasculaires. \u00ab\u00a0Le lait de coco, bien que riche et<br \/>\nsavoureux, peut contribuer \u00e0 la prise de poids et potentiellement<br \/>\nralentir le m\u00e9tabolisme en raison de sa teneur \u00e9lev\u00e9e en mati\u00e8res<br \/>\ngrasses\u00a0\u00bb, indique Trista Best.<\/p>\n","protected":false},"excerpt":{"rendered":"Par Francis Uliel &#8211; Publi\u00e9 le 22 Ao\u00fbt 2025 \u00e0 07:39 Apr\u00e8s \u00e9tude et analyse, une experte met&hellip;\n","protected":false},"author":2,"featured_media":336113,"comment_status":"","ping_status":"","sticky":false,"template":"","format":"standard","meta":{"footnotes":""},"categories":[10],"tags":[1011,27,72,71],"class_list":{"0":"post-336112","1":"post","2":"type-post","3":"status-publish","4":"format-standard","5":"has-post-thumbnail","7":"category-sante","8":"tag-fr","9":"tag-france","10":"tag-health","11":"tag-sante"},"share_on_mastodon":{"url":"https:\/\/pubeurope.com\/@fr\/115072291768494599","error":""},"_links":{"self":[{"href":"https:\/\/www.europesays.com\/fr\/wp-json\/wp\/v2\/posts\/336112","targetHints":{"allow":["GET"]}}],"collection":[{"href":"https:\/\/www.europesays.com\/fr\/wp-json\/wp\/v2\/posts"}],"about":[{"href":"https:\/\/www.europesays.com\/fr\/wp-json\/wp\/v2\/types\/post"}],"author":[{"embeddable":true,"href":"https:\/\/www.europesays.com\/fr\/wp-json\/wp\/v2\/users\/2"}],"replies":[{"embeddable":true,"href":"https:\/\/www.europesays.com\/fr\/wp-json\/wp\/v2\/comments?post=336112"}],"version-history":[{"count":0,"href":"https:\/\/www.europesays.com\/fr\/wp-json\/wp\/v2\/posts\/336112\/revisions"}],"wp:featuredmedia":[{"embeddable":true,"href":"https:\/\/www.europesays.com\/fr\/wp-json\/wp\/v2\/media\/336113"}],"wp:attachment":[{"href":"https:\/\/www.europesays.com\/fr\/wp-json\/wp\/v2\/media?parent=336112"}],"wp:term":[{"taxonomy":"category","embeddable":true,"href":"https:\/\/www.europesays.com\/fr\/wp-json\/wp\/v2\/categories?post=336112"},{"taxonomy":"post_tag","embeddable":true,"href":"https:\/\/www.europesays.com\/fr\/wp-json\/wp\/v2\/tags?post=336112"}],"curies":[{"name":"wp","href":"https:\/\/api.w.org\/{rel}","templated":true}]}}