{"id":336116,"date":"2025-08-22T11:57:09","date_gmt":"2025-08-22T11:57:09","guid":{"rendered":"https:\/\/www.europesays.com\/fr\/336116\/"},"modified":"2025-08-22T11:57:09","modified_gmt":"2025-08-22T11:57:09","slug":"delphine-ernotte-ma-dit-quelle-voulait-du-changement-revele-anne-sophie-lapix-evincee-du-20-heures","status":"publish","type":"post","link":"https:\/\/www.europesays.com\/fr\/336116\/","title":{"rendered":"\u00ab\u00a0Delphine Ernotte m\u2019a dit qu\u2019elle voulait du changement\u00a0\u00bb, r\u00e9v\u00e8le Anne-Sophie Lapix, \u00e9vinc\u00e9e du \u00ab\u00a020 heures\u00a0\u00bb"},"content":{"rendered":"<p>Anne-Sophie Lapix prendra les manettes, ce lundi, de la tranche 18-20 heures de <a href=\"https:\/\/www.20minutes.fr\/medias\/rtl\/\" class=\"c-link c-link--is-underlined\" target=\"_blank\" rel=\"noopener\">RTL<\/a>. Le 7 septembre, elle fera sa rentr\u00e9e sur <a href=\"https:\/\/www.20minutes.fr\/dossier\/m6\" class=\"c-link c-link--is-underlined\" target=\"_blank\" rel=\"noopener\">M6<\/a> avec le \u00ab\u00a020.20\u00a0\u00bb, un rendez-vous dominical au cours duquel elle interviewera une personnalit\u00e9 qui fait l\u2019actu.<\/p>\n<p>La journaliste confie ce vendredi <a href=\"https:\/\/tvmag.lefigaro.fr\/programme-tv\/actu-tele\/anne-sophie-lapix-c-etait-le-bon-moment-pour-me-lancer-dans-autre-chose-20250821\" rel=\"nofollow noopener\" target=\"_blank\" class=\"c-link c-link--is-underlined\">\u00e0 TV Magazine<\/a> que la proposition du groupe M6 lui a sembl\u00e9 \u00ab\u00a0riche et coh\u00e9rente\u00a0\u00bb. \u00ab\u00a0Il y avait une vraie envie commune de travailler ensemble. Et quand cette envie et cet enthousiasme existent, \u00e7a veut dire que l\u2019histoire part bien, en g\u00e9n\u00e9ral\u00a0\u00bb, ajoute-t-elle.<\/p>\n<p>\u00ab\u00a0Sur le moment, ce n\u2019est jamais agr\u00e9able d\u2019\u00eatre \u00e9cart\u00e9e\u00a0\u00bb<\/p>\n<p>C\u2019est pour cette raison qu\u2019elle a d\u00e9clin\u00e9 l\u2019offre de <a href=\"https:\/\/www.20minutes.fr\/dossier\/delphine-ernotte-cunci\" class=\"c-link c-link--is-underlined\" target=\"_blank\" rel=\"noopener\">Delphine Ernotte<\/a>, la patronne du groupe <a href=\"https:\/\/www.20minutes.fr\/television\/france_televisions\/\" class=\"c-link c-link--is-underlined\" target=\"_blank\" rel=\"noopener\">France T\u00e9l\u00e9visions<\/a>, de r\u00e9fl\u00e9chir \u00e0 un autre projet apr\u00e8s avoir \u00e9t\u00e9 \u00e9vinc\u00e9e de la pr\u00e9sentation du \u00ab\u00a0<a href=\"https:\/\/www.20minutes.fr\/dossier\/20_heures\" class=\"c-link c-link--is-underlined\" target=\"_blank\" rel=\"noopener\">20 heures<\/a>\u00a0\u00bb de <a href=\"https:\/\/www.20minutes.fr\/television\/france_2\/\" class=\"c-link c-link--is-underlined\" target=\"_blank\" rel=\"noopener\">France 2<\/a>. \u00ab\u00a0Je n\u2019ai pas d\u00e9cid\u00e9 de partir du \u00ab\u00a020 heures\u00a0\u00bb et, sur le moment, ce n\u2019est jamais agr\u00e9able d\u2019\u00eatre \u00e9cart\u00e9e, admet <a href=\"https:\/\/www.20minutes.fr\/dossier\/anne-sophie-lapix\" class=\"c-link c-link--is-underlined\" target=\"_blank\" rel=\"noopener\">Anne-Sophie Lapix<\/a>. Delphine Ernotte m\u2019a dit qu\u2019elle voulait du changement. C\u2019est la raison qu\u2019elle m\u2019a donn\u00e9e.\u00a0\u00bb<\/p>\n<\/p>\n<p>Amen\u00e9e \u00e0 donner son avis sur <a href=\"https:\/\/www.20minutes.fr\/dossier\/lea_salame\" class=\"c-link c-link--is-underlined\" target=\"_blank\" rel=\"noopener\">L\u00e9a Salam\u00e9<\/a>, qui va lui succ\u00e9der \u00e0 l\u2019animation du journal de la Deux, la nouvelle recrue de M6 d\u00e9clare\u00a0: \u00ab\u00a0C\u2019est une journaliste passionn\u00e9e, tr\u00e8s investie, dr\u00f4le et tr\u00e8s sympa. Je ne peux que lui souhaiter du bien, \u00e0 elle et \u00e0 la r\u00e9daction de France T\u00e9l\u00e9.\u00a0\u00bb Des propos d\u00e9bordants de sympathie pour bien montrer qu\u2019elle n\u2019\u00e9prouve aucune amertume \u00e0 l\u2019\u00e9gard du service public.<\/p>\n<p><a href=\"https:\/\/www.20minutes.fr\/arts-stars\/medias\/\" class=\"c-link c-btn c-btn--primary\" target=\"_blank\" rel=\"noopener\">Nos articles M\u00e9dias<\/a><\/p>\n<p>Elle enfonce le clou\u00a0: \u00ab\u00a0Je suis finalement heureuse de passer \u00e0 un nouvel exercice. Avec le recul, je me rends compte que c\u2019est le bon moment pour me lancer dans autre chose. C\u2019est vivifiant\u00a0!\u00a0\u00bb<\/p>\n","protected":false},"excerpt":{"rendered":"Anne-Sophie Lapix prendra les manettes, ce lundi, de la tranche 18-20 heures de RTL. Le 7 septembre, elle&hellip;\n","protected":false},"author":2,"featured_media":336117,"comment_status":"","ping_status":"","sticky":false,"template":"","format":"standard","meta":{"footnotes":""},"categories":[8],"tags":[32367,21313,11255,58,59,1011,27,2400,594,3806,494,500,2700,252],"class_list":{"0":"post-336116","1":"post","2":"type-post","3":"status-publish","4":"format-standard","5":"has-post-thumbnail","7":"category-divertissement","8":"tag-20-heures","9":"tag-anne-sophie-lapix","10":"tag-delphine-ernotte","11":"tag-divertissement","12":"tag-entertainment","13":"tag-fr","14":"tag-france","15":"tag-france-televisions","16":"tag-france-2","17":"tag-lea-salame","18":"tag-m6","19":"tag-medias","20":"tag-rtl","21":"tag-television"},"share_on_mastodon":{"url":"https:\/\/pubeurope.com\/@fr\/115072299486588094","error":""},"_links":{"self":[{"href":"https:\/\/www.europesays.com\/fr\/wp-json\/wp\/v2\/posts\/336116","targetHints":{"allow":["GET"]}}],"collection":[{"href":"https:\/\/www.europesays.com\/fr\/wp-json\/wp\/v2\/posts"}],"about":[{"href":"https:\/\/www.europesays.com\/fr\/wp-json\/wp\/v2\/types\/post"}],"author":[{"embeddable":true,"href":"https:\/\/www.europesays.com\/fr\/wp-json\/wp\/v2\/users\/2"}],"replies":[{"embeddable":true,"href":"https:\/\/www.europesays.com\/fr\/wp-json\/wp\/v2\/comments?post=336116"}],"version-history":[{"count":0,"href":"https:\/\/www.europesays.com\/fr\/wp-json\/wp\/v2\/posts\/336116\/revisions"}],"wp:featuredmedia":[{"embeddable":true,"href":"https:\/\/www.europesays.com\/fr\/wp-json\/wp\/v2\/media\/336117"}],"wp:attachment":[{"href":"https:\/\/www.europesays.com\/fr\/wp-json\/wp\/v2\/media?parent=336116"}],"wp:term":[{"taxonomy":"category","embeddable":true,"href":"https:\/\/www.europesays.com\/fr\/wp-json\/wp\/v2\/categories?post=336116"},{"taxonomy":"post_tag","embeddable":true,"href":"https:\/\/www.europesays.com\/fr\/wp-json\/wp\/v2\/tags?post=336116"}],"curies":[{"name":"wp","href":"https:\/\/api.w.org\/{rel}","templated":true}]}}