{"id":336122,"date":"2025-08-22T12:00:14","date_gmt":"2025-08-22T12:00:14","guid":{"rendered":"https:\/\/www.europesays.com\/fr\/336122\/"},"modified":"2025-08-22T12:00:14","modified_gmt":"2025-08-22T12:00:14","slug":"la-russie-revendique-la-prise-de-trois-villages-dans-lest-du-pays","status":"publish","type":"post","link":"https:\/\/www.europesays.com\/fr\/336122\/","title":{"rendered":"la Russie revendique la prise de trois villages dans l\u2019est du pays"},"content":{"rendered":"<p>Ces avanc\u00e9es se produisent alors que Donald Trump a annonc\u00e9 pr\u00e9parer une rencontre entre les pr\u00e9sidents russe Vladimir Poutine et ukrainien Volodymyr Zelensky.<\/p>\n<p class=\"fig-paragraph\">La Russie a revendiqu\u00e9 vendredi la prise de trois villages dans la r\u00e9gion de\u00a0<a href=\"http:\/\/www.lefigaro.fr\/flash-actu\/la-russie-revendique-la-capture-d-un-nouveau-village-dans-la-region-de-donetsk-20250713\" target=\"_blank\" data-fig-type=\"NewsFlash\" rel=\"noopener\" data-gtm-custom-categorie=\"navigation\" data-gtm-custom-action=\"crossclick\" data-gtm-custom-label=\"Contextuel\" data-gtm-event=\"customEventSPE\" data-fig-domain=\"LEFIGARO\">Donetsk<\/a>, dans l\u2019est de l\u2019<a href=\"http:\/\/www.lefigaro.fr\/international\/dossier\/guerre-en-ukraine-les-reportages-du-figaro\" target=\"_blank\" data-fig-type=\"Topic\" rel=\"noopener\" data-gtm-custom-categorie=\"navigation\" data-gtm-custom-action=\"crossclick\" data-gtm-custom-label=\"Contextuel\" data-gtm-event=\"customEventSPE\" data-fig-domain=\"LEFIGARO\">Ukraine<\/a>, intensifiant la pression militaire sur le terrain, au moment o\u00f9 les efforts diplomatiques s\u2019acc\u00e9l\u00e8rent ces derni\u00e8res semaines pour trouver une issue au conflit.<\/p>\n<p class=\"fig-paragraph\">Le minist\u00e8re russe de la D\u00e9fense a affirm\u00e9, dans un communiqu\u00e9 diffus\u00e9 sur Telegram, avoir captur\u00e9 les villages de Katerynivka, de Volodymyrivka et de Rusyn Yar dans cette r\u00e9gion annex\u00e9e par Moscou. L\u2019arm\u00e9e russe a accru ses gains territoriaux ces derniers mois face \u00e0 des forces ukrainiennes moins nombreuses et moins bien \u00e9quip\u00e9es.<\/p>\n<p>                                    <a class=\"fig-a11y-skip a11y-hidden\" href=\"#fig-a11y-skip-main-inarticle\"><br \/>\n        Passer la publicit\u00e9<br \/>\n    <\/a><\/p>\n<p class=\"fig-paragraph\">Ces avanc\u00e9es se produisent alors que le dirigeant am\u00e9ricain<a href=\"http:\/\/www.lefigaro.fr\/international\/guerre-en-ukraine-donald-trump-affirme-qu-un-accord-de-paix-l-aiderait-a-aller-au-paradis-20250820\" target=\"_blank\" data-fig-type=\"NewsFlash\" rel=\"noopener\" data-gtm-custom-categorie=\"navigation\" data-gtm-custom-action=\"crossclick\" data-gtm-custom-label=\"Contextuel\" data-gtm-event=\"customEventSPE\" data-fig-domain=\"LEFIGARO\">\u00a0Donald Trump<\/a>, qui ambitionne de mettre fin le plus rapidement possible \u00e0 l\u2019assaut russe contre l\u2019Ukraine lanc\u00e9 en 2022, a annonc\u00e9 pr\u00e9parer une rencontre entre les pr\u00e9sidents russe Vladimir Poutine et ukrainien Volodymyr Zelensky, mais la participation des bellig\u00e9rants semble encore loin d\u2019\u00eatre acquise. L\u2019arm\u00e9e russe occupe actuellement environ 20% du territoire ukrainien.<\/p>\n","protected":false},"excerpt":{"rendered":"Ces avanc\u00e9es se produisent alors que Donald Trump a annonc\u00e9 pr\u00e9parer une rencontre entre les pr\u00e9sidents russe Vladimir&hellip;\n","protected":false},"author":2,"featured_media":336123,"comment_status":"","ping_status":"","sticky":false,"template":"","format":"standard","meta":{"footnotes":""},"categories":[5],"tags":[11,1011,27,131,14,12,28],"class_list":{"0":"post-336122","1":"post","2":"type-post","3":"status-publish","4":"format-standard","5":"has-post-thumbnail","7":"category-international","8":"tag-actualites","9":"tag-fr","10":"tag-france","11":"tag-guerre-en-ukraine","12":"tag-international","13":"tag-news","14":"tag-world"},"share_on_mastodon":{"url":"https:\/\/pubeurope.com\/@fr\/115072311279247068","error":""},"_links":{"self":[{"href":"https:\/\/www.europesays.com\/fr\/wp-json\/wp\/v2\/posts\/336122","targetHints":{"allow":["GET"]}}],"collection":[{"href":"https:\/\/www.europesays.com\/fr\/wp-json\/wp\/v2\/posts"}],"about":[{"href":"https:\/\/www.europesays.com\/fr\/wp-json\/wp\/v2\/types\/post"}],"author":[{"embeddable":true,"href":"https:\/\/www.europesays.com\/fr\/wp-json\/wp\/v2\/users\/2"}],"replies":[{"embeddable":true,"href":"https:\/\/www.europesays.com\/fr\/wp-json\/wp\/v2\/comments?post=336122"}],"version-history":[{"count":0,"href":"https:\/\/www.europesays.com\/fr\/wp-json\/wp\/v2\/posts\/336122\/revisions"}],"wp:featuredmedia":[{"embeddable":true,"href":"https:\/\/www.europesays.com\/fr\/wp-json\/wp\/v2\/media\/336123"}],"wp:attachment":[{"href":"https:\/\/www.europesays.com\/fr\/wp-json\/wp\/v2\/media?parent=336122"}],"wp:term":[{"taxonomy":"category","embeddable":true,"href":"https:\/\/www.europesays.com\/fr\/wp-json\/wp\/v2\/categories?post=336122"},{"taxonomy":"post_tag","embeddable":true,"href":"https:\/\/www.europesays.com\/fr\/wp-json\/wp\/v2\/tags?post=336122"}],"curies":[{"name":"wp","href":"https:\/\/api.w.org\/{rel}","templated":true}]}}