{"id":336124,"date":"2025-08-22T12:01:11","date_gmt":"2025-08-22T12:01:11","guid":{"rendered":"https:\/\/www.europesays.com\/fr\/336124\/"},"modified":"2025-08-22T12:01:11","modified_gmt":"2025-08-22T12:01:11","slug":"le-parti-socialiste-rejoint-finalement-la-mobilisation","status":"publish","type":"post","link":"https:\/\/www.europesays.com\/fr\/336124\/","title":{"rendered":"Le Parti socialiste rejoint finalement la mobilisation"},"content":{"rendered":"<p>        <img decoding=\"async\" loading=\"lazy\" src=\"https:\/\/www.europesays.com\/fr\/wp-content\/uploads\/2025\/08\/004ba40_upload-1-wq0pmwxdsqyk-afp-20250821-726e9xg-v1-highres-francepoliticspartiesecologists.jpg\"  width=\"728\" height=\"409\" alt=\"Olivier Faure appelle \u00e0 \u00ab\u00a0accompagner\u00a0\u00bb la mobilisation du 10\u00a0septembre.\"\/>  <\/p>\n<p>SEBASTIEN BOZON \/ AFP<\/p>\n<p>Olivier Faure appelle \u00e0 \u00ab\u00a0accompagner\u00a0\u00bb la mobilisation du 10\u00a0septembre.<\/p>\n<p class=\"asset asset-text\">POLITIQUE &#8211; On en avait perdu l\u2019habitude ces derni\u00e8res semaines mais oui, la gauche peut se retrouver derri\u00e8re un mot d\u2019ordre commun. En appelant \u00e0 \u00ab\u00a0accompagner\u00a0\u00bb <a href=\"https:\/\/www.huffingtonpost.fr\/politique\/article\/qui-se-cache-derriere-bloquons-tout-l-appel-a-la-mobilisation-du-10-septembre-contre-francois-bayrou_252974.html\" target=\"_blank\" rel=\"noopener\">la mobilisation sociale du 10\u00a0septembre<\/a>, n\u00e9e sur les r\u00e9seaux sociaux dans la foul\u00e9e des annonces budg\u00e9taires de Fran\u00e7ois Bayrou, le Parti socialiste rejoint les autres forces de gauche dans la bataille.<\/p>\n<p class=\"asset asset-text\">Lors d\u2019un discours prononc\u00e9 aux <a href=\"https:\/\/www.huffingtonpost.fr\/politique\/article\/avec-leur-rentree-politique-les-ecologistes-au-defi-de-regler-le-casse-tete-des-municipales_253789.html\" target=\"_blank\" rel=\"noopener\">Journ\u00e9es d\u2019\u00e9t\u00e9 des \u00c9cologistes<\/a> \u00e0 Strasbourg, <a href=\"https:\/\/www.huffingtonpost.fr\/politique\/article\/les-5-travaux-d-olivier-faure-a-la-tete-du-parti-socialiste_251259.html\" target=\"_blank\" rel=\"noopener\">le Premier secr\u00e9taire du PS Olivier Faure<\/a> a estim\u00e9 que le mouvement qui se pr\u00e9pare pouvait \u00ab\u00a0\u00eatre massif\u00a0\u00bb. \u00ab\u00a0Nous devons l\u2019accompagner\u00a0\u00bb pour \u00ab\u00a0lui offrir un d\u00e9bouch\u00e9 politique\u00a0\u00bb de gauche, a-t-il d\u00e9fendu sous les applaudissements. S\u2019il reconna\u00eet que \u00ab\u00a0nous n\u2019en connaissons pas compl\u00e8tement les contours\u00a0\u00bb et que \u00ab\u00a0ses revendications sont encore floues\u00a0\u00bb, Olivier Faure assure ne pas vouloir passer \u00e0 c\u00f4t\u00e9 \u00ab\u00a0d\u2019une mobilisation forte dont chacun mesure qu\u2019elle peut \u00eatre \u00e0 la hauteur de l\u2019exasp\u00e9ration et du rejet du pouvoir actuel\u00a0\u00bb.<\/p>\n<p class=\"asset asset-text\">Au d\u00e9part plut\u00f4t marqu\u00e9e \u00e0 l\u2019extr\u00eame droite, avec des mots d\u2019ordre contre le trop-plein d\u2019imp\u00f4ts notamment, l\u2019initiative citoyenne s\u2019est peu \u00e0 peu d\u00e9port\u00e9e sur la gauche, au gr\u00e9 de demandes de plus en plus fortes de justice fiscale et sociale. <a href=\"https:\/\/www.huffingtonpost.fr\/politique\/article\/jours-feries-francois-bayrou-donne-des-details-sur-cet-effort-demande-aux-actifs-et-les-economies-esperees_253436.html\" target=\"_blank\" rel=\"noopener\">La suppression de deux jours f\u00e9ri\u00e9s<\/a>, le gel des prestations sociales et des pensions de retraite ou encore la baisse de 5\u00a0milliards d\u2019euros du budget de la sant\u00e9 ont agi comme des catalyseurs aupr\u00e8s d\u2019une partie des Fran\u00e7ais.<\/p>\n<p>    \u00ab\u00a0Le 10\u00a0septembre et les jours suivants\u00a0\u00bb    <\/p>\n<p class=\"asset asset-text\">\u00ab\u00a0Rien ne sera acceptable de ce projet de 44\u00a0milliards d\u2019euros d\u2019\u00e9conomies sur les malades, les ch\u00f4meurs, les travailleurs, les retrait\u00e9s, sur toutes celles et ceux qui n\u2019ont que nous pour les d\u00e9fendre\u00a0\u00bb, a martel\u00e9 Olivier Faure, laissant entrevoir la possibilit\u00e9 de plus en plus forte d\u2019une censure du gouvernement \u00e0 la rentr\u00e9e. L\u00e0 o\u00f9 certains socialistes s\u2019accrochent toujours \u00e0 la pr\u00e9sentation d\u2019un \u00ab\u00a0contre-budget\u00a0\u00bb, que le parti \u00e0 la rose devrait pr\u00e9senter mi-septembre, et \u00e0 de futures n\u00e9gociations avec Fran\u00e7ois Bayrou et \u00c9ric Lombard, le ministre de l\u2019\u00c9conomie, Olivier Faure semble adopter une position plus frontale.<\/p>\n<p class=\"asset asset-text\">Redoutant toutefois le proc\u00e8s en r\u00e9cup\u00e9ration politique, le d\u00e9put\u00e9 de Seine-et-Marne a pris soin de pr\u00e9ciser \u00e0 la tribune des Verts que \u00ab\u00a0la vocation\u00a0\u00bb du Parti socialiste n\u2019est pas non plus de \u00ab\u00a0canaliser, dompter ou instrumentaliser\u00a0\u00bb la mobilisation populaire. \u00ab\u00a0Nous serons l\u00e0 le 10\u00a0septembre et les jours suivants pour dire que nous ne voulons pas que ce soit dans leurs poches que soient prises encore ces \u00e9conomies\u00a0\u00bb, a-t-il martel\u00e9.<\/p>\n<p class=\"asset asset-text\">L\u2019ensemble des partis de gauche se sont donc align\u00e9s sur la position d\u00e9fendue, d\u00e8s le 17\u00a0ao\u00fbt, par La France insoumise. Dans un texte publi\u00e9 par <a href=\"https:\/\/www.latribune.fr\/la-tribune-dimanche\/politique\/opinion-il-faut-renvoyer-francois-bayrou-tout-de-suite-par-jean-luc-melenchon-1031209.html\" target=\"_blank\" rel=\"noopener\" title=\"Nouvelle fen\u00eatre\">La Tribune dimanche<\/a>, plusieurs cadres du mouvement, dont Jean-Luc M\u00e9lenchon, Manuel Bompard et Mathilde Panot, appelait leurs troupes \u00e0 \u00ab\u00a0soutenir l\u2019initiative populaire du 10\u00a0septembre\u00a0\u00bb et \u00e0 \u00ab\u00a0se mettre imm\u00e9diatement au service des collectifs locaux qui proposent cette mobilisation\u00a0\u00bb. <a href=\"https:\/\/www.huffingtonpost.fr\/politique\/article\/tout-bloquer-le-10-septembre-marine-tondelier-soutient-le-mouvement-le-ps-plus-prudent_253783.html\" target=\"_blank\" rel=\"noopener\" title=\"Nouvelle fen\u00eatre\">Les \u00c9cologistes<\/a> et le Parti communiste avaient suivi dans les heures suivantes tandis que le PS avait sembl\u00e9 h\u00e9siter.<\/p>\n<p>    Les syndicats prudents    <\/p>\n<p class=\"asset asset-text\">La gauche dans son ensemble, du Parti socialiste au Nouveau Parti anticapitaliste (NPA) d\u2019Olivier Besancenot et de Philippe Poutou, se retrouve dans cette journ\u00e9e de mobilisation. Reste \u00e0 en voir le d\u00e9roul\u00e9 et les modalit\u00e9s d\u2019action.<\/p>\n<p class=\"asset asset-text\">Car pour l\u2019heure, <a href=\"https:\/\/www.huffingtonpost.fr\/politique\/article\/les-syndicats-s-unissent-pour-riposter-a-bayrou-avec-une-petition-info-huffpost_252859.html\" target=\"_blank\" rel=\"noopener\">les syndicats<\/a> restent en retrait de mobilisation. \u00ab\u00a0On est tr\u00e8s vigilant sur les tentatives de noyautage et d\u2019instrumentalisation de l\u2019extr\u00eame droite qui, \u00e0 certains endroits, essaie de d\u00e9velopper des discours anti-syndicaux et de r\u00e9orienter la col\u00e8re contre les immigr\u00e9s et \u00e9trangers\u00a0\u00bb, a exprim\u00e9 la secr\u00e9taire g\u00e9n\u00e9rale de la CGT Sophie Binet ce 22\u00a0ao\u00fbt sur France Inter. Son syndicat d\u00e9battra \u00ab\u00a0la semaine prochaine\u00a0\u00bb de sa participation ou non \u00e0 la journ\u00e9e du 10\u00a0septembre, puis se r\u00e9unira en intersyndicale le 1er\u00a0septembre. Sophie Binet reconna\u00eet tout de m\u00eame que \u00ab\u00a0les revendications sociales\u00a0\u00bb et \u00ab\u00a0la d\u00e9nonciation\u00a0\u00bb du projet de budget du Premier ministre rejoignent \u00ab\u00a0tout \u00e0 fait\u00a0\u00bb son analyse.<\/p>\n<p class=\"asset asset-text\">Plusieurs f\u00e9d\u00e9rations syndicales ont d\u00e9j\u00e0 appel\u00e9 \u00e0 \u00ab\u00a0tout bloquer\u00a0\u00bb le 10\u00a0septembre. Un message que les Fran\u00e7ais semblent entendre\u00a0: 63\u00a0% des personnes interrog\u00e9es dans <a href=\"https:\/\/www.rtl.fr\/actu\/debats-societe\/info-rtl-pres-de-2-francais-sur-3-indiquent-soutenir-le-mouvement-bloquons-tout-le-10-septembre-7900532091\" target=\"_blank\" rel=\"noopener\" title=\"Nouvelle fen\u00eatre\">un sondage Toluna &#8211; Harris Interactive pour RTL<\/a> disent adh\u00e9rer au mouvement.<\/p>\n","protected":false},"excerpt":{"rendered":"SEBASTIEN BOZON \/ AFP Olivier Faure appelle \u00e0 \u00ab\u00a0accompagner\u00a0\u00bb la mobilisation du 10\u00a0septembre. POLITIQUE &#8211; On en avait&hellip;\n","protected":false},"author":2,"featured_media":336125,"comment_status":"","ping_status":"","sticky":false,"template":"","format":"standard","meta":{"footnotes":""},"categories":[4],"tags":[11,1011,27,2088,12,4393,4484,316,25],"class_list":{"0":"post-336124","1":"post","2":"type-post","3":"status-publish","4":"format-standard","5":"has-post-thumbnail","7":"category-france","8":"tag-actualites","9":"tag-fr","10":"tag-france","11":"tag-manifestation","12":"tag-news","13":"tag-olivier-faure","14":"tag-parti-socialiste-ps","15":"tag-politique","16":"tag-republique-francaise"},"share_on_mastodon":{"url":"https:\/\/pubeurope.com\/@fr\/115072315182357099","error":""},"_links":{"self":[{"href":"https:\/\/www.europesays.com\/fr\/wp-json\/wp\/v2\/posts\/336124","targetHints":{"allow":["GET"]}}],"collection":[{"href":"https:\/\/www.europesays.com\/fr\/wp-json\/wp\/v2\/posts"}],"about":[{"href":"https:\/\/www.europesays.com\/fr\/wp-json\/wp\/v2\/types\/post"}],"author":[{"embeddable":true,"href":"https:\/\/www.europesays.com\/fr\/wp-json\/wp\/v2\/users\/2"}],"replies":[{"embeddable":true,"href":"https:\/\/www.europesays.com\/fr\/wp-json\/wp\/v2\/comments?post=336124"}],"version-history":[{"count":0,"href":"https:\/\/www.europesays.com\/fr\/wp-json\/wp\/v2\/posts\/336124\/revisions"}],"wp:featuredmedia":[{"embeddable":true,"href":"https:\/\/www.europesays.com\/fr\/wp-json\/wp\/v2\/media\/336125"}],"wp:attachment":[{"href":"https:\/\/www.europesays.com\/fr\/wp-json\/wp\/v2\/media?parent=336124"}],"wp:term":[{"taxonomy":"category","embeddable":true,"href":"https:\/\/www.europesays.com\/fr\/wp-json\/wp\/v2\/categories?post=336124"},{"taxonomy":"post_tag","embeddable":true,"href":"https:\/\/www.europesays.com\/fr\/wp-json\/wp\/v2\/tags?post=336124"}],"curies":[{"name":"wp","href":"https:\/\/api.w.org\/{rel}","templated":true}]}}