{"id":336135,"date":"2025-08-22T12:07:36","date_gmt":"2025-08-22T12:07:36","guid":{"rendered":"https:\/\/www.europesays.com\/fr\/336135\/"},"modified":"2025-08-22T12:07:36","modified_gmt":"2025-08-22T12:07:36","slug":"le-choeur-de-lopera-de-toulon-reste-en-poste","status":"publish","type":"post","link":"https:\/\/www.europesays.com\/fr\/336135\/","title":{"rendered":"Le Ch\u0153ur de l&rsquo;Op\u00e9ra de Toulon reste en poste"},"content":{"rendered":"<p>\u00a0<\/p>\n<p><a href=\"https:\/\/www.resmusica.com\/2025\/01\/24\/la-fin-du-choeur-de-lopera-de-toulon\/\" rel=\"nofollow noopener\" target=\"_blank\">L\u2019annonce de la suppression<\/a> du Ch\u0153ur permanent de l\u2019Op\u00e9ra de Toulon par le conseil d\u2019administration de l\u2019institution avait stup\u00e9fi\u00e9 le 23 janvier et soulev\u00e9 une grande vague de protestation et de soutien, \u00e9galement de solidarit\u00e9 des autres ch\u0153urs fran\u00e7ais. Le 3 f\u00e9vrier, cette d\u00e9cision de licenciement a \u00e9t\u00e9 suspendue par le bureau de la m\u00e9tropole Toulon Provence M\u00e9diterran\u00e9e. Les salari\u00e9s l\u2019ont appris hier. La proc\u00e9dure est arr\u00eat\u00e9e mais un audit par la Chambre r\u00e9gionale des comptes est lanc\u00e9, nous apprend BFM Toulon Var.<\/p>\n<p>Dans un communiqu\u00e9 de presse, l\u2019Op\u00e9ra de Toulon indique que la maire de la ville, Jos\u00e9e Massi, va octroyer \u00e0 l\u2019Op\u00e9ra une subvention exceptionnelle, \u00ab\u00a0une d\u00e9cision qui permettra d\u2019envisager de nouveaux scenari pour l\u2019Op\u00e9ra.\u00a0\u00bb<\/p>\n<p>Mis \u00e0 jour le 5\/2\/2025<\/p>\n<p>(Visited 266 times, 1 visits today)<\/p>\n<p>\u00a0<\/p>\n<p>\t\t\t\t\t\tMots-clefs de cet article\t\t\t\t\t\t\t\t\t\t\t<\/p>\n<p><strong>Reproduire cet article :<\/strong> Vous avez aim\u00e9 cet article ? N\u2019h\u00e9sitez pas \u00e0 le faire savoir sur votre site, votre blog, etc. ! Le site de ResMusica est prot\u00e9g\u00e9 par la propri\u00e9t\u00e9 intellectuelle, mais vous pouvez reproduire de courtes citations de cet article, \u00e0 condition de faire un lien vers cette page. Pour toute demande de reproduction du texte, <a href=\"https:\/\/www.resmusica.com\/contact\/\" rel=\"nofollow noopener\" target=\"_blank\">\u00e9crivez-nous<\/a> en citant la source que vous voulez reproduire ainsi que le site sur lequel il sera \u00e9ventuellement autoris\u00e9 \u00e0 \u00eatre reproduit.<\/p>\n","protected":false},"excerpt":{"rendered":"\u00a0 L\u2019annonce de la suppression du Ch\u0153ur permanent de l\u2019Op\u00e9ra de Toulon par le conseil d\u2019administration de l\u2019institution&hellip;\n","protected":false},"author":2,"featured_media":52527,"comment_status":"","ping_status":"","sticky":false,"template":"","format":"standard","meta":{"footnotes":""},"categories":[9619],"tags":[1111,11,1777,674,1011,27,12,882,25,2310],"class_list":{"0":"post-336135","1":"post","2":"type-post","3":"status-publish","4":"format-standard","5":"has-post-thumbnail","7":"category-toulon","8":"tag-actu","9":"tag-actualites","10":"tag-eu","11":"tag-europe","12":"tag-fr","13":"tag-france","14":"tag-news","15":"tag-provence-alpes-cote-dazur","16":"tag-republique-francaise","17":"tag-toulon"},"share_on_mastodon":{"url":"https:\/\/pubeurope.com\/@fr\/115072338680973914","error":""},"_links":{"self":[{"href":"https:\/\/www.europesays.com\/fr\/wp-json\/wp\/v2\/posts\/336135","targetHints":{"allow":["GET"]}}],"collection":[{"href":"https:\/\/www.europesays.com\/fr\/wp-json\/wp\/v2\/posts"}],"about":[{"href":"https:\/\/www.europesays.com\/fr\/wp-json\/wp\/v2\/types\/post"}],"author":[{"embeddable":true,"href":"https:\/\/www.europesays.com\/fr\/wp-json\/wp\/v2\/users\/2"}],"replies":[{"embeddable":true,"href":"https:\/\/www.europesays.com\/fr\/wp-json\/wp\/v2\/comments?post=336135"}],"version-history":[{"count":0,"href":"https:\/\/www.europesays.com\/fr\/wp-json\/wp\/v2\/posts\/336135\/revisions"}],"wp:featuredmedia":[{"embeddable":true,"href":"https:\/\/www.europesays.com\/fr\/wp-json\/wp\/v2\/media\/52527"}],"wp:attachment":[{"href":"https:\/\/www.europesays.com\/fr\/wp-json\/wp\/v2\/media?parent=336135"}],"wp:term":[{"taxonomy":"category","embeddable":true,"href":"https:\/\/www.europesays.com\/fr\/wp-json\/wp\/v2\/categories?post=336135"},{"taxonomy":"post_tag","embeddable":true,"href":"https:\/\/www.europesays.com\/fr\/wp-json\/wp\/v2\/tags?post=336135"}],"curies":[{"name":"wp","href":"https:\/\/api.w.org\/{rel}","templated":true}]}}