{"id":336138,"date":"2025-08-22T12:09:20","date_gmt":"2025-08-22T12:09:20","guid":{"rendered":"https:\/\/www.europesays.com\/fr\/336138\/"},"modified":"2025-08-22T12:09:20","modified_gmt":"2025-08-22T12:09:20","slug":"sortir-a-montpellier-laurent-baffie-fete-theatre-aux-belles-pierres-des-idees-pour-ce-samedi-23-aout","status":"publish","type":"post","link":"https:\/\/www.europesays.com\/fr\/336138\/","title":{"rendered":"Sortir \u00e0 Montpellier\u00a0: Laurent Baffie, f\u00eate, th\u00e9\u00e2tre aux Belles Pierres\u2026 des id\u00e9es pour ce samedi 23\u00a0ao\u00fbt"},"content":{"rendered":"<p>\n                                                                Saturargues en f\u00eate, \u00ab\u00a0La magie des \u00e9motions\u00a0\u00bb au Point Com\u00e9die, marathon \u00ab\u00a0L\u2019Attaque des Titans\u00a0\u00bb au cin\u00e9ma Path\u00e9 Odysseum, Guillaume Gionta \u00e0 l\u2019orgue de la cath\u00e9drale Saint-Pierre, th\u00e9\u00e2tre au\u00a0Domaine Belles Pierres de Murviel-l\u00e8s-Montpellier, Laurent Baffie \u00e0 P\u00e9rols ou feu d\u2019artifice \u00e0 Palavas.\n                            <\/p>\n<p>D\u00e9couvrez notre s\u00e9lection de sorties pour ce samedi 23\u00a0ao\u00fbt 2025 du c\u00f4t\u00e9 de <a href=\"https:\/\/www.midilibre.fr\/herault\/montpellier\/\" target=\"_blank\" rel=\"nofollow noopener\">Montpellier<\/a> et faites le plein d\u2019id\u00e9es avec <a href=\"https:\/\/www.midilibre.fr\/agenda\/?path=&amp;q=&amp;where=herault%3Amontpellier&amp;insee=34172&amp;from=2025-08-23&amp;to=2025-08-23&amp;agendapg=12#3964742\" target=\"_blank\" rel=\"nofollow noopener\">notre agenda en ligne<\/a>.<\/p>\n<p>F\u00eate de Saturargues<\/p>\n<blockquote data-instgrm-captioned=\"\" data-instgrm-permalink=\"https:\/\/www.instagram.com\/p\/DNNHno2iRH5\/?utm_source=ig_embed&amp;utm_campaign=loading\" data-instgrm-version=\"14\" style=\" background:#FFF; border:0; border-radius:3px; box-shadow:0 0 1px 0 rgba(0,0,0,0.5),0 1px 10px 0 rgba(0,0,0,0.15); margin: 1px; max-width:540px; min-width:326px; padding:0; width:99.375%; width:-webkit-calc(100% - 2px); width:calc(100% - 2px);\" data-class=\"instagram-media\"\/>\n<p><strong>Festivit\u00e9s.<\/strong> Ce samedi \u00e0 10\u00a0heures d\u00e9jeuner au pr\u00e9, \u00e0 10\u00a0h\u00a030 ferrade, \u00e0 11\u00a0heures abrivado longue, \u00e0 12\u00a0heures ap\u00e9ro mousse, \u00e0 18\u00a0heures bandido, \u00e0 19\u00a0h\u00a030 ap\u00e9ritif musical, \u00e0 21\u00a0heures taureau piscine, \u00e0 partir de 22\u00a0heures soir\u00e9e anim\u00e9e par Laurent Pepper.<\/p>\n<p>&gt;\u00a0Du jeudi\u00a021 au dimanche 24\u00a0ao\u00fbt \u00e0 <a href=\"https:\/\/www.midilibre.fr\/herault\/saturargues\/\" target=\"_blank\" rel=\"nofollow noopener\">Saturargues<\/a>.<\/p>\n<p>La magie des \u00e9motions<\/p>\n<p>        <img decoding=\"async\" class=\"std-img__img responsive-img\" src=\"https:\/\/www.europesays.com\/fr\/wp-content\/uploads\/2025\/08\/1755864559_486_image.jpg\" alt=\"Une pi\u00e8ce tendre et po\u00e9tique qui aide \u00e0 comprendre que les \u00e9motions.\"\/><\/p>\n<p>                Une pi\u00e8ce tendre et po\u00e9tique qui aide \u00e0 comprendre que les \u00e9motions.<br \/>\n                                    D.R.<\/p>\n<p><strong>Spectacle jeune public.<\/strong>\u00a0Azylis est une petite fille comme les autres, mais elle ressent ses \u00e9motions si fort qu\u2019elles prennent parfois toute la place\u00a0! Un jour, elle d\u00e9cide que tout cela doit changer. Elle se lance dans une aventure int\u00e9rieure o\u00f9 elle rencontre chaque \u00e9motion, leur parle, et d\u00e9couvre pourquoi elles sont l\u00e0. \u00c0 partir de 1 an (40&prime;).<\/p>\n<p>&gt;\u00a0Ce samedi 23\u00a0ao\u00fbt \u00e0 11\u00a0heures au\u00a0<a href=\"https:\/\/www.lepointcomedie.fr\/\" target=\"_blank\" rel=\"nofollow noopener\">Th\u00e9\u00e2tre le Point Com\u00e9die<\/a>, 9 rue Sainte-Ursule \u00e0 <a href=\"https:\/\/www.midilibre.fr\/herault\/montpellier\/\" target=\"_blank\" rel=\"nofollow noopener\">Montpellier.<\/a> Tarif unique 10\u00a0\u20ac. Contact au 06\u00a004\u00a014\u00a076\u00a008.<\/p>\n<p>Marathon L\u2019Attaque des Titans<\/p>\n<p><strong>Rendez-vous de l\u2019anim\u00e9. <\/strong>\u00c0 <strong>13\u00a0h\u00a030<\/strong> \u00ab\u00a0L\u2019Attaque des Titans \u2013 L\u2019arc et la fl\u00e8che \u00e9carlate\u00a0\u00bb, animation, science-fiction, action (1h58, interdit aux moins de 16 ans, VOST) de Tetsur\u00f4 Araki.\u00a0Pour se prot\u00e9ger des titans, les hommes se sont barricad\u00e9s derri\u00e8re des enceintes fortifi\u00e9es. Un titan parvient \u00e0 ouvrir une br\u00e8che dans un des murs d\u2019enceinte. Ses cong\u00e9n\u00e8res d\u00e9vastent les rues, mangeant tous ceux qu\u2019ils croisent.<\/p>\n<p>\u00c0 <strong>16\u00a0h\u00a030<\/strong>, \u00ab\u00a0L\u2019Attaque des Titans \u2013 Les ailes de la libert\u00e9\u00a0\u00bb, animation, action, fantastique (2h01, interdit aux moins de 16 ans, VOST). \u00c0 <strong>19\u00a0h\u00a030<\/strong>, \u00ab\u00a0L\u2019Attaque des Titans \u2013 Le Rugissement de l\u2019\u00e9veil\u00a0\u00bb, animation (2h, interdit aux moins de 16 ans, VOST).<\/p>\n<p>&gt;\u00a0Ce samedi 23\u00a0ao\u00fbt au <a href=\"https:\/\/www.pathe.fr\/cinemas\/cinema-pathe-odysseum\" target=\"_blank\" rel=\"nofollow noopener\">cin\u00e9ma Path\u00e9 Odysseum<\/a>, 235 rue Georges M\u00e9li\u00e8s \u00e0 <a href=\"https:\/\/www.midilibre.fr\/herault\/montpellier\/\" target=\"_blank\" rel=\"nofollow noopener\">Montpellier<\/a>. Tarif sp\u00e9cial\u00a0: 8\u00a0\u20ac la s\u00e9ance.<\/p>\n<p>Festival d\u2019orgue\u00a0: Guillaume Gionta<\/p>\n<p><strong>Concert.<\/strong> Guillaume Gionta d\u00e9bute le piano d\u00e8s l\u2019\u00e2ge de 5 ans \u00e0 Marseille puis se d\u00e9couvre rapidement une passion pour l\u2019orgue. Si son r\u00e9pertoire s\u2019\u00e9tend de la musique baroque \u00e0 celle d\u2019aujourd\u2019hui, sa sensibilit\u00e9 le porte plus particuli\u00e8rement vers les pages romantiques et la musique fran\u00e7aise du XXe\u00a0si\u00e8cle. Il est organiste titulaire du grand orgue de la cath\u00e9drale Saint-Pierre de Montpellier et directeur artistique des saisons de concerts de la cath\u00e9drale.<\/p>\n<p>&gt;\u00a0Ce\u00a0samedi 23\u00a0ao\u00fbt\u00a0\u00e0 17\u00a0h\u00a045 \u00e0 la <a href=\"https:\/\/www.cathedrale-montpellier.fr\/\" target=\"_blank\" rel=\"nofollow noopener\">cath\u00e9drale Saint-Pierre<\/a>, rue Saint-Pierre \u00e0 <a href=\"https:\/\/www.midilibre.fr\/herault\/montpellier\/\" target=\"_blank\" rel=\"nofollow noopener\">Montpellier<\/a>.\u00a0Entr\u00e9e libre, participation aux frais.<\/p>\n<p>\u00ab\u00a0Les Belles-s\u0153urs\u00a0\u00bb<\/p>\n<p>        <img decoding=\"async\" class=\"std-img__img responsive-img\" src=\"https:\/\/www.europesays.com\/fr\/wp-content\/uploads\/2025\/08\/1755864560_680_image.jpg\" alt=\"Un rendez-vous m\u00ealant th\u00e9\u00e2tre et saveurs du terroir.\"\/><\/p>\n<p>                Un rendez-vous m\u00ealant th\u00e9\u00e2tre et saveurs du terroir.<br \/>\n                                    D.R.<\/p>\n<p><strong>Th\u00e9\u00e2tre.\u00a0<\/strong>D\u00e9couverte et d\u00e9gustation des vins du Domaine Belles Pierres, restauration sur place (vari\u00e9e). Pi\u00e8ce de th\u00e9\u00e2tre en plein air\u00a0: \u00ab\u00a0Les Belles-s\u0153urs\u00a0\u00bb\u00a0par la compagnie Les \u00c9lectrons libres.\u00a0Francky la quarantaine, a invit\u00e9 ses deux fr\u00e8res et leurs \u00e9pouses dans la maison o\u00f9 il vient d\u2019emm\u00e9nager avec sa femme Nicole.\u00a0Cette derni\u00e8re a pris l\u2019initiative d\u2019inviter Talia, la secr\u00e9taire de son mari. La venue de cette jeune femme s\u00e8me le trouble et l\u2019inqui\u00e9tude des trois fr\u00e8res.<\/p>\n<p>&gt;\u00a0Ce samedi 23\u00a0ao\u00fbt \u00e0 partir de 19\u00a0h\u00a015 au <a href=\"https:\/\/www.domaine-bellespierres.com\/\" target=\"_blank\" rel=\"nofollow noopener\">Domaine Belles Pierres<\/a>, route de Bel-Air D 102 \u00e0\u00a0<a href=\"https:\/\/www.midilibre.fr\/herault\/murviel-les-montpellier\/\" target=\"_blank\" rel=\"nofollow noopener\">Murviel-l\u00e8s-Montpellier<\/a>. Entr\u00e9e +\u00a01 verre de vin ou soft 10\u00a0\u20ac, 2 entr\u00e9es +\u00a02 verres de vin ou softs 15\u00a0\u20ac, Duo 2 entr\u00e9es +\u00a01 bouteille de vin 20\u00a0\u20ac. R\u00e9servation souhait\u00e9e \u00e0\u00a0contact@domaine-bellespierres.com ou au\u00a006\u00a008\u00a088\u00a061\u00a027.<\/p>\n<p>Laurent Baffie se pose des questions<\/p>\n<p><strong>Spectacle.<\/strong>\u00a0Fid\u00e8le \u00e0 sa marque de fabrique, Laurent Baffie encha\u00eene ses questions improbables aussi absurdes qu\u2019inattendues et les \u00e9changes directs avec le public. Rien n\u2019est fig\u00e9\u2026 Chaque repr\u00e9sentation prend une tournure diff\u00e9rente, au gr\u00e9 de ses reparties et des r\u00e9actions du public.<\/p>\n<p>&gt;\u00a0Ce samedi 23\u00a0ao\u00fbt \u00e0 21\u00a0heures au th\u00e9\u00e2tre de verdure\u00a0au parcours de sant\u00e9 de <a href=\"https:\/\/www.midilibre.fr\/herault\/perols\/\" target=\"_blank\" rel=\"nofollow noopener\">P\u00e9rols<\/a>. Gratuit, entr\u00e9e libre.<\/p>\n<p>Feu d\u2019artifice<\/p>\n<p><strong>Animation.\u00a0<\/strong>Grand feu d\u2019artifice offert par la Ville.<\/p>\n<p>&gt;\u00a0Ce samedi 23\u00a0ao\u00fbt \u00e0 22\u00a0h\u00a030, plage de l\u2019H\u00f4tel de Ville \u00e0 <a href=\"https:\/\/www.midilibre.fr\/herault\/palavas-les-flots\/\" target=\"_blank\" rel=\"nofollow noopener\">Palavas-les-Flots<\/a>.<\/p>\n<p>                                                                                                                                                                                                        <script async src=\"\/\/www.instagram.com\/embed.js\"><\/script><\/p>\n","protected":false},"excerpt":{"rendered":"Saturargues en f\u00eate, \u00ab\u00a0La magie des \u00e9motions\u00a0\u00bb au Point Com\u00e9die, marathon \u00ab\u00a0L\u2019Attaque des Titans\u00a0\u00bb au cin\u00e9ma Path\u00e9 Odysseum,&hellip;\n","protected":false},"author":2,"featured_media":336139,"comment_status":"","ping_status":"","sticky":false,"template":"","format":"standard","meta":{"footnotes":""},"categories":[9599],"tags":[1111,11,1777,674,1011,27,2208,12,2680,25],"class_list":{"0":"post-336138","1":"post","2":"type-post","3":"status-publish","4":"format-standard","5":"has-post-thumbnail","7":"category-montpellier","8":"tag-actu","9":"tag-actualites","10":"tag-eu","11":"tag-europe","12":"tag-fr","13":"tag-france","14":"tag-montpellier","15":"tag-news","16":"tag-occitanie","17":"tag-republique-francaise"},"share_on_mastodon":{"url":"https:\/\/pubeurope.com\/@fr\/115072346901687462","error":""},"_links":{"self":[{"href":"https:\/\/www.europesays.com\/fr\/wp-json\/wp\/v2\/posts\/336138","targetHints":{"allow":["GET"]}}],"collection":[{"href":"https:\/\/www.europesays.com\/fr\/wp-json\/wp\/v2\/posts"}],"about":[{"href":"https:\/\/www.europesays.com\/fr\/wp-json\/wp\/v2\/types\/post"}],"author":[{"embeddable":true,"href":"https:\/\/www.europesays.com\/fr\/wp-json\/wp\/v2\/users\/2"}],"replies":[{"embeddable":true,"href":"https:\/\/www.europesays.com\/fr\/wp-json\/wp\/v2\/comments?post=336138"}],"version-history":[{"count":0,"href":"https:\/\/www.europesays.com\/fr\/wp-json\/wp\/v2\/posts\/336138\/revisions"}],"wp:featuredmedia":[{"embeddable":true,"href":"https:\/\/www.europesays.com\/fr\/wp-json\/wp\/v2\/media\/336139"}],"wp:attachment":[{"href":"https:\/\/www.europesays.com\/fr\/wp-json\/wp\/v2\/media?parent=336138"}],"wp:term":[{"taxonomy":"category","embeddable":true,"href":"https:\/\/www.europesays.com\/fr\/wp-json\/wp\/v2\/categories?post=336138"},{"taxonomy":"post_tag","embeddable":true,"href":"https:\/\/www.europesays.com\/fr\/wp-json\/wp\/v2\/tags?post=336138"}],"curies":[{"name":"wp","href":"https:\/\/api.w.org\/{rel}","templated":true}]}}