{"id":336140,"date":"2025-08-22T12:10:25","date_gmt":"2025-08-22T12:10:25","guid":{"rendered":"https:\/\/www.europesays.com\/fr\/336140\/"},"modified":"2025-08-22T12:10:25","modified_gmt":"2025-08-22T12:10:25","slug":"joris-chotard-va-retourner-en-ligue-1","status":"publish","type":"post","link":"https:\/\/www.europesays.com\/fr\/336140\/","title":{"rendered":"Joris Chotard va retourner en Ligue 1"},"content":{"rendered":"<p style=\"text-align: justify;\"><strong>TRANSFERTS \u2013 Brest a trouv\u00e9 son nouveau milieu de terrain. Apr\u00e8s 190 matchs avec Montpellier, Joris Chotard va signer en Bretagne un contrat de 4 ans.<\/strong><\/p>\n<p style=\"text-align: justify;\"><strong>Joris Chotard<\/strong> n\u2019aura disput\u00e9 qu\u2019un match en Ligue 2 avec Montpellier, face au Red Star (il n\u2019a pas jou\u00e9 face au Mans). Le milieu de terrain de 23 ans va quitter l\u2019H\u00e9rault dans les prochaines heures, selon nos confr\u00e8res de <a href=\"https:\/\/www.lequipe.fr\/Football\/Actualites\/Mercato-joris-chotard-attendu-a-brest\/1586669\" target=\"_blank\" rel=\"noopener\">L\u2019\u00c9quipe<\/a>. Il devrait retourner en Ligue 1, et d\u00e9couvrir la Bretagne. Il ne resterait plus que la visite m\u00e9dicale \u00e0 conclure, alors que les deux clubs ont tard\u00e9 \u00e0 s\u2019entendre sur le montant du transfert. L\u2019an pass\u00e9, Wolfsburg avait propos\u00e9 7 millions d\u2019euros pour <strong>Chotard<\/strong>, offre refus\u00e9e par Montpellier. Mais d\u00e9sormais, les hommes de <strong>Zoumana Camara<\/strong> sont en Ligue 2, et l\u2019argent vient \u00e0 manquer.<\/p>\n<p><a href=\"https:\/\/dicodusport.fr\/blog\/mercato-montpellier-2025-2026-le-tableau-complet-des-transferts-arrivees-et-departs\/\" class=\"vlp-link\" title=\"Mercato Montpellier 2025-2026 : Le tableau complet des transferts, arriv\u00e9es et d\u00e9parts\" target=\"_blank\" rel=\"noopener\"><img loading=\"lazy\" decoding=\"async\" style=\"max-width: 792px;\" width=\"792\" height=\"445\" class=\"attachment-800x445 size-800x445 perfmatters-lazy\" alt=\"Mercato Montpellier 2025-2026 Le tableau complet des transferts, arriv\u00e9es et d\u00e9parts\" src=\"https:\/\/www.europesays.com\/fr\/wp-content\/uploads\/2025\/08\/Mercato-Montpellier-2025-2026-Le-tableau-complet-des-transferts-arrivees-et-departs.png\"  data-\/><\/p>\n<p>Mercato Montpellier 2025-2026 : Le tableau complet des transferts, arriv\u00e9es et d\u00e9parts<\/p>\n<p>TRANSFERTS MONTPELLIER &#8211; Retrouvez tous les mouvements du Montpellier H\u00e9rault SC pour l&rsquo;intersaison 2025 en Ligue 2. Arriv\u00e9es, d\u00e9part, pr\u00eats, transferts d\u00e9finitifs, ne ratez rien du mercato estival.\u00a0<\/p>\n<p>Lire l&rsquo;article<\/p>\n<p>dicodusport.fr<\/p>\n<p>Joris Chotard vient combler un manque \u00e0 Brest<\/p>\n<p style=\"text-align: justify;\">Avec 190 matchs au compteur \u00e0 seulement 23 ans, <strong>Joris Chotard<\/strong> a tout de la bonne pioche pour Brest. Un Brest affaibli au milieu de terrain, notamment apr\u00e8s <a href=\"https:\/\/dicodusport.fr\/blog\/transferts-brest-rennes-va-doubler-nice-pour-mahdi-camara\/\" target=\"_blank\" rel=\"noopener\">le d\u00e9part de <strong>Mahdi Camara<\/strong> \u00e0 Rennes<\/a>. Il \u00e9tait sous contrat jusqu\u2019en 2026 avec Montpellier, mais les 4 millions d\u2019euros (bonus compris) propos\u00e9s par Brest ont visiblement convaincu les dirigeants montpelli\u00e9rains.<strong> Joris Chotard<\/strong> est la troisi\u00e8me recrue de l\u2019\u00e9t\u00e9 pour Brest, apr\u00e8s deux pr\u00eats. Le gardien <strong>Rados\u0142aw Majecki<\/strong>\u00a0(25 ans, pr\u00eat\u00e9 par Monaco) et <b>J\u00fanior D\u00edaz<\/b>\u00a0(21 ans, pr\u00eat\u00e9 par Troyes) sont arriv\u00e9s plus t\u00f4t dans l\u2019\u00e9t\u00e9 au sein du club finist\u00e9rien.<\/p>\n<p><a href=\"https:\/\/dicodusport.fr\/blog\/mercato-brest-2025-2026-le-tableau-complet-des-transferts-arrivees-et-departs\/\" class=\"vlp-link\" title=\"Mercato Brest 2025-2026 : Le tableau complet des transferts, arriv\u00e9es et d\u00e9parts\" target=\"_blank\" rel=\"noopener\"><img loading=\"lazy\" decoding=\"async\" style=\"max-width: 792px;\" width=\"792\" height=\"445\" class=\"attachment-800x445 size-800x445 perfmatters-lazy\" alt=\"Mercato Brest 2025-2026 Le tableau complet des transferts, arriv\u00e9es et d\u00e9parts\" src=\"https:\/\/www.europesays.com\/fr\/wp-content\/uploads\/2025\/07\/Mercato-Brest-2025-2026-Le-tableau-complet-des-transferts-arrivees-et-departs.png\"  data-\/><\/p>\n<p>Mercato Brest 2025-2026 : Le tableau complet des transferts, arriv\u00e9es et d\u00e9parts<\/p>\n<p>TRANSFERTS BREST &#8211; Retrouvez tous les mouvements du Stade Brestois 29 pour l&rsquo;intersaison 2025 en Ligue 1. Arriv\u00e9es, d\u00e9part, pr\u00eats, transferts d\u00e9finitifs, ne ratez rien du mercato estival.\u00a0<\/p>\n<p>Lire l&rsquo;article<\/p>\n<p>dicodusport.fr<\/p>\n<p style=\"text-align: justify;\"><strong>Joris Chotard<\/strong> a fait partie de l\u2019exp\u00e9rience olympique \u00e0 Paris, disputant <a href=\"https:\/\/dicodusport.fr\/blog\/football-jo-2024-la-selection-des-bleus\/\" target=\"_blank\" rel=\"noopener\">12 rencontres avec l\u2019Equipe de France olympique<\/a>. Sans toutefois inscrire de but. Mais en ramenant la m\u00e9daille d\u2019argent des Jeux. Milieu plut\u00f4t d\u00e9fensif, mais d\u00e9j\u00e0 aguerri au championnat de France et dur sur le terrain, <strong>Joris Chotard<\/strong> pourrait se r\u00e9v\u00e9ler comme un ajout int\u00e9ressant pour le Stade Brestois cette saison.<\/p>\n","protected":false},"excerpt":{"rendered":"TRANSFERTS \u2013 Brest a trouv\u00e9 son nouveau milieu de terrain. Apr\u00e8s 190 matchs avec Montpellier, Joris Chotard va&hellip;\n","protected":false},"author":2,"featured_media":336141,"comment_status":"","ping_status":"","sticky":false,"template":"","format":"standard","meta":{"footnotes":""},"categories":[9599],"tags":[1111,11,2113,1777,674,1011,27,2208,25781,12,2680,25,4449],"class_list":{"0":"post-336140","1":"post","2":"type-post","3":"status-publish","4":"format-standard","5":"has-post-thumbnail","7":"category-montpellier","8":"tag-actu","9":"tag-actualites","10":"tag-breve","11":"tag-eu","12":"tag-europe","13":"tag-fr","14":"tag-france","15":"tag-montpellier","16":"tag-montpellier-hsc","17":"tag-news","18":"tag-occitanie","19":"tag-republique-francaise","20":"tag-stade-brestois"},"share_on_mastodon":{"url":"https:\/\/pubeurope.com\/@fr\/115072350653872477","error":""},"_links":{"self":[{"href":"https:\/\/www.europesays.com\/fr\/wp-json\/wp\/v2\/posts\/336140","targetHints":{"allow":["GET"]}}],"collection":[{"href":"https:\/\/www.europesays.com\/fr\/wp-json\/wp\/v2\/posts"}],"about":[{"href":"https:\/\/www.europesays.com\/fr\/wp-json\/wp\/v2\/types\/post"}],"author":[{"embeddable":true,"href":"https:\/\/www.europesays.com\/fr\/wp-json\/wp\/v2\/users\/2"}],"replies":[{"embeddable":true,"href":"https:\/\/www.europesays.com\/fr\/wp-json\/wp\/v2\/comments?post=336140"}],"version-history":[{"count":0,"href":"https:\/\/www.europesays.com\/fr\/wp-json\/wp\/v2\/posts\/336140\/revisions"}],"wp:featuredmedia":[{"embeddable":true,"href":"https:\/\/www.europesays.com\/fr\/wp-json\/wp\/v2\/media\/336141"}],"wp:attachment":[{"href":"https:\/\/www.europesays.com\/fr\/wp-json\/wp\/v2\/media?parent=336140"}],"wp:term":[{"taxonomy":"category","embeddable":true,"href":"https:\/\/www.europesays.com\/fr\/wp-json\/wp\/v2\/categories?post=336140"},{"taxonomy":"post_tag","embeddable":true,"href":"https:\/\/www.europesays.com\/fr\/wp-json\/wp\/v2\/tags?post=336140"}],"curies":[{"name":"wp","href":"https:\/\/api.w.org\/{rel}","templated":true}]}}