{"id":336143,"date":"2025-08-22T12:14:26","date_gmt":"2025-08-22T12:14:26","guid":{"rendered":"https:\/\/www.europesays.com\/fr\/336143\/"},"modified":"2025-08-22T12:14:26","modified_gmt":"2025-08-22T12:14:26","slug":"pres-de-grenoble-un-mysterieux-corps-retrouve-sur-la-rocade-sud-la-police-alerte","status":"publish","type":"post","link":"https:\/\/www.europesays.com\/fr\/336143\/","title":{"rendered":"Pr\u00e8s de Grenoble. Un myst\u00e9rieux corps retrouv\u00e9 sur la rocade sud, la police alerte"},"content":{"rendered":"<p>            Par<br \/>\n        <strong><br \/>\n            <a href=\"https:\/\/actu.fr\/auteur\/julien-sournies\" title=\"Consulter tous les articles de Julien Sournies\" rel=\"nofollow noopener\" target=\"_blank\">Julien Sournies<\/a><br \/>\n        <\/strong><\/p>\n<p>        Publi\u00e9 le<\/p>\n<p>            22 ao\u00fbt 2025 \u00e0 12h12        <\/p>\n<p>La police nationale vient de lancer un <strong>appel \u00e0 t\u00e9moins<\/strong> ce vendredi 22\u00a0ao\u00fbt 2025. Celui-ci fait suite \u00e0 <a href=\"https:\/\/actu.fr\/auvergne-rhone-alpes\/eybens_38158\/pres-de-grenoble-le-corps-d-un-homme-retrouve-sur-la-rocade-sud-ce-qu-il-s-est-passe_63045214.html\" rel=\"nofollow noopener\" target=\"_blank\">l\u2019accident mortel<\/a> survenu sur la rocade sud N87 \u00e0 hauteur de la commune d\u2019Eybens (<a href=\"https:\/\/actu.fr\/auvergne-rhone-alpes\/isere_38\" rel=\"nofollow noopener\" target=\"_blank\">Is\u00e8re<\/a>), pr\u00e8s de <a href=\"https:\/\/actu.fr\/grenoble\/\" rel=\"nofollow noopener\" target=\"_blank\">Grenoble<\/a>, dimanche 17\u00a0ao\u00fbt 2025 aux environs de 6h du matin.<\/p>\n<p>L\u2019identit\u00e9 de la victime toujours inconnue<\/p>\n<p class=\" wall-content\">Pour rappel, le corps d\u2019un individu, dont on <strong>ignore toujours l\u2019identit\u00e9<\/strong> cinq jours plus tard, a \u00e9t\u00e9 retrouv\u00e9 en bas du pont avenue Marcel Cachin, lequel relie Saint-Martin-d\u2019H\u00e8res \u00e0 Poisat, apr\u00e8s avoir \u00ab\u2009vraisemblablement chut\u00e9\u2009\u00bb.<\/p>\n<p class=\" wall-content\">Selon les premiers \u00e9l\u00e9ments recueillis, la victime aurait alors \u00e9t\u00e9 percut\u00e9e par un ou plusieurs v\u00e9hicules, dans le sens Chamb\u00e9ry-Lyon, avant de succomber \u00e0 ses blessures sur place.<\/p>\n<p>    <a href=\"https:\/\/www.google.com\/maps\/embed?pb=!1m18!1m12!1m3!1d3978.2050784385374!2d5.757054606582805!3d45.16653016621885!2m3!1f0!2f0!3f0!3m2!1i1024!2i768!4f13.1!3m3!1m2!1s0x478af4e7acf125f3%3A0xd0d0101b961603e8!2sN87%2C%20France!5e0!3m2!1sfr!2sus!4v1755856260635!5m2!1sfr!2sus\" title=\"Ouvrie le lien\" rel=\"nofollow noopener\" target=\"_blank\">Cliquez ici pour visualiser le contenu<\/a><\/p>\n<p class=\" wall-content\">La police nationale recherche donc toute personne susceptible de lui fournir des informations sur cet accident qui a pu survenir \u00ab\u2009avec ou sans\u2009\u00bb l\u2019intervention d\u2019un tiers. Elle invite les t\u00e9moins \u00e0 appeler l\u2019h\u00f4tel de police de Grenoble au <strong>04\u200976\u200960\u200940\u200940<\/strong>.<\/p>\n<p class=\" wall-content\">Personnalisez votre actualit\u00e9 en ajoutant vos villes et m\u00e9dias en favori avec <a href=\"https:\/\/moncompte.actu.fr\" title=\"D\u00e9couvez Mon Actu\" rel=\"nofollow noopener\" data-trk=\"{&quot;cta&quot;:{&quot;action&quot;:&quot;https:\\\/\\\/moncompte.actu.fr&quot;,&quot;category&quot;:&quot;mon compte&quot;,&quot;from&quot;:&quot;article footer&quot;,&quot;name&quot;:&quot;Mon actu&quot;,&quot;type&quot;:&quot;cta&quot;}}\" target=\"_blank\">Mon Actu<\/a>.<\/p>\n","protected":false},"excerpt":{"rendered":"Par Julien Sournies Publi\u00e9 le 22 ao\u00fbt 2025 \u00e0 12h12 La police nationale vient de lancer un appel&hellip;\n","protected":false},"author":2,"featured_media":336144,"comment_status":"","ping_status":"","sticky":false,"template":"","format":"standard","meta":{"footnotes":""},"categories":[9566],"tags":[1111,11,2430,1777,674,118,1011,27,2731,12,1072,25],"class_list":{"0":"post-336143","1":"post","2":"type-post","3":"status-publish","4":"format-standard","5":"has-post-thumbnail","7":"category-grenoble","8":"tag-actu","9":"tag-actualites","10":"tag-auvergne-rhone-alpes","11":"tag-eu","12":"tag-europe","13":"tag-faits-divers","14":"tag-fr","15":"tag-france","16":"tag-grenoble","17":"tag-news","18":"tag-police","19":"tag-republique-francaise"},"share_on_mastodon":{"url":"https:\/\/pubeurope.com\/@fr\/115072366201500890","error":""},"_links":{"self":[{"href":"https:\/\/www.europesays.com\/fr\/wp-json\/wp\/v2\/posts\/336143","targetHints":{"allow":["GET"]}}],"collection":[{"href":"https:\/\/www.europesays.com\/fr\/wp-json\/wp\/v2\/posts"}],"about":[{"href":"https:\/\/www.europesays.com\/fr\/wp-json\/wp\/v2\/types\/post"}],"author":[{"embeddable":true,"href":"https:\/\/www.europesays.com\/fr\/wp-json\/wp\/v2\/users\/2"}],"replies":[{"embeddable":true,"href":"https:\/\/www.europesays.com\/fr\/wp-json\/wp\/v2\/comments?post=336143"}],"version-history":[{"count":0,"href":"https:\/\/www.europesays.com\/fr\/wp-json\/wp\/v2\/posts\/336143\/revisions"}],"wp:featuredmedia":[{"embeddable":true,"href":"https:\/\/www.europesays.com\/fr\/wp-json\/wp\/v2\/media\/336144"}],"wp:attachment":[{"href":"https:\/\/www.europesays.com\/fr\/wp-json\/wp\/v2\/media?parent=336143"}],"wp:term":[{"taxonomy":"category","embeddable":true,"href":"https:\/\/www.europesays.com\/fr\/wp-json\/wp\/v2\/categories?post=336143"},{"taxonomy":"post_tag","embeddable":true,"href":"https:\/\/www.europesays.com\/fr\/wp-json\/wp\/v2\/tags?post=336143"}],"curies":[{"name":"wp","href":"https:\/\/api.w.org\/{rel}","templated":true}]}}