{"id":336150,"date":"2025-08-22T12:18:18","date_gmt":"2025-08-22T12:18:18","guid":{"rendered":"https:\/\/www.europesays.com\/fr\/336150\/"},"modified":"2025-08-22T12:18:18","modified_gmt":"2025-08-22T12:18:18","slug":"a-strasbourg-marine-tondelier-tente-de-faire-renaitre-lunion-de-la-gauche","status":"publish","type":"post","link":"https:\/\/www.europesays.com\/fr\/336150\/","title":{"rendered":"A Strasbourg, Marine Tondelier tente de faire rena\u00eetre l\u2019union de la gauche"},"content":{"rendered":"<p>                         <img loading=\"lazy\" decoding=\"async\" src=\"https:\/\/www.europesays.com\/fr\/wp-content\/uploads\/2025\/08\/b2cb8c3_upload-1-lnywzdvwqhoe-cbi1269062.jpg\" alt=\"Marine Tondelier, Lucie Castets et Olivier Faure aux Journ\u00e9es d\u2019\u00e9t\u00e9 des Ecologistes, \u00e0 Strasbourg, le 21\u00a0ao\u00fbt 2025.\"   width=\"664\" height=\"443\"\/>    Marine Tondelier, Lucie Castets et Olivier Faure aux Journ\u00e9es d\u2019\u00e9t\u00e9 des Ecologistes, \u00e0 Strasbourg, le 21\u00a0ao\u00fbt 2025.  CYRIL BITTON\/DIVERGENCE POUR \u00ab\u00a0LE MONDE\u00a0\u00bb                 <\/p>\n<p class=\"article__paragraph  \">Sur la pelouse de l\u2019universit\u00e9 de Strasbourg, la chef de file des Ecologistes, Marine Tondelier, a troqu\u00e9 sa veste verte pour un pantalon de la m\u00eame couleur, une fa\u00e7on de d\u00e9cliner la tenue f\u00e9tiche qui fait son succ\u00e8s depuis les d\u00e9buts du Nouveau Front populaire\u00a0(NFP). \u00ab\u00a0Je suis tr\u00e8s en forme\u00a0\u00bb, a-t-elle pr\u00e9venu, en guise d\u2019introduction des Journ\u00e9es d\u2019\u00e9t\u00e9 des Ecologistes, qui se tiennent du\u00a021 au 23\u00a0ao\u00fbt. A moins de deux ans de l\u2019\u00e9lection pr\u00e9sidentielle, Marine Tondelier a une obsession, d\u00e9mentir l\u2019id\u00e9e que \u00ab\u00a0la gauche fait sa rentr\u00e9e divis\u00e9e\u00a0\u00bb et qu\u2019<a href=\"https:\/\/www.lemonde.fr\/politique\/article\/2025\/08\/21\/a-strasbourg-marine-tondelier-plaide-de-nouveau-pour-l-unite-de-la-gauche-en-vue-de-la-presidentielle-2027_6633096_823449.html\" rel=\"nofollow noopener\" target=\"_blank\">une candidature commune \u00e0 la pr\u00e9sidentielle serait une chim\u00e8re<\/a>.<\/p>\n<p>                                   Lire aussi |  Article r\u00e9serv\u00e9 \u00e0 nos abonn\u00e9s  <a href=\"https:\/\/www.lemonde.fr\/politique\/article\/2025\/08\/03\/presidentielle-2027-a-gauche-les-unionistes-planchent-sur-l-epineuse-question-d-une-primaire_6626374_823448.html\" class=\"js-article-read-also catcher--favoris__link\" data-premium=\"1\" id=\"article-title-3433448\" rel=\"nofollow noopener\" target=\"_blank\">Pr\u00e9sidentielle\u00a02027\u00a0: \u00e0 gauche, les \u00ab\u00a0unionistes\u00a0\u00bb planchent sur l\u2019\u00e9pineuse question d\u2019une primaire<\/a>    <\/p>\n<p>   Lire plus tard  <\/p>\n<p class=\"article__paragraph  \">Pour donner le ton, elle commence par faire applaudir ses invit\u00e9s du premier rang, l\u2019ex-candidate du NFP au poste de premier ministre, Lucie Castets, et ses partenaires de gauche, les chefs de file du Parti socialiste\u00a0(PS), Olivier Faure, de G\u00e9n\u00e9ration.s, Benjamin Lucas, et de L\u2019Apr\u00e8s, Cl\u00e9mentine Autain. Tous ont fait le d\u00e9placement pour soutenir la d\u00e9marche unitaire. \u00ab\u00a0Il faut passer \u00e0 l\u2019action, le temps est venu de passer aux travaux pratiques\u00a0\u00bb, a suppli\u00e9 Mme\u00a0Autain. \u00ab\u00a0Sans l\u2019union\u00a0\u00bb, la gauche ne peut \u00eatre au second tour, a poursuivi M.\u00a0Faure, qui pr\u00e9dit, si cette hypoth\u00e8se se confirmait, sa quasi-disparition de la sc\u00e8ne politique.<\/p>\n<p class=\"reading-mode-only \"><strong>Il vous reste 76.86% de cet article \u00e0 lire. La suite est r\u00e9serv\u00e9e aux abonn\u00e9s.<\/strong><\/p>\n","protected":false},"excerpt":{"rendered":"Marine Tondelier, Lucie Castets et Olivier Faure aux Journ\u00e9es d\u2019\u00e9t\u00e9 des Ecologistes, \u00e0 Strasbourg, le 21\u00a0ao\u00fbt 2025. CYRIL&hellip;\n","protected":false},"author":2,"featured_media":336151,"comment_status":"","ping_status":"","sticky":false,"template":"","format":"standard","meta":{"footnotes":""},"categories":[2820],"tags":[1111,11,1777,674,1011,27,775,12,25,640],"class_list":{"0":"post-336150","1":"post","2":"type-post","3":"status-publish","4":"format-standard","5":"has-post-thumbnail","7":"category-strasbourg","8":"tag-actu","9":"tag-actualites","10":"tag-eu","11":"tag-europe","12":"tag-fr","13":"tag-france","14":"tag-grand-est","15":"tag-news","16":"tag-republique-francaise","17":"tag-strasbourg"},"share_on_mastodon":{"url":"https:\/\/pubeurope.com\/@fr\/115072382045320302","error":""},"_links":{"self":[{"href":"https:\/\/www.europesays.com\/fr\/wp-json\/wp\/v2\/posts\/336150","targetHints":{"allow":["GET"]}}],"collection":[{"href":"https:\/\/www.europesays.com\/fr\/wp-json\/wp\/v2\/posts"}],"about":[{"href":"https:\/\/www.europesays.com\/fr\/wp-json\/wp\/v2\/types\/post"}],"author":[{"embeddable":true,"href":"https:\/\/www.europesays.com\/fr\/wp-json\/wp\/v2\/users\/2"}],"replies":[{"embeddable":true,"href":"https:\/\/www.europesays.com\/fr\/wp-json\/wp\/v2\/comments?post=336150"}],"version-history":[{"count":0,"href":"https:\/\/www.europesays.com\/fr\/wp-json\/wp\/v2\/posts\/336150\/revisions"}],"wp:featuredmedia":[{"embeddable":true,"href":"https:\/\/www.europesays.com\/fr\/wp-json\/wp\/v2\/media\/336151"}],"wp:attachment":[{"href":"https:\/\/www.europesays.com\/fr\/wp-json\/wp\/v2\/media?parent=336150"}],"wp:term":[{"taxonomy":"category","embeddable":true,"href":"https:\/\/www.europesays.com\/fr\/wp-json\/wp\/v2\/categories?post=336150"},{"taxonomy":"post_tag","embeddable":true,"href":"https:\/\/www.europesays.com\/fr\/wp-json\/wp\/v2\/tags?post=336150"}],"curies":[{"name":"wp","href":"https:\/\/api.w.org\/{rel}","templated":true}]}}