{"id":336156,"date":"2025-08-22T12:21:13","date_gmt":"2025-08-22T12:21:13","guid":{"rendered":"https:\/\/www.europesays.com\/fr\/336156\/"},"modified":"2025-08-22T12:21:13","modified_gmt":"2025-08-22T12:21:13","slug":"apres-une-serie-dagressions-homophobes-a-nantes-la-police-lance-un-appel-a-la-plus-grande-vigilance","status":"publish","type":"post","link":"https:\/\/www.europesays.com\/fr\/336156\/","title":{"rendered":"Apr\u00e8s une s\u00e9rie d\u2019agressions homophobes \u00e0 Nantes, la police lance un appel \u00ab\u00a0\u00e0 la plus grande vigilance\u00a0\u00bb"},"content":{"rendered":"<p class=\"paragraph text_align_left lp-f-body-02\">C\u2019est la r\u00e9p\u00e9tition des faits qui a conduit les autorit\u00e9s, habituellement r\u00e9ticentes \u00e0 ce type de communication qui peut inqui\u00e9ter la population, \u00e0 lancer un appel \u00e0 la prudence. Apr\u00e8s une s\u00e9rie d\u2019\u00ab <a href=\"https:\/\/www.leparisien.fr\/faits-divers\/les-infractions-anti-lgbt-ont-augmente-de-5-en-2024-4-800-infractions-recensees-15-05-2025-MR2LIRYAFBGNHL5Y7JTZNEPLG4.php\" target=\"_self\" rel=\"nofollow noopener\">agressions homophobes<\/a> \u00bb dans des parcs de Nantes et sa banlieue, la police appelle ce vendredi les hommes homosexuels qui utilisent des applications de rencontre \u00ab \u00e0 la plus grande vigilance \u00bb.<\/p>\n<p class=\"paragraph text_align_left lp-f-body-02\">Selon le service communication de la police nationale de Loire-Atlantique, cette recrudescence d\u2019agressions violentes dans l\u2019agglom\u00e9ration remonte \u00e0 quelques mois et suit le m\u00eame mode op\u00e9ratoire : des hommes homosexuels discutent sur diff\u00e9rentes applications (Grindr, Snapchat, Tinder\u2026) avec un autre homme qui leur donne rendez-vous, entre minuit et 3 heures, dans \u00ab des parcs peu fr\u00e9quent\u00e9s et mal \u00e9clair\u00e9s \u00bb.<\/p>\n<p class=\"paragraph text_align_left lp-f-body-02\">Une fois sur place, surgissent alors deux ou trois individus, le visage souvent dissimul\u00e9, qui les frappent et les d\u00e9pouillent, les laissant parfois ligot\u00e9s ou inconscients.<\/p>\n<p class=\"paragraph text_align_left lp-f-body-02\">Si cette s\u00e9rie d\u2019agressions n\u2019a heureusement pas entra\u00een\u00e9 de blessures graves jusqu\u2019\u00e0 pr\u00e9sent, elles provoquent un \u00ab traumatisme psychologique \u00bb important chez les victimes, souligne la police de Loire-Atlantique.<\/p>\n<p class=\"lp-card-podcast-highlighting__title  lp-f-subtitle-05\">[4\/4] C\u00e9cile Vallin, les secrets d\u2019une disparition<\/p>\n<p class=\"lp-card-podcast-highlighting__description lp-f-ui-05\">Crime story raconte chaque semaine les grandes affaires criminelles.<\/p>\n<p><a class=\"lp-card-podcast-highlighting__call-to-action\" data-page-type=\"HP\" data-block-name=\"podcast-highlight\">\u00c9couter<\/a>Deux arrestations<\/p>\n<p class=\"paragraph text_align_left lp-f-body-02\">Deux mis en cause ont d\u00e9j\u00e0 \u00e9t\u00e9 interpell\u00e9s, dont un jeune de 18 ans surpris en flagrant d\u00e9lit par une patrouille dans un parc de l\u2019\u00eele Beaulieu \u00e0 Nantes. Il a \u00e9t\u00e9 reli\u00e9 \u00e0 plusieurs agressions et incarc\u00e9r\u00e9 pour vols avec violence et violences commises en raison de l\u2019orientation sexuelle. L\u2019autre suspect sera jug\u00e9 l\u2019an prochain.<\/p>\n<p class=\"paragraph text_align_left lp-f-body-02\">Malgr\u00e9 ces arrestations et l\u2019intensification des patrouilles, ce type d\u2019agression homophobe s\u2019est poursuivi cet \u00e9t\u00e9, avec un homme attaqu\u00e9 \u00e0 coups de marteau dans un parc de Rez\u00e9 d\u00e9but ao\u00fbt et une nouvelle attaque signal\u00e9e le 20 ao\u00fbt au parc de la Crapaudine, dans le sud de Nantes.<\/p>\n<p class=\"paragraph text_align_left lp-f-body-02\">La direction de la police nationale dans le d\u00e9partement r\u00e9it\u00e8re son \u00ab appel \u00e0 la plus grande vigilance \u00bb dans le cadre de rencontres via des applications, insistant sur la n\u00e9cessit\u00e9 de s\u2019assurer de la v\u00e9racit\u00e9 des photos \u00e9chang\u00e9es et d\u2019organiser une prise de contact dans un lieu s\u00e9curis\u00e9, mieux \u00e9clair\u00e9 et moins isol\u00e9.<\/p>\n<p class=\"paragraph text_align_left lp-f-body-02\">Tous les effectifs de nuit intensifient leur pr\u00e9sence sur ces lieux de rencontre et les services judiciaires et techniques de la police sont \u00e9galement mobilis\u00e9s pour endiguer ces agressions qui \u00ab ciblent clairement les personnes pour leur orientation sexuelle \u00bb.<\/p>\n","protected":false},"excerpt":{"rendered":"C\u2019est la r\u00e9p\u00e9tition des faits qui a conduit les autorit\u00e9s, habituellement r\u00e9ticentes \u00e0 ce type de communication qui&hellip;\n","protected":false},"author":2,"featured_media":336157,"comment_status":"","ping_status":"","sticky":false,"template":"","format":"standard","meta":{"footnotes":""},"categories":[2818],"tags":[1111,11,459,1777,674,118,1011,27,766,12,2636,25],"class_list":{"0":"post-336156","1":"post","2":"type-post","3":"status-publish","4":"format-standard","5":"has-post-thumbnail","7":"category-nantes","8":"tag-actu","9":"tag-actualites","10":"tag-departements-horsidfo","11":"tag-eu","12":"tag-europe","13":"tag-faits-divers","14":"tag-fr","15":"tag-france","16":"tag-nantes","17":"tag-news","18":"tag-pays-de-la-loire","19":"tag-republique-francaise"},"share_on_mastodon":{"url":"https:\/\/pubeurope.com\/@fr\/115072393772792583","error":""},"_links":{"self":[{"href":"https:\/\/www.europesays.com\/fr\/wp-json\/wp\/v2\/posts\/336156","targetHints":{"allow":["GET"]}}],"collection":[{"href":"https:\/\/www.europesays.com\/fr\/wp-json\/wp\/v2\/posts"}],"about":[{"href":"https:\/\/www.europesays.com\/fr\/wp-json\/wp\/v2\/types\/post"}],"author":[{"embeddable":true,"href":"https:\/\/www.europesays.com\/fr\/wp-json\/wp\/v2\/users\/2"}],"replies":[{"embeddable":true,"href":"https:\/\/www.europesays.com\/fr\/wp-json\/wp\/v2\/comments?post=336156"}],"version-history":[{"count":0,"href":"https:\/\/www.europesays.com\/fr\/wp-json\/wp\/v2\/posts\/336156\/revisions"}],"wp:featuredmedia":[{"embeddable":true,"href":"https:\/\/www.europesays.com\/fr\/wp-json\/wp\/v2\/media\/336157"}],"wp:attachment":[{"href":"https:\/\/www.europesays.com\/fr\/wp-json\/wp\/v2\/media?parent=336156"}],"wp:term":[{"taxonomy":"category","embeddable":true,"href":"https:\/\/www.europesays.com\/fr\/wp-json\/wp\/v2\/categories?post=336156"},{"taxonomy":"post_tag","embeddable":true,"href":"https:\/\/www.europesays.com\/fr\/wp-json\/wp\/v2\/tags?post=336156"}],"curies":[{"name":"wp","href":"https:\/\/api.w.org\/{rel}","templated":true}]}}