{"id":336158,"date":"2025-08-22T12:22:10","date_gmt":"2025-08-22T12:22:10","guid":{"rendered":"https:\/\/www.europesays.com\/fr\/336158\/"},"modified":"2025-08-22T12:22:10","modified_gmt":"2025-08-22T12:22:10","slug":"a-nantes-les-gerants-dun-point-de-deal-tres-frequente-interpelles","status":"publish","type":"post","link":"https:\/\/www.europesays.com\/fr\/336158\/","title":{"rendered":"\u00e0 Nantes, les g\u00e9rants d\u2019un point de deal tr\u00e8s fr\u00e9quent\u00e9 interpell\u00e9s"},"content":{"rendered":"<p>Mardi, cinq individus, dont le chef et son adjoint, ont \u00e9t\u00e9 arr\u00eat\u00e9s dans le quartier Malakoff. Le lieu, surveill\u00e9 par la police depuis des mois, pouvait fournir jusqu\u2019\u00e0 40 clients en deux heures.<\/p>\n<p class=\"fig-paragraph\">Apr\u00e8s le d\u00e9mant\u00e8lement d\u2019un\u00a0<a href=\"http:\/\/www.lefigaro.fr\/nantes\/des-go-fast-nocturnes-operes-par-deux-freres-a-nantes-un-important-reseau-de-trafic-de-drogue-demantele-20250814\" target=\"_blank\" data-fig-type=\"NewsFlash\" rel=\"noopener\" data-gtm-custom-categorie=\"navigation\" data-gtm-custom-action=\"crossclick\" data-gtm-custom-label=\"Contextuel\" data-gtm-event=\"customEventSPE\" data-fig-domain=\"LEFIGARO\">important r\u00e9seau de trafic de drogue<\/a>\u00a0qui alimentait le quartier Botti\u00e8re, \u00e0 l\u2019est de\u00a0<a href=\"http:\/\/www.lefigaro.fr\/nantes\/nantes-comment-la-police-veut-gagner-la-guerre-contre-le-trafic-de-drogue-20250707\" target=\"_blank\" data-fig-type=\"NewsFlash\" rel=\"noopener\" data-gtm-custom-categorie=\"navigation\" data-gtm-custom-action=\"crossclick\" data-gtm-custom-label=\"Contextuel\" data-gtm-event=\"customEventSPE\" data-fig-domain=\"LEFIGARO\">Nantes<\/a>, un autre point de deal de la cit\u00e9 des Ducs a \u00e9t\u00e9 mis \u00e0 mal. Mardi matin, dans le quartier Malakoff, pr\u00e8s de\u00a0<a href=\"http:\/\/www.lefigaro.fr\/nantes\/gare-de-nantes-la-sncf-va-revoir-sa-copie-sur-la-mezzanine-suffocante-du-batiment-20250719\" target=\"_blank\" data-fig-type=\"NewsFlash\" rel=\"noopener\" data-gtm-custom-categorie=\"navigation\" data-gtm-custom-action=\"crossclick\" data-gtm-custom-label=\"Contextuel\" data-gtm-event=\"customEventSPE\" data-fig-domain=\"LEFIGARO\">la gare<\/a>, les policiers des brigades anticriminalit\u00e9 et stup\u00e9fiants ont interpell\u00e9 cinq individus sur un\u00a0<a href=\"http:\/\/www.lefigaro.fr\/marseille\/ils-approchent-nos-enfants-avec-un-billet-un-sandwich-ou-une-glace-a-marseille-l-inquietante-operation-seduction-des-dealers-dans-les-quartiers-20250821\" target=\"_blank\" data-fig-type=\"NewsFlash\" rel=\"noopener\" data-gtm-custom-categorie=\"navigation\" data-gtm-custom-action=\"crossclick\" data-gtm-custom-label=\"Contextuel\" data-gtm-event=\"customEventSPE\" data-fig-domain=\"LEFIGARO\">point de deal<\/a>. Sur place, les perquisitions ont permis de d\u00e9couvrir \u00ab135 sachets de crack, 127 fioles d\u2019h\u00e9ro\u00efne, 47 grammes de r\u00e9sine de cannabis et 2695 euros d\u2019avoirs criminels\u00bb, indique au Figaro la police nationale, confirmant une information de\u00a0<a href=\"https:\/\/www.ouest-france.fr\/societe\/faits-divers\/sachets-de-crack-fioles-dheroine-et-cannabis-des-interpellations-sur-un-point-de-deal-a-nantes-7b841dee-7e56-11f0-9fd5-0266873c7a0d\" target=\"_blank\" rel=\"noopener\" data-gtm-custom-categorie=\"navigation\" data-gtm-custom-action=\"crossclick\" data-gtm-custom-label=\"Contextuel\" data-gtm-event=\"customEventSPE\">Presse Oc\u00e9an<\/a> .<\/p>\n<p class=\"fig-paragraph\">Selon le quotidien r\u00e9gional, la zone \u00e9tait sous surveillance polici\u00e8re depuis le mois de mai. Le travail de fond a permis d\u2019interpeller les protagonistes de ce lieu tr\u00e8s fr\u00e9quent\u00e9 situ\u00e9 au 2 rue de Madrid. En deux heures, pas moins d\u2019une quarantaine de clients s\u2019y pressaient. Le coup de filet a permis d\u2019arr\u00eater le patron et son adjoint, qui devaient \u00eatre jug\u00e9s en comparution imm\u00e9diate ce vendredi.<\/p>\n<p>                                    <a class=\"fig-a11y-skip a11y-hidden\" href=\"#fig-a11y-skip-main-inarticle\"><br \/>\n        Passer la publicit\u00e9<br \/>\n    <\/a><\/p>\n<p class=\"fig-paragraph\">Par ailleurs, le livreur et la nourrice, une femme de 21 ans chez qui les stup\u00e9fiants \u00e9taient gard\u00e9s, ont \u00e9t\u00e9 jug\u00e9s rapidement dans le cadre d\u2019une comparution sur reconnaissance pr\u00e9alable de culpabilit\u00e9. Comme l\u2019indique le parquet de Nantes au Figaro, ces deux derniers ont \u00e9cop\u00e9 de prison avec sursis. Et l\u2019interdiction de retourner dans le quartier pendant trois ans. Le cinqui\u00e8me interpell\u00e9 a \u00e9t\u00e9 rel\u00e2ch\u00e9.<\/p>\n","protected":false},"excerpt":{"rendered":"Mardi, cinq individus, dont le chef et son adjoint, ont \u00e9t\u00e9 arr\u00eat\u00e9s dans le quartier Malakoff. Le lieu,&hellip;\n","protected":false},"author":2,"featured_media":336159,"comment_status":"","ping_status":"","sticky":false,"template":"","format":"standard","meta":{"footnotes":""},"categories":[2818],"tags":[1111,11,1052,1777,674,1011,27,766,12,2636,25,887],"class_list":{"0":"post-336158","1":"post","2":"type-post","3":"status-publish","4":"format-standard","5":"has-post-thumbnail","7":"category-nantes","8":"tag-actu","9":"tag-actualites","10":"tag-drogue","11":"tag-eu","12":"tag-europe","13":"tag-fr","14":"tag-france","15":"tag-nantes","16":"tag-news","17":"tag-pays-de-la-loire","18":"tag-republique-francaise","19":"tag-trafic-de-drogue"},"share_on_mastodon":{"url":"https:\/\/pubeurope.com\/@fr\/115072397847204973","error":""},"_links":{"self":[{"href":"https:\/\/www.europesays.com\/fr\/wp-json\/wp\/v2\/posts\/336158","targetHints":{"allow":["GET"]}}],"collection":[{"href":"https:\/\/www.europesays.com\/fr\/wp-json\/wp\/v2\/posts"}],"about":[{"href":"https:\/\/www.europesays.com\/fr\/wp-json\/wp\/v2\/types\/post"}],"author":[{"embeddable":true,"href":"https:\/\/www.europesays.com\/fr\/wp-json\/wp\/v2\/users\/2"}],"replies":[{"embeddable":true,"href":"https:\/\/www.europesays.com\/fr\/wp-json\/wp\/v2\/comments?post=336158"}],"version-history":[{"count":0,"href":"https:\/\/www.europesays.com\/fr\/wp-json\/wp\/v2\/posts\/336158\/revisions"}],"wp:featuredmedia":[{"embeddable":true,"href":"https:\/\/www.europesays.com\/fr\/wp-json\/wp\/v2\/media\/336159"}],"wp:attachment":[{"href":"https:\/\/www.europesays.com\/fr\/wp-json\/wp\/v2\/media?parent=336158"}],"wp:term":[{"taxonomy":"category","embeddable":true,"href":"https:\/\/www.europesays.com\/fr\/wp-json\/wp\/v2\/categories?post=336158"},{"taxonomy":"post_tag","embeddable":true,"href":"https:\/\/www.europesays.com\/fr\/wp-json\/wp\/v2\/tags?post=336158"}],"curies":[{"name":"wp","href":"https:\/\/api.w.org\/{rel}","templated":true}]}}