{"id":336160,"date":"2025-08-22T12:23:17","date_gmt":"2025-08-22T12:23:17","guid":{"rendered":"https:\/\/www.europesays.com\/fr\/336160\/"},"modified":"2025-08-22T12:23:17","modified_gmt":"2025-08-22T12:23:17","slug":"1-pique-nique-et-3-concerts-a-bordeaux-gratuits","status":"publish","type":"post","link":"https:\/\/www.europesays.com\/fr\/336160\/","title":{"rendered":"1 pique nique et 3 concerts \u00e0 Bordeaux gratuits"},"content":{"rendered":"\n<p><strong>Fin ao\u00fbt \u00e0 Bordeaux, l\u2019air reste chaud mais les soir\u00e9es sentent d\u00e9j\u00e0 la fin des vacances. Pour prolonger un peu l\u2019\u00e9t\u00e9, il existe un rendez-vous convivial et gratuit : Pik Nik Zik. Le concept est simple et efficace : apportez votre pique-nique \u00e0 Bordeaux, sur les quais du quartier Saint-Michel, et l\u2019association Les P\u2019tits Gratteurs s\u2019occupe de la musique. Le dimanche 31 ao\u00fbt 2025, de 17h \u00e0 20h, le Parc des Sports Saint-Michel accueille la derni\u00e8re date de la saison avec trois concerts en plein air.<\/strong><\/p>\n<p> Pik Nik Zik, c\u2019est quoi exactement ? <\/p>\n<p>Pour ceux qui d\u00e9couvrent, <strong>Pik Nik Zik<\/strong> c\u2019est une s\u00e9rie de <strong>concerts<\/strong>, organis\u00e9s <strong>un dimanche par mois entre mai et ao\u00fbt<\/strong>. Le principe ? <strong>Redonner vie \u00e0 l\u2019espace public<\/strong> en invitant les habitants \u00e0 partager un moment ensemble. On s\u2019installe dans l\u2019herbe avec son<strong> pique-nique ou juste un ap\u00e9ro<\/strong>, et on profite de<strong> trois groupes locaux <\/strong>qui se succ\u00e8dent sur sc\u00e8ne.<\/p>\n<p> <img loading=\"lazy\" width=\"700\" height=\"500\" alt=\"pique nique\" title=\"Pik Nik Zik 2025 : le dernier pique-nique musical de l\u2019\u00e9t\u00e9 \u00e0 Bordeaux 1\"  nitro-lazy- nitro-lazy-src=\"https:\/\/cdn-ilbobfj.nitrocdn.com\/LLQyioEDmPooSUeshdcABKPnDEWJyTwh\/assets\/images\/optimized\/rev-fefab80\/quoifaireabordeaux.com\/wp-content\/uploads\/2025\/08\/pique-nique-bordeaux.jpg\" class=\"wp-image-18811392 nitro-lazy\" decoding=\"async\" nitro-lazy-empty=\"\" id=\"NDUyOjU0MA==-1\" src=\"data:image\/svg+xml;nitro-empty-id=NDUyOjU0MA==-1;base64,PHN2ZyB2aWV3Qm94PSIwIDAgNzAwIDUwMCIgd2lkdGg9IjcwMCIgaGVpZ2h0PSI1MDAiIHhtbG5zPSJodHRwOi8vd3d3LnczLm9yZy8yMDAwL3N2ZyI+PC9zdmc+\"\/> <\/p>\n<p>Depuis plusieurs ann\u00e9es, ces concerts gratuits attirent un public vari\u00e9 :<strong> familles, amis, \u00e9tudiants, habitants du quartier Saint-Michel <\/strong>ou curieux venus d\u2019ailleurs. Ce m\u00e9lange cr\u00e9e une atmosph\u00e8re d\u00e9tendue, o\u00f9 la musique se partage sans barri\u00e8res.<\/p>\n<p> Une programmation \u00e9clectique pour la derni\u00e8re date <\/p>\n<p>Le 31 ao\u00fbt, la sc\u00e8ne s\u2019ouvre d\u00e8s 17h avec <strong>Mart<\/strong>. Ce trio bordelais puise dans le folk et la pop moderne. Leurs m\u00e9lodies sont rythm\u00e9es, un peu bois\u00e9es, avec des teintes percussives qui donnent envie de bouger. Leur EP sorti en 2023, \u201cI\u2019d Like To Jump Ship But I Can\u2019t\u201d, m\u00e9lange introspection et \u00e9nergie.<\/p>\n<p>\u00c0 18h, place \u00e0 <strong>Fabrice Legal<\/strong>. Seul avec sa contrebasse, il raconte la vie quotidienne avec humour et simplicit\u00e9. Ses chansons en fran\u00e7ais m\u00ealent po\u00e9sie et malice. Ce qui surprend, c\u2019est la fa\u00e7on dont il utilise les boucles sonores pour faire r\u00e9sonner sa musique. Comme il aime le dire lui-m\u00eame : \u00ab Vous auriez pu jouer de la fl\u00fbte, \u00e7a aurait \u00e9t\u00e9 plus pratique ! \u00bb Mais finalement, la contrebasse, c\u2019est son identit\u00e9.<\/p>\n<p>Enfin, \u00e0 19h, <strong>BB and the Blues Breaker<\/strong> cl\u00f4turent la saison. Inspir\u00e9s par le Chicago Blues des ann\u00e9es 1950, ces musiciens transportent le public dans un univers marqu\u00e9 par Muddy Waters, Little Walter ou Elmore James. Leur \u00e9nergie fait voyager entre blues traditionnel et sons plus r\u00e9cents.<\/p>\n<p> Un concert \u00e0 Bordeaux qui rassemble <\/p>\n<p>Ce qui fait la particularit\u00e9 de <strong>Pik Nik Zik<\/strong>, c\u2019est la convivialit\u00e9. On croise des familles avec des nappes \u00e9tal\u00e9es dans l\u2019herbe, des amis venus apr\u00e8s la plage, des habitants du quartier avec leur panier sous le bras. Tout le monde trouve sa place.<\/p>\n<p> <img loading=\"lazy\" width=\"700\" height=\"499\" alt=\"Concert \u00e0 Bordeaux Pik Nik Zik\" title=\"Pik Nik Zik 2025 : le dernier pique-nique musical de l\u2019\u00e9t\u00e9 \u00e0 Bordeaux 2\"  nitro-lazy- nitro-lazy-src=\"https:\/\/cdn-ilbobfj.nitrocdn.com\/LLQyioEDmPooSUeshdcABKPnDEWJyTwh\/assets\/images\/optimized\/rev-fefab80\/quoifaireabordeaux.com\/wp-content\/uploads\/2025\/08\/concert-a-bordeaux.jpg\" class=\"wp-image-18811393 nitro-lazy\" decoding=\"async\" nitro-lazy-empty=\"\" id=\"NDg0OjU2OQ==-1\" src=\"data:image\/svg+xml;nitro-empty-id=NDg0OjU2OQ==-1;base64,PHN2ZyB2aWV3Qm94PSIwIDAgNzAwIDQ5OSIgd2lkdGg9IjcwMCIgaGVpZ2h0PSI0OTkiIHhtbG5zPSJodHRwOi8vd3d3LnczLm9yZy8yMDAwL3N2ZyI+PC9zdmc+\"\/> <\/p>\n<p>Les <strong>concerts en plein air<\/strong> sont pens\u00e9s pour \u00eatre accessibles. Pas besoin de billet d\u2019entr\u00e9e, tout est gratuit. Une buvette associative est propos\u00e9e sur place, avec des boissons et de quoi grignoter. On y retrouve aussi un stand d\u2019informations, tenu par les <strong>P\u2019tits Gratteurs<\/strong>, o\u00f9 l\u2019on peut s\u2019informer sur la vie du quartier et les actions culturelles de l\u2019association.<\/p>\n<p> L\u2019esprit des P\u2019tits Gratteurs <\/p>\n<p>Derri\u00e8re <strong>Pik Nik Zik<\/strong>, il y a une volont\u00e9 claire : cr\u00e9er des espaces de rencontre et valoriser la sc\u00e8ne locale. Les groupes programm\u00e9s sont souvent \u00e9mergents, issus de la r\u00e9gion, et trouvent l\u00e0 une sc\u00e8ne atypique.<\/p>\n<p>Les objectifs de l\u2019association sont simples mais forts :<\/p>\n<ul class=\"wp-block-list\">\n<li>Offrir un moment convivial sur l\u2019espace public.<\/li>\n<li>Donner de la visibilit\u00e9 aux artistes locaux.<\/li>\n<li>Favoriser l\u2019acc\u00e8s \u00e0 la culture pour tous.<\/li>\n<li>Cr\u00e9er un m\u00e9lange social et g\u00e9n\u00e9rationnel.<\/li>\n<\/ul>\n<p>En r\u00e9sum\u00e9, c\u2019est une mani\u00e8re d\u2019animer Bordeaux Sud tout en soutenant la culture de proximit\u00e9.<\/p>\n<p>Retrouvez tous nos bons plans en cliquant <a href=\"https:\/\/quoifaireabordeaux.com\/category\/bons-plans\/\" target=\"_blank\" rel=\"noreferrer noopener nofollow\">ICI<\/a>.<\/p>\n<p>  Informations pratiques <\/p>\n<p>concernant l&rsquo;\u00e9v\u00e9nement<\/p>\n<p data-start=\"4955\" data-end=\"4989\"><strong data-start=\"4955\" data-end=\"4963\">Date<\/strong> : Dimanche 31 ao\u00fbt 2025<\/p>\n<p data-start=\"4992\" data-end=\"5020\"><strong data-start=\"4992\" data-end=\"5003\">Horaire<\/strong> : de 17h \u00e0 20h<\/p>\n<p data-start=\"5023\" data-end=\"5098\"><strong data-start=\"5023\" data-end=\"5031\">Lieu<\/strong> : Parc des Sports Saint-Michel \u2013 Quai des Sports, 33800 Bordeaux<\/p>\n<p data-start=\"5101\" data-end=\"5122\"><strong data-start=\"5101\" data-end=\"5110\">Tarif<\/strong> : Gratuit<\/p>\n<p data-start=\"5125\" data-end=\"5142\"><strong data-start=\"5125\" data-end=\"5138\">Programme<\/strong> :<\/p>\n<p data-start=\"5147\" data-end=\"5172\">17h : Mart (Indie Folk)<\/p>\n<p data-start=\"5177\" data-end=\"5232\">18h : Fabrice Legal (Chanson fran\u00e7aise &amp; contrebasse)<\/p>\n<p data-start=\"5237\" data-end=\"5285\">19h : BB and the Blues Breaker (Chicago Blues)<\/p>\n<p data-start=\"5288\" data-end=\"5369\"><strong data-start=\"5288\" data-end=\"5311\">Lien de l\u2019\u00e9v\u00e9nement<\/strong> : <a class=\"decorated-link\" href=\"https:\/\/fb.me\/e\/6JuZNNiwm\" target=\"_blank\" rel=\"noopener nofollow\" data-start=\"5314\" data-end=\"5367\">Page Facebook officielle<\/a><\/p>\n<p data-start=\"5372\" data-end=\"5547\"><strong data-start=\"5372\" data-end=\"5399\">Soutien \u00e0 l\u2019association<\/strong> : adh\u00e9sion \u00e0 prix libre via <a class=\"decorated-link\" href=\"https:\/\/www.helloasso.com\/associations\/les-p-tits-gratteurs\/adhesions\/adhesion-2025-les-p-tits-gratteurs\" target=\"_blank\" rel=\"noopener nofollow\" data-start=\"5428\" data-end=\"5545\">HelloAsso<\/a><\/p>\n","protected":false},"excerpt":{"rendered":"Fin ao\u00fbt \u00e0 Bordeaux, l\u2019air reste chaud mais les soir\u00e9es sentent d\u00e9j\u00e0 la fin des vacances. Pour prolonger&hellip;\n","protected":false},"author":2,"featured_media":336161,"comment_status":"","ping_status":"","sticky":false,"template":"","format":"standard","meta":{"footnotes":""},"categories":[2817],"tags":[1111,11,1997,1777,674,1011,27,12,2219,25],"class_list":{"0":"post-336160","1":"post","2":"type-post","3":"status-publish","4":"format-standard","5":"has-post-thumbnail","7":"category-bordeaux","8":"tag-actu","9":"tag-actualites","10":"tag-bordeaux","11":"tag-eu","12":"tag-europe","13":"tag-fr","14":"tag-france","15":"tag-news","16":"tag-nouvelle-aquitaine","17":"tag-republique-francaise"},"share_on_mastodon":{"url":"https:\/\/pubeurope.com\/@fr\/115072401661776352","error":""},"_links":{"self":[{"href":"https:\/\/www.europesays.com\/fr\/wp-json\/wp\/v2\/posts\/336160","targetHints":{"allow":["GET"]}}],"collection":[{"href":"https:\/\/www.europesays.com\/fr\/wp-json\/wp\/v2\/posts"}],"about":[{"href":"https:\/\/www.europesays.com\/fr\/wp-json\/wp\/v2\/types\/post"}],"author":[{"embeddable":true,"href":"https:\/\/www.europesays.com\/fr\/wp-json\/wp\/v2\/users\/2"}],"replies":[{"embeddable":true,"href":"https:\/\/www.europesays.com\/fr\/wp-json\/wp\/v2\/comments?post=336160"}],"version-history":[{"count":0,"href":"https:\/\/www.europesays.com\/fr\/wp-json\/wp\/v2\/posts\/336160\/revisions"}],"wp:featuredmedia":[{"embeddable":true,"href":"https:\/\/www.europesays.com\/fr\/wp-json\/wp\/v2\/media\/336161"}],"wp:attachment":[{"href":"https:\/\/www.europesays.com\/fr\/wp-json\/wp\/v2\/media?parent=336160"}],"wp:term":[{"taxonomy":"category","embeddable":true,"href":"https:\/\/www.europesays.com\/fr\/wp-json\/wp\/v2\/categories?post=336160"},{"taxonomy":"post_tag","embeddable":true,"href":"https:\/\/www.europesays.com\/fr\/wp-json\/wp\/v2\/tags?post=336160"}],"curies":[{"name":"wp","href":"https:\/\/api.w.org\/{rel}","templated":true}]}}