{"id":336168,"date":"2025-08-22T12:27:22","date_gmt":"2025-08-22T12:27:22","guid":{"rendered":"https:\/\/www.europesays.com\/fr\/336168\/"},"modified":"2025-08-22T12:27:22","modified_gmt":"2025-08-22T12:27:22","slug":"le-cireur-de-la-gare-lille-europe-francois-ponche-ouvre-sa-boutique-en-septembre-22-08-2025","status":"publish","type":"post","link":"https:\/\/www.europesays.com\/fr\/336168\/","title":{"rendered":"Le cireur de la gare Lille Europe Fran\u00e7ois Ponche ouvre sa boutique en septembre &#8211; 22\/08\/2025"},"content":{"rendered":"<p>&#13;<br \/>\n\u00c0 55 ans, Fran\u00e7ois Ponche a remis au go\u00fbt du jour un m\u00e9tier que l\u2019on croyait disparu : cireur de chaussures. Install\u00e9 depuis deux ans \u00e0 la gare Lille-Europe, il s\u2019appr\u00eate \u00e0 franchir une nouvelle \u00e9tape avec l\u2019ouverture d\u2019une boutique \u00e0 Lille.\u00a0<br \/>&#13;\n<\/p>\n<p>Sous les escaliers de la gare Lille-Europe, une chaise d\u00e9pliante, un petit meuble en bois et une silhouette chaleureuse qui salue les passants et passantes. Depuis janvier 2024, Fran\u00e7ois Ponche redonne de l\u2019\u00e9clat aux souliers des voyageur\u00b7euses press\u00e9\u00b7es. Un m\u00e9tier \u00e0 l\u2019ancienne, qui intrigue autant qu\u2019il s\u00e9duit.<\/p>\n<p>De la m\u00e9canique au cuir : un parcours atypique<\/p>\n<p>Originaire d\u2019Amiens, Fran\u00e7ois a pass\u00e9\u00a036 ans\u00a0dans sa ville natale avant de poser ses valises \u00e0 Lille. \u00c0 55 ans, il a d\u00e9j\u00e0 eu mille vies : \u00ab\u00a0J\u2019ai \u00e9t\u00e9 cuisinier en club de vacances, vendeur de disques, de chaussures, j\u2019ai m\u00eame travaill\u00e9 la couture\u00a0\u00bb, \u00e9num\u00e8re-t-il avec un sourire. Une curiosit\u00e9 insatiable, qui l\u2019a toujours pouss\u00e9 \u00e0 se lancer dans de nouvelles aventures : \u00ab\u00a0J\u2019ai les convictions donc je fais\u00a0\u00bb, r\u00e9sume-t-il.<\/p>\n<p>      <a data-fslightbox=\"lightbox-73031\" data-caption=\"Fran&#xE7;ois Ponche entre dans sa 56e ann&#xE9;e.\" href=\"https:\/\/vozer.s3.eu-west-3.amazonaws.com\/production\/1755848890\/fc7hgbwq1sc84xbuokm4so6hwxvv\/img_1937-grande.jpeg\" rel=\"nofollow noopener\" target=\"_blank\"><br \/>\n        <img decoding=\"async\" class=\"mw-100 lazy\" alt=\"Fran&#xE7;ois Ponche entre dans sa 56e ann&#xE9;e.\" lazy=\"true\" src=\"https:\/\/www.europesays.com\/fr\/wp-content\/uploads\/2025\/08\/img_1937-grande.webp.webp\"\/><br \/>\n      <\/a><br \/>\n        Fran\u00e7ois Ponche entre dans sa 56e ann\u00e9e.<\/p>\n<p>La chaussure, elle, l\u2019accompagne depuis longtemps. \u00ab\u00a0J\u2019avais d\u00e9cid\u00e9 il y a 30 ans de prendre soin de mes bottes. J\u2019ai pris go\u00fbt \u00e0 l\u2019entretien et \u00e7a m\u2019a passionn\u00e9\u00a0\u00bb, raconte-t-il. Cette passion sommeille, puis resurgit il y a deux ans presque sur un coup de t\u00eate : \u00ab\u00a0Un jour, je ne sais pas ce qu\u2019il m\u2019a pris. J\u2019avais vu des cireurs dans les films, les s\u00e9ries am\u00e9ricaines\u2026 et je me suis lanc\u00e9 !\u00a0\u00bb<\/p>\n<p>Cireur de gare, un m\u00e9tier rare mais pas oubli\u00e9<\/p>\n<p>En bas des escalators de Lille-Europe, Fran\u00e7ois s\u2019est taill\u00e9 une petite place dans le d\u00e9cor. Chaise haute pour les client\u00b7es, tabouret pour lui, produits soigneusement rang\u00e9s\u2026 \u00ab\u00a0J\u2019ai d\u00e9marr\u00e9 avec une chaise et une mallette, en auto-entrepreneur, et \u00e7a s\u2019est fait comme \u00e7a\u00a0\u00bb, explique-t-il. Il y est du lundi au vendredi de 6h30 \u00e0 9h.<\/p>\n<p>      <a data-fslightbox=\"lightbox-73032\" data-caption=\"\" href=\"https:\/\/vozer.s3.eu-west-3.amazonaws.com\/production\/1755848890\/4dwdo6jvr9lxfid2kg5rp7fbau0l\/2410703275972486322-grande.jpeg\" rel=\"nofollow noopener\" target=\"_blank\"><br \/>\n        <img decoding=\"async\" class=\"mw-100 lazy\" alt=\"\" lazy=\"true\" src=\"https:\/\/www.europesays.com\/fr\/wp-content\/uploads\/2025\/08\/2410703275972486322-grande.webp.webp\"\/><br \/>\n      <\/a><\/p>\n<p>Chaque prestation dure\u00a0environ dix minutes\u00a0et commence toujours par une discussion. Le tout pour\u00a08 euros minimum\u00a0(20\u20ac pour les bottines, les prix varient selon la chaussure ). \u00ab\u00a0Je nettoie, je cire, je lustre\u2026 je peux aussi faire du gla\u00e7age, de la teinture, de la patine\u00a0\u00bb, d\u00e9taille-t-il, avant de prononcer son slogan : \u00ab\u00a0Pour une \u00e9l\u00e9gance toute en brillance !\u00a0\u00bb.<\/p>\n<p>Pour beaucoup, ce m\u00e9tier semble sorti d\u2019un autre temps. \u00ab\u00a0On n\u2019est pas un pays de service comme l\u2019Angleterre\u00a0\u00bb, constate-t-il. Pourtant, sa client\u00e8le a fini par s\u2019habituer. \u00ab\u00a0Au d\u00e9but, certains n\u2019osaient pas s\u2019asseoir. Maintenant, j\u2019ai mes habitu\u00e9s, surtout des hommes, mais aussi quelques femmes. Ils me voient tous les jours, il y a une vraie confiance\u00a0\u00bb, se r\u00e9jouit-il.<\/p>\n<p>Un artisan qui aime parler autant que cirer<\/p>\n<p>Fran\u00e7ois ne cache pas qu\u2019il fait \u00e7a par passion, plus que par raison : \u00ab\u00a0C\u2019est mon m\u00e9tier, mais c\u2019est surtout une passion \u00e0 la base\u00a0\u00bb, insiste-t-il. Et ce qui le fait vibrer, au-del\u00e0 du cuir, ce sont les rencontres : \u00ab\u00a0Comme j\u2019adore discuter, je trouve les gens sympathiques. Il y a un lien qui se cr\u00e9e, on peut parler de tout en dix minutes. Parfois \u00e7a dure donc plus longtemps. Parfois on discute sans m\u00eame que je ne cire\u00a0\u00bb.<\/p>\n<p>      <a data-fslightbox=\"lightbox-73033\" data-caption=\"La mallette qu&#039;il transporte partout avec lui.\" href=\"https:\/\/vozer.s3.eu-west-3.amazonaws.com\/production\/1755848890\/fhw57qf5ghf4hs97rpn0z9x9cmy8\/img_1942-grande.jpeg\" rel=\"nofollow noopener\" target=\"_blank\"><br \/>\n        <img decoding=\"async\" class=\"mw-100 lazy\" alt=\"La mallette qu'il transporte partout avec lui.\" lazy=\"true\" src=\"https:\/\/www.europesays.com\/fr\/wp-content\/uploads\/2025\/08\/img_1942-grande.webp.webp\"\/><br \/>\n      <\/a><br \/>\n        La mallette qu&rsquo;il transporte partout avec lui.<\/p>\n<p>  Une boutique \u00e0 Lille d\u00e8s septembre<\/p>\n<p>Le\u00a015 septembre, Fran\u00e7ois ouvre\u00a0sa propre boutique au 3 rue des Deux \u00c9p\u00e9es, juste en face du Printemps. Dans ce\u00a0petit espace de 9 m\u00b2, il veut recr\u00e9er l\u2019ambiance de la gare : \u00ab\u00a0Je vais faire comme l\u00e0-bas, mais au magasin, avec ma chaise et mon bureau\u00a0\u00bb, explique-t-il.<\/p>\n<p>Au programme :\u00a0cirage de chaussures, mais aussi\u00a0entretien de maroquinerie\u00a0et m\u00eame de\u00a0v\u00eatements. Il vendra \u00e9galement les produits qu\u2019il utilise au quotidien :\u00a0cirages, cr\u00e8mes, brosses et coffrets de la marque Saphir. Et ce n\u2019est qu\u2019un d\u00e9but : \u00ab\u00a0Je suis en train de voir pour d\u00e9velopper la maroquinerie pour hommes,\u00a0ceintures, portefeuilles, et, par la suite, j\u2019aimerais bien aussi proposer des articles pour femmes\u00a0\u00bb, confie Fran\u00e7ois. Son objectif ? \u00ab\u00a0Mettre en avant le savoir-faire des artisans\u00a0\u00bb.<\/p>\n<p>M\u00eame avec l\u2019ouverture de sa boutique, Fran\u00e7ois ne d\u00e9laissera pas son poste habituel : il continuera de faire briller les chaussures des voyageur\u00b7euses \u00e0 la gare Lille Europe. On pourra aussi le croiser sur les march\u00e9s du S\u00e9bastopol et du Vieux-Lille.<\/p>\n<p>Pour confier vos bottines, redonner du style \u00e0 votre veste ou offrir une seconde vie \u00e0 vos baskets, retrouvez ses r\u00e9seaux et son num\u00e9ro dans les infos pratiques.<\/p>\n","protected":false},"excerpt":{"rendered":"&#13; \u00c0 55 ans, Fran\u00e7ois Ponche a remis au go\u00fbt du jour un m\u00e9tier que l\u2019on croyait disparu&hellip;\n","protected":false},"author":2,"featured_media":336169,"comment_status":"","ping_status":"","sticky":false,"template":"","format":"standard","meta":{"footnotes":""},"categories":[2815],"tags":[1111,11,1777,674,1011,27,811,1307,12,25],"class_list":{"0":"post-336168","1":"post","2":"type-post","3":"status-publish","4":"format-standard","5":"has-post-thumbnail","7":"category-lille","8":"tag-actu","9":"tag-actualites","10":"tag-eu","11":"tag-europe","12":"tag-fr","13":"tag-france","14":"tag-hauts-de-france","15":"tag-lille","16":"tag-news","17":"tag-republique-francaise"},"share_on_mastodon":{"url":"https:\/\/pubeurope.com\/@fr\/115072417515284654","error":""},"_links":{"self":[{"href":"https:\/\/www.europesays.com\/fr\/wp-json\/wp\/v2\/posts\/336168","targetHints":{"allow":["GET"]}}],"collection":[{"href":"https:\/\/www.europesays.com\/fr\/wp-json\/wp\/v2\/posts"}],"about":[{"href":"https:\/\/www.europesays.com\/fr\/wp-json\/wp\/v2\/types\/post"}],"author":[{"embeddable":true,"href":"https:\/\/www.europesays.com\/fr\/wp-json\/wp\/v2\/users\/2"}],"replies":[{"embeddable":true,"href":"https:\/\/www.europesays.com\/fr\/wp-json\/wp\/v2\/comments?post=336168"}],"version-history":[{"count":0,"href":"https:\/\/www.europesays.com\/fr\/wp-json\/wp\/v2\/posts\/336168\/revisions"}],"wp:featuredmedia":[{"embeddable":true,"href":"https:\/\/www.europesays.com\/fr\/wp-json\/wp\/v2\/media\/336169"}],"wp:attachment":[{"href":"https:\/\/www.europesays.com\/fr\/wp-json\/wp\/v2\/media?parent=336168"}],"wp:term":[{"taxonomy":"category","embeddable":true,"href":"https:\/\/www.europesays.com\/fr\/wp-json\/wp\/v2\/categories?post=336168"},{"taxonomy":"post_tag","embeddable":true,"href":"https:\/\/www.europesays.com\/fr\/wp-json\/wp\/v2\/tags?post=336168"}],"curies":[{"name":"wp","href":"https:\/\/api.w.org\/{rel}","templated":true}]}}