{"id":336171,"date":"2025-08-22T12:29:17","date_gmt":"2025-08-22T12:29:17","guid":{"rendered":"https:\/\/www.europesays.com\/fr\/336171\/"},"modified":"2025-08-22T12:29:17","modified_gmt":"2025-08-22T12:29:17","slug":"une-boutique-detruite-3-autres-endommagees","status":"publish","type":"post","link":"https:\/\/www.europesays.com\/fr\/336171\/","title":{"rendered":"une boutique d\u00e9truite, 3 autres endommag\u00e9es"},"content":{"rendered":"<p>Un incendie s&rsquo;est d\u00e9clar\u00e9 aux alentours de 00 h 20 dans la nuit de jeudi \u00e0 ce vendredi sur le toit du <a href=\"https:\/\/www.laprovence.com\/article\/region\/6740558277235614\/80000-euros-de-dettes-a-la-valentine-la-descente-aux-enfers-des-commercants\" target=\"_blank\" rel=\"noopener\">centre commercial Grand V La Valentine<\/a>, dans le 11e arrondissement de <a href=\"https:\/\/www.laprovence.com\/bouches-du-rhone\/marseille-13055\" target=\"_blank\" rel=\"noopener\">Marseille<\/a>. Selon nos informations, les flammes auraient pris au niveau d&rsquo;un bloc de climatisation au niveau du magasin Smyths Toys. Des <strong>travaux <\/strong>\u00e9taient en cours au niveau de la toiture du centre commercial, mais \u00e0 cette heure, aucun lien direct n&rsquo;est \u00e9tabli entre ces derniers et l&rsquo;incendie.<\/p>\n<p>Malgr\u00e9 l&rsquo;intervention <a href=\"https:\/\/www.laprovence.com\/article\/faits-divers-justice\/21055085494691\/marseille-le-bataillon-des-marins-pompiers-a-profite-de-sa-journee-de-cohesion-pour-celebrer-lesprit-dequipage\" target=\"_blank\" rel=\"noopener\">des marins-pompiers<\/a>, quatre magasins ont \u00e9t\u00e9 impact\u00e9s\u00a0: la boutique de tenues de c\u00e9r\u00e9monie <strong>Dress Code a \u00e9t\u00e9 d\u00e9truite \u00e0 100\u00a0% par les fum\u00e9es<\/strong>, les flammes et les eaux d&rsquo;extinction, tout comme l&rsquo;agence de voyages Pomovacances, <strong>endommag\u00e9e \u00e0 70\u00a0%<\/strong>. Deux autres, le marchand de caf\u00e9 Best Expresso et le vendeur d&rsquo;instruments Music 3\u00a0000 ont \u00e9t\u00e9 touch\u00e9s moins gravement, d\u00e9grad\u00e9s par le r\u00e9seau d&rsquo;arrosage automatique anti-incendie du centre commercial.<\/p>\n<p>Une enqu\u00eate de police a \u00e9t\u00e9 ouverte pour d\u00e9terminer les causes exactes du sinistre.<\/p>\n","protected":false},"excerpt":{"rendered":"Un incendie s&rsquo;est d\u00e9clar\u00e9 aux alentours de 00 h 20 dans la nuit de jeudi \u00e0 ce vendredi&hellip;\n","protected":false},"author":2,"featured_media":336172,"comment_status":"","ping_status":"","sticky":false,"template":"","format":"standard","meta":{"footnotes":""},"categories":[2814],"tags":[17,1111,11,11647,1102,37005,1777,674,274,1011,27,2515,1310,884,12,882,25,96,39748],"class_list":{"0":"post-336171","1":"post","2":"type-post","3":"status-publish","4":"format-standard","5":"has-post-thumbnail","7":"category-marseille","8":"tag-17","9":"tag-actu","10":"tag-actualites","11":"tag-boutique","12":"tag-breakingnews","13":"tag-detruite","14":"tag-eu","15":"tag-europe","16":"tag-faits-divers-justice","17":"tag-fr","18":"tag-france","19":"tag-grand","20":"tag-incendie","21":"tag-marseille","22":"tag-news","23":"tag-provence-alpes-cote-dazur","24":"tag-republique-francaise","25":"tag-une","26":"tag-valentine"},"share_on_mastodon":{"url":"https:\/\/pubeurope.com\/@fr\/115072425253422922","error":""},"_links":{"self":[{"href":"https:\/\/www.europesays.com\/fr\/wp-json\/wp\/v2\/posts\/336171","targetHints":{"allow":["GET"]}}],"collection":[{"href":"https:\/\/www.europesays.com\/fr\/wp-json\/wp\/v2\/posts"}],"about":[{"href":"https:\/\/www.europesays.com\/fr\/wp-json\/wp\/v2\/types\/post"}],"author":[{"embeddable":true,"href":"https:\/\/www.europesays.com\/fr\/wp-json\/wp\/v2\/users\/2"}],"replies":[{"embeddable":true,"href":"https:\/\/www.europesays.com\/fr\/wp-json\/wp\/v2\/comments?post=336171"}],"version-history":[{"count":0,"href":"https:\/\/www.europesays.com\/fr\/wp-json\/wp\/v2\/posts\/336171\/revisions"}],"wp:featuredmedia":[{"embeddable":true,"href":"https:\/\/www.europesays.com\/fr\/wp-json\/wp\/v2\/media\/336172"}],"wp:attachment":[{"href":"https:\/\/www.europesays.com\/fr\/wp-json\/wp\/v2\/media?parent=336171"}],"wp:term":[{"taxonomy":"category","embeddable":true,"href":"https:\/\/www.europesays.com\/fr\/wp-json\/wp\/v2\/categories?post=336171"},{"taxonomy":"post_tag","embeddable":true,"href":"https:\/\/www.europesays.com\/fr\/wp-json\/wp\/v2\/tags?post=336171"}],"curies":[{"name":"wp","href":"https:\/\/api.w.org\/{rel}","templated":true}]}}