{"id":336173,"date":"2025-08-22T12:30:18","date_gmt":"2025-08-22T12:30:18","guid":{"rendered":"https:\/\/www.europesays.com\/fr\/336173\/"},"modified":"2025-08-22T12:30:18","modified_gmt":"2025-08-22T12:30:18","slug":"un-mois-et-demi-apres-des-sinistres-obliges-dinvestir-dans-des-mobil-homes","status":"publish","type":"post","link":"https:\/\/www.europesays.com\/fr\/336173\/","title":{"rendered":"un mois et demi apr\u00e8s, des sinistr\u00e9s oblig\u00e9s d&rsquo;investir dans des mobil-homes"},"content":{"rendered":"<p>Certains sinistr\u00e9s de l&rsquo;incendie intervenu le 8 juillet dernier \u00e0 Marseille, sont toujours sans solution de relogement. Oblig\u00e9s d&rsquo;investir eux-m\u00eames dans des mobil-homes, ils s&rsquo;estiment abandonn\u00e9s et sont d\u00e9sesp\u00e9r\u00e9s.<\/p>\n<p>Pr\u00e8s d&rsquo;un mois et demi apr\u00e8s <a href=\"https:\/\/rmc.bfmtv.com\/actualites\/sciences-nature\/cette-annee-on-commence-fort-la-fatigue-des-pompiers-a-marseille-apres-deux-jours-d-intense-lutte_AV-202507100079.html\" title=\"&quot;Cette ann\u00e9e on commence fort&quot;: la fatigue des pompiers \u00e0 Marseille apr\u00e8s deux jours d&#039;intense lutte\" class=\"internal_link\" rel=\"nofollow noopener\" target=\"_blank\">l&rsquo;incendie \u00e0 Marseille, intervenu le 8 juillet dernier<\/a>, beaucoup de sinistr\u00e9s n&rsquo;ont toujours pas retrouv\u00e9 de logement. D\u00e9pourvues de solution, <a href=\"https:\/\/rmc.bfmtv.com\/actualites\/societe\/video-incendie-a-marseille-les-sinistres-attendent-toujours-un-logement_VN-202508220066.html\" title=\"Incendie \u00e0 Marseille: les sinistr\u00e9s attendent toujours un logement\" class=\"internal_link\" rel=\"nofollow noopener\" target=\"_blank\">quinze familles d&rsquo;un m\u00eame quartier<\/a>, quarante personnes au total selon les informations de RMC, se sont donc organis\u00e9es pour installer des mobil-homes en contrebas de leurs habitations.<\/p>\n<p>Pour l&rsquo;instant, huit mobil-homes sont arriv\u00e9s sur ce terrain pr\u00eat\u00e9 par la ville, \u00e0 quelques m\u00e8tres des habitations ravag\u00e9es par les flammes. Joachim et Anne-Marie ont d\u00e9bours\u00e9 un peu moins de 5.000 euros pour le leur, achet\u00e9 en occasion. Le couple de sexag\u00e9naires est en train de le r\u00e9nover pour pouvoir y emm\u00e9nager rapidement.<\/p>\n<p>Une solution temporaire<\/p>\n<p>Pour l&rsquo;instant, Joachim et Anne-Marie vivent dans un camion. Ce mobil-home est une solution temporaire. \u00ab\u00a0C&rsquo;est une solution pour avoir un toit cet hiver. On n&rsquo;a pas eu d&rsquo;autres choix, il n&rsquo;y a pas de maison disponible.\u00a0\u00bb<\/p>\n<p>Ces habitants ont r\u00e9ussi \u00e0 obtenir une convention d&rsquo;occupation temporaire de ce terrain municipal. Ils l&rsquo;ont rendu habitable en quelques semaines, notamment gr\u00e2ce \u00e0 des dons priv\u00e9s. \u00ab\u00a0Il y a eu beaucoup de monde qui s&rsquo;est manifest\u00e9 pour nous aider. On les remercie parce que c&rsquo;est gr\u00e2ce \u00e0 eux qu&rsquo;on a pu avancer\u00a0\u00bb, reconna\u00eet Anne-Marie.<\/p>\n<p><img decoding=\"async\" src=\"https:\/\/www.europesays.com\/fr\/wp-content\/uploads\/2025\/05\/principale-398_2.jpg\"  alt=\"Un mois et demi apr\u00e8s l\u2019incendie, des familles sinistr\u00e9es reconstruisent une vie en mobile homes\" title=\"Un mois et demi apr\u00e8s l\u2019incendie, des familles sinistr\u00e9es reconstruisent une vie en mobile homes\"\/>Un mois et demi apr\u00e8s l\u2019incendie, des familles sinistr\u00e9es reconstruisent une vie en mobile homes<\/p>\n<p>Mais cette solution temporaire n&rsquo;est pas id\u00e9ale pour certains habitants, comme Giulia, qui appr\u00e9hende sa rentr\u00e9e en premi\u00e8re: \u00ab\u00a0Je ne sais pas comment je vais faire. L\u00e0, je ne vais pas avoir de chambre.\u00a0\u00bb<\/p>\n<blockquote class=\"embed embed_quote\"><p>\u00ab\u00a0Je vais vivre avec mes parents dans un salon. \u00c7a va \u00eatre compliqu\u00e9 pour les cours\u00a0\u00bb, insiste la jeune fille.<\/p><\/blockquote>\n<p>\u00c0 c\u00f4t\u00e9, sa m\u00e8re Jennifer a appel\u00e9 toutes les communes pour r\u00e9it\u00e9rer sa demande de logement social. \u00ab\u00a0Ils se renvoient tous la balle les uns aux autres. Moi j&rsquo;avais d\u00e9j\u00e0 fait une demande de logement social il y a plus de six ans\u00a0\u00bb, se d\u00e9sole-t-elle.<\/p>\n<p>Des associations locales ont ainsi particip\u00e9 \u00e0 la lev\u00e9e des fonds pour aider les habitants \u00e0 financer ces bungalows.<\/p>\n<p>La ville reporte la responsabilit\u00e9 sur les propri\u00e9taires<\/p>\n<p>\u00c0 l&rsquo;image de cette m\u00e8re de famille, beaucoup ici se sentent abandonn\u00e9s. De son c\u00f4t\u00e9, la ville de Marseille rappelle que c&rsquo;est aux propri\u00e9taires d&rsquo;assumer l&rsquo;obligation de relogement des locataires. Les propri\u00e9taires \u00ab\u00a0se sont engag\u00e9s \u00e0 r\u00e9habiliter et, ou, reconstruire\u00a0\u00bb, pr\u00e9cise la ville dans un communiqu\u00e9.<\/p>\n<p>Le mois dernier, Marseille a d\u00e9bloqu\u00e9 deux aides financi\u00e8res destin\u00e9es aux sinstr\u00e9s. Ces derniers esp\u00e8rent, un jour, retrouver un vrai logement. Pour rappel, un incendie avait parcouru 750 hectares \u00e0 Marseille en deux jours. Plus de 70 logements \u00e9taient partis en fum\u00e9e dans l&rsquo;un des premiers feux de la saison estivale.<\/p>\n","protected":false},"excerpt":{"rendered":"Certains sinistr\u00e9s de l&rsquo;incendie intervenu le 8 juillet dernier \u00e0 Marseille, sont toujours sans solution de relogement. Oblig\u00e9s&hellip;\n","protected":false},"author":2,"featured_media":336174,"comment_status":"","ping_status":"","sticky":false,"template":"","format":"standard","meta":{"footnotes":""},"categories":[2814],"tags":[1111,11,1777,674,1011,27,884,12,882,25],"class_list":{"0":"post-336173","1":"post","2":"type-post","3":"status-publish","4":"format-standard","5":"has-post-thumbnail","7":"category-marseille","8":"tag-actu","9":"tag-actualites","10":"tag-eu","11":"tag-europe","12":"tag-fr","13":"tag-france","14":"tag-marseille","15":"tag-news","16":"tag-provence-alpes-cote-dazur","17":"tag-republique-francaise"},"share_on_mastodon":{"url":"https:\/\/pubeurope.com\/@fr\/115072429248477261","error":""},"_links":{"self":[{"href":"https:\/\/www.europesays.com\/fr\/wp-json\/wp\/v2\/posts\/336173","targetHints":{"allow":["GET"]}}],"collection":[{"href":"https:\/\/www.europesays.com\/fr\/wp-json\/wp\/v2\/posts"}],"about":[{"href":"https:\/\/www.europesays.com\/fr\/wp-json\/wp\/v2\/types\/post"}],"author":[{"embeddable":true,"href":"https:\/\/www.europesays.com\/fr\/wp-json\/wp\/v2\/users\/2"}],"replies":[{"embeddable":true,"href":"https:\/\/www.europesays.com\/fr\/wp-json\/wp\/v2\/comments?post=336173"}],"version-history":[{"count":0,"href":"https:\/\/www.europesays.com\/fr\/wp-json\/wp\/v2\/posts\/336173\/revisions"}],"wp:featuredmedia":[{"embeddable":true,"href":"https:\/\/www.europesays.com\/fr\/wp-json\/wp\/v2\/media\/336174"}],"wp:attachment":[{"href":"https:\/\/www.europesays.com\/fr\/wp-json\/wp\/v2\/media?parent=336173"}],"wp:term":[{"taxonomy":"category","embeddable":true,"href":"https:\/\/www.europesays.com\/fr\/wp-json\/wp\/v2\/categories?post=336173"},{"taxonomy":"post_tag","embeddable":true,"href":"https:\/\/www.europesays.com\/fr\/wp-json\/wp\/v2\/tags?post=336173"}],"curies":[{"name":"wp","href":"https:\/\/api.w.org\/{rel}","templated":true}]}}