{"id":336175,"date":"2025-08-22T12:31:09","date_gmt":"2025-08-22T12:31:09","guid":{"rendered":"https:\/\/www.europesays.com\/fr\/336175\/"},"modified":"2025-08-22T12:31:09","modified_gmt":"2025-08-22T12:31:09","slug":"voici-les-resultats-tres-attendus-de-cette-etude-des-hcl","status":"publish","type":"post","link":"https:\/\/www.europesays.com\/fr\/336175\/","title":{"rendered":"voici les r\u00e9sultats \u00ab\u00a0tr\u00e8s attendus\u00a0\u00bb de cette \u00e9tude des HCL"},"content":{"rendered":"<p class=\"content\" style=\"font-size:1.2em;font-weight:700\">La premi\u00e8re \u00e9tude r\u00e9alis\u00e9e par les Hospices civils de Lyon sur la question de la prise en charge de l&rsquo;ob\u00e9sit\u00e9 s\u00e9v\u00e8re a \u00e9t\u00e9 publi\u00e9e dans une revue scientifique. <\/p>\n<p>Les premi\u00e8res conclusions de l&rsquo;\u00e9tude Sadisleeve ont \u00e9t\u00e9 publi\u00e9es ce vendredi 22 ao\u00fbt dans les colonnes de la prestigieuse revue scientifique The Lancet. Lanc\u00e9e \u00e0 l&rsquo;initiative du Pr Maud Robert, chirurgienne au sein du Centre int\u00e9gr\u00e9 de l&rsquo;ob\u00e9sit\u00e9 (CIO) des Hospices civils de Lyon (HCL), cette \u00e9tude visait \u00e0 comparer deux techniques de chirurgie con\u00e7ues pour aider pour les personnes souffrant d&rsquo;ob\u00e9sit\u00e9 s\u00e9v\u00e8re : le SADI-S et le Bypass en Y.<\/p>\n<p>Les r\u00e9sultats de cette enqu\u00eate, \u00ab\u00a0tr\u00e8s attendus au niveau international\u00a0\u00bb, d\u00e9montrent que la seconde technique, celle de r\u00e9f\u00e9rence jusqu&rsquo;ici, est pourtant la moins efficace des deux. La premi\u00e8re, le SADI-S, \u00ab\u00a0associe une r\u00e9duction du volume de l\u2019estomac (sleeve gastrectomie) \u00e0 un &lsquo;court-circuit&rsquo; de l\u2019intestin gr\u00eale, visant \u00e0 provoquer une diminution d\u2019absorption des aliments et donc des calories ing\u00e9r\u00e9es\u00a0\u00bb, pr\u00e9cisent les HCL.<\/p>\n<p><strong>Lire aussi : <\/strong><a href=\"https:\/\/www.lyoncapitale.fr\/actualite\/le-projet-ambitieux-des-hospices-civils-de-lyon-l-horizon-2035\" target=\"_blank\" rel=\"noreferrer noopener nofollow\">Le projet \u00ab\u00a0ambitieux\u00a0\u00bb des Hospices Civils de Lyon \u00e0 l&rsquo;horizon 2035<\/a><\/p>\n<p>\u00ab\u00a0Des preuves solides pour int\u00e9grer le SADI-S\u00a0\u00bb<\/p>\n<p>Elle serait, selon l&rsquo;\u00e9tude, particuli\u00e8rement efficace chez les patients atteints de diab\u00e8te de type 2, souvent moins r\u00e9ceptifs aux strat\u00e9gies de r\u00e9duction pond\u00e9rale. En mati\u00e8re de s\u00e9curit\u00e9, les deux techniques pr\u00e9sentent des profils similaires. \u00ab\u00a0Nous esp\u00e9rons que la haute autorit\u00e9 de sant\u00e9 (HAS) validera l&rsquo;acc\u00e8s \u00e0 cette technique en France\u00a0\u00bb, partage Pr Maud Robert.<\/p>\n<p>Les HCL estiment que les donn\u00e9es publi\u00e9es ce vendredi \u00ab\u00a0offrent des preuves solides pour int\u00e9grer le SADI-S dans les strat\u00e9gies chirurgicales de premi\u00e8re et seconde intentions dans la prise en charge de l\u2019ob\u00e9sit\u00e9 s\u00e9v\u00e8re\u00a0\u00bb.<\/p>\n<p>L&rsquo;\u00e9tude est financ\u00e9e \u00e0 hauteur de 621 088\u20ac \u20ac par la Direction g\u00e9n\u00e9rale de l&rsquo;offre de soins (DGOS) depuis 2017, dans le cadre d\u2019un programme hospitalier de recherche clinique national (PHRC-N). 35 000 interventions de chirurgie bariatrique sont r\u00e9alis\u00e9es chaque ann\u00e9e en France.<\/p>\n<p><strong>Lire aussi :<\/strong> <a href=\"https:\/\/www.lyoncapitale.fr\/actualite\/lyon-les-hcl-recherchent-des-volontaires-seniors-dans-le-cadre-d-une-nouvelle-etude\" target=\"_blank\" rel=\"noreferrer noopener nofollow\">Lyon : les HCL recherchent des volontaires s\u00e9niors dans le cadre d&rsquo;une nouvelle \u00e9tude<\/a><\/p>\n","protected":false},"excerpt":{"rendered":"La premi\u00e8re \u00e9tude r\u00e9alis\u00e9e par les Hospices civils de Lyon sur la question de la prise en charge&hellip;\n","protected":false},"author":2,"featured_media":336176,"comment_status":"","ping_status":"","sticky":false,"template":"","format":"standard","meta":{"footnotes":""},"categories":[1889],"tags":[1111,11,2430,1777,674,1011,27,2428,12,25],"class_list":{"0":"post-336175","1":"post","2":"type-post","3":"status-publish","4":"format-standard","5":"has-post-thumbnail","7":"category-lyon","8":"tag-actu","9":"tag-actualites","10":"tag-auvergne-rhone-alpes","11":"tag-eu","12":"tag-europe","13":"tag-fr","14":"tag-france","15":"tag-lyon","16":"tag-news","17":"tag-republique-francaise"},"share_on_mastodon":{"url":"https:\/\/pubeurope.com\/@fr\/115072433088162316","error":""},"_links":{"self":[{"href":"https:\/\/www.europesays.com\/fr\/wp-json\/wp\/v2\/posts\/336175","targetHints":{"allow":["GET"]}}],"collection":[{"href":"https:\/\/www.europesays.com\/fr\/wp-json\/wp\/v2\/posts"}],"about":[{"href":"https:\/\/www.europesays.com\/fr\/wp-json\/wp\/v2\/types\/post"}],"author":[{"embeddable":true,"href":"https:\/\/www.europesays.com\/fr\/wp-json\/wp\/v2\/users\/2"}],"replies":[{"embeddable":true,"href":"https:\/\/www.europesays.com\/fr\/wp-json\/wp\/v2\/comments?post=336175"}],"version-history":[{"count":0,"href":"https:\/\/www.europesays.com\/fr\/wp-json\/wp\/v2\/posts\/336175\/revisions"}],"wp:featuredmedia":[{"embeddable":true,"href":"https:\/\/www.europesays.com\/fr\/wp-json\/wp\/v2\/media\/336176"}],"wp:attachment":[{"href":"https:\/\/www.europesays.com\/fr\/wp-json\/wp\/v2\/media?parent=336175"}],"wp:term":[{"taxonomy":"category","embeddable":true,"href":"https:\/\/www.europesays.com\/fr\/wp-json\/wp\/v2\/categories?post=336175"},{"taxonomy":"post_tag","embeddable":true,"href":"https:\/\/www.europesays.com\/fr\/wp-json\/wp\/v2\/tags?post=336175"}],"curies":[{"name":"wp","href":"https:\/\/api.w.org\/{rel}","templated":true}]}}