{"id":336177,"date":"2025-08-22T12:32:14","date_gmt":"2025-08-22T12:32:14","guid":{"rendered":"https:\/\/www.europesays.com\/fr\/336177\/"},"modified":"2025-08-22T12:32:14","modified_gmt":"2025-08-22T12:32:14","slug":"il-menace-degorger-et-de-violer-la-prefete-du-rhone-un-homme-condamne-a-un-an-de-prison","status":"publish","type":"post","link":"https:\/\/www.europesays.com\/fr\/336177\/","title":{"rendered":"Il menace \u00ab\u00a0d\u2019\u00e9gorger\u00a0\u00bb et de \u00ab\u00a0violer\u00a0\u00bb la pr\u00e9f\u00e8te du Rh\u00f4ne : un homme condamn\u00e9 \u00e0 un an de prison"},"content":{"rendered":"<p>                            <img loading=\"lazy\" width=\"1079\" height=\"675\" class=\"attachment-article size-article wp-post-image lazyload\" alt=\"Fabienne Buccio 8 mai Lyon\" decoding=\"async\" src=\"https:\/\/www.europesays.com\/fr\/wp-content\/uploads\/2025\/08\/IMG-1656-edited-scaled-e1699913835324.jpg\" data-eio-rwidth=\"1079\" data-eio-rheight=\"675\"\/><\/p>\n<p>Fabienne Buccio, pr\u00e9f\u00e8te de R\u00e9gion et du d\u00e9partement. (Photo : Nathan Chaize)<\/p>\n<p class=\"content\" style=\"font-size:1.2em;font-weight:700\">Un homme de 25 ans a \u00e9t\u00e9 condamn\u00e9 \u00e0 un an de prison ferme par le tribunal correctionnel de Lyon pour avoir menac\u00e9 \u00e0 de multiples reprises la pr\u00e9f\u00e8te du Rh\u00f4ne, Fabienne Buccio.<\/p>\n<p>Jeudi 21 ao\u00fbt, un jeune homme de 25 ans a \u00e9t\u00e9 condamn\u00e9 \u00e0 un an de prison ferme par le tribunal correctionnel de Lyon pour avoir menac\u00e9 de viol et de mort la pr\u00e9f\u00e8te du Rh\u00f4ne, Fabienne Buccio. Selon nos confr\u00e8res d\u2019<a href=\"https:\/\/actu.fr\/auvergne-rhone-alpes\/lyon_69123\/lyon-l-animateur-du-crous-veut-violer-et-egorger-la-prefete-du-rhone-il-finit-en-prison_63064912.html\" target=\"_blank\" rel=\"noreferrer noopener nofollow\">Actu Lyon<\/a> et <a href=\"https:\/\/actu.fr\/auvergne-rhone-alpes\/lyon_69123\/lyon-l-animateur-du-crous-veut-violer-et-egorger-la-prefete-du-rhone-il-finit-en-prison_63064912.html\" target=\"_blank\" rel=\"noreferrer noopener nofollow\">Press Pepper<\/a>, Driss avait \u00e9galement \u00e9crit sur une plateforme qu\u2019il serait \u00ab\u00a0bien de commettre des attentats pour la Palestine et de poser des bombes en France\u00a0\u00bb et fait de nombreuses apologies au terrorisme.<\/p>\n<p>Originaire du 8e arrondissement de Lyon, le jeune homme avait finalement appel\u00e9 la police pour lui indiquer qu\u2019il se trouvait au centre hospitalier du Vinatier, pr\u00e8s de Lyon. Il avait \u00e9t\u00e9 interpell\u00e9 et plac\u00e9 en gare \u00e0 vue \u00e0 l\u2019issue de l\u2019appel. Suivi par un psychiatre depuis longtemps en raison d\u2019un trouble borderline, le jeune homme a donc \u00e9cop\u00e9 d\u2019un an de prison ferme. \u00c0 sa sortie, il fera l\u2019objet l\u2019objet d\u2019un \u00ab\u00a0suivi socio-judiciaire\u00a0\u00bb pour une dur\u00e9e de cinq ans ainsi qu\u2019une obligation de soins. Son t\u00e9l\u00e9phone portable et sa tablette lui ont \u00e9t\u00e9 confisqu\u00e9s.<\/p>\n","protected":false},"excerpt":{"rendered":"Fabienne Buccio, pr\u00e9f\u00e8te de R\u00e9gion et du d\u00e9partement. (Photo : Nathan Chaize) Un homme de 25 ans a&hellip;\n","protected":false},"author":2,"featured_media":336178,"comment_status":"","ping_status":"","sticky":false,"template":"","format":"standard","meta":{"footnotes":""},"categories":[1889],"tags":[1111,11,2430,1777,674,1011,27,2428,12,25],"class_list":{"0":"post-336177","1":"post","2":"type-post","3":"status-publish","4":"format-standard","5":"has-post-thumbnail","7":"category-lyon","8":"tag-actu","9":"tag-actualites","10":"tag-auvergne-rhone-alpes","11":"tag-eu","12":"tag-europe","13":"tag-fr","14":"tag-france","15":"tag-lyon","16":"tag-news","17":"tag-republique-francaise"},"share_on_mastodon":{"url":"https:\/\/pubeurope.com\/@fr\/115072437010380048","error":""},"_links":{"self":[{"href":"https:\/\/www.europesays.com\/fr\/wp-json\/wp\/v2\/posts\/336177","targetHints":{"allow":["GET"]}}],"collection":[{"href":"https:\/\/www.europesays.com\/fr\/wp-json\/wp\/v2\/posts"}],"about":[{"href":"https:\/\/www.europesays.com\/fr\/wp-json\/wp\/v2\/types\/post"}],"author":[{"embeddable":true,"href":"https:\/\/www.europesays.com\/fr\/wp-json\/wp\/v2\/users\/2"}],"replies":[{"embeddable":true,"href":"https:\/\/www.europesays.com\/fr\/wp-json\/wp\/v2\/comments?post=336177"}],"version-history":[{"count":0,"href":"https:\/\/www.europesays.com\/fr\/wp-json\/wp\/v2\/posts\/336177\/revisions"}],"wp:featuredmedia":[{"embeddable":true,"href":"https:\/\/www.europesays.com\/fr\/wp-json\/wp\/v2\/media\/336178"}],"wp:attachment":[{"href":"https:\/\/www.europesays.com\/fr\/wp-json\/wp\/v2\/media?parent=336177"}],"wp:term":[{"taxonomy":"category","embeddable":true,"href":"https:\/\/www.europesays.com\/fr\/wp-json\/wp\/v2\/categories?post=336177"},{"taxonomy":"post_tag","embeddable":true,"href":"https:\/\/www.europesays.com\/fr\/wp-json\/wp\/v2\/tags?post=336177"}],"curies":[{"name":"wp","href":"https:\/\/api.w.org\/{rel}","templated":true}]}}