{"id":336187,"date":"2025-08-22T12:38:13","date_gmt":"2025-08-22T12:38:13","guid":{"rendered":"https:\/\/www.europesays.com\/fr\/336187\/"},"modified":"2025-08-22T12:38:13","modified_gmt":"2025-08-22T12:38:13","slug":"la-compagnie-sassocie-a-minois-paris-pour-chouchouter-les-plus-jeunes-voyageurs","status":"publish","type":"post","link":"https:\/\/www.europesays.com\/fr\/336187\/","title":{"rendered":"La Compagnie s\u2019associe \u00e0 Minois Paris pour chouchouter les plus jeunes voyageurs"},"content":{"rendered":"<p>\t\t\t\t\t Le kit Minois Paris offert aux <a class=\"liens\" href=\"https:\/\/www.tourmag.com\/Voyager-avec-un-bebe-a-l-autre-bout-du-monde-c-est-possible-ils-l-ont-fait-_a102315.html\" target=\"_blank\" rel=\"noopener\">b\u00e9b\u00e9s voyageant<\/a> avec La Compagnie <b>contient l\u2019essentiel pour un trajet<\/b> tout en douceur. <\/p>\n<p>Il comprend <b>une trousse en coton biologique<\/b>, un <b>gel d\u00e9licat<\/b> pour le corps et les cheveux, une <b>cr\u00e8me douce hydratante<\/b> et apaisante, ainsi qu\u2019un <b>stick \u00e0 l\u00e8vres nourrissant<\/b>. &#13;\t\t\t\t\t <\/p>\n<p>Tous les produits, d\u00e8s la naissance, sont issus <b>de la gamme de soins naturels Minois Paris<\/b>, con\u00e7ue pour les peaux sensibles des b\u00e9b\u00e9s et jeunes enfants.\n\t\t\t\t <\/p>\n","protected":false},"excerpt":{"rendered":"Le kit Minois Paris offert aux b\u00e9b\u00e9s voyageant avec La Compagnie contient l\u2019essentiel pour un trajet tout en&hellip;\n","protected":false},"author":2,"featured_media":336188,"comment_status":"","ping_status":"","sticky":false,"template":"","format":"standard","meta":{"footnotes":""},"categories":[1888],"tags":[11,1777,674,1011,27,41525,47296,415,12,626,25],"class_list":{"0":"post-336187","1":"post","2":"type-post","3":"status-publish","4":"format-standard","5":"has-post-thumbnail","7":"category-paris","8":"tag-actualites","9":"tag-eu","10":"tag-europe","11":"tag-fr","12":"tag-france","13":"tag-la-compagnie","14":"tag-minois-paris","15":"tag-new-york","16":"tag-news","17":"tag-paris","18":"tag-republique-francaise"},"share_on_mastodon":{"url":"https:\/\/pubeurope.com\/@fr\/115072460617837798","error":""},"_links":{"self":[{"href":"https:\/\/www.europesays.com\/fr\/wp-json\/wp\/v2\/posts\/336187","targetHints":{"allow":["GET"]}}],"collection":[{"href":"https:\/\/www.europesays.com\/fr\/wp-json\/wp\/v2\/posts"}],"about":[{"href":"https:\/\/www.europesays.com\/fr\/wp-json\/wp\/v2\/types\/post"}],"author":[{"embeddable":true,"href":"https:\/\/www.europesays.com\/fr\/wp-json\/wp\/v2\/users\/2"}],"replies":[{"embeddable":true,"href":"https:\/\/www.europesays.com\/fr\/wp-json\/wp\/v2\/comments?post=336187"}],"version-history":[{"count":0,"href":"https:\/\/www.europesays.com\/fr\/wp-json\/wp\/v2\/posts\/336187\/revisions"}],"wp:featuredmedia":[{"embeddable":true,"href":"https:\/\/www.europesays.com\/fr\/wp-json\/wp\/v2\/media\/336188"}],"wp:attachment":[{"href":"https:\/\/www.europesays.com\/fr\/wp-json\/wp\/v2\/media?parent=336187"}],"wp:term":[{"taxonomy":"category","embeddable":true,"href":"https:\/\/www.europesays.com\/fr\/wp-json\/wp\/v2\/categories?post=336187"},{"taxonomy":"post_tag","embeddable":true,"href":"https:\/\/www.europesays.com\/fr\/wp-json\/wp\/v2\/tags?post=336187"}],"curies":[{"name":"wp","href":"https:\/\/api.w.org\/{rel}","templated":true}]}}