{"id":336193,"date":"2025-08-22T12:41:18","date_gmt":"2025-08-22T12:41:18","guid":{"rendered":"https:\/\/www.europesays.com\/fr\/336193\/"},"modified":"2025-08-22T12:41:18","modified_gmt":"2025-08-22T12:41:18","slug":"la-crise-continue-entre-les-etats-unis-et-le-venezuela","status":"publish","type":"post","link":"https:\/\/www.europesays.com\/fr\/336193\/","title":{"rendered":"La crise continue entre les \u00c9tats-Unis et le Venezuela"},"content":{"rendered":"<p><strong>Le pr\u00e9sident am\u00e9ricain Donald Trump a ordonn\u00e9 le d\u00e9ploiement d\u2019au moins trois destroyers lance-missiles de classe Arleigh Burke ainsi que d&rsquo;autres moyens militaires au large du Venezuela dans le cadre d&rsquo;une op\u00e9ration visant en g\u00e9n\u00e9ral le trafic de drogues et en particulier le pr\u00e9sident v\u00e9n\u00e9zu\u00e9lien Nicol\u00e1s Maduro.<\/strong><\/p>\n<p>Qu\u2019est-il reproch\u00e9 \u00e0 Maduro ?<\/p>\n<p class=\"ft_serif ft_normal ft_black text\">Maduro est inculp\u00e9 depuis 2020 par la justice am\u00e9ricaine de \u00ab narcoterrorisme \u00bb et trafic de drogue.<br \/>Trump, dont les d\u00e9m\u00eal\u00e9s avec Maduro remontent \u00e0 son premier mandat de pr\u00e9sident, accuse le dirigeant v\u00e9n\u00e9zu\u00e9lien d\u2019\u00eatre un acteur cl\u00e9 du trafic international(1) de drogues qu\u2019il a d\u00e9sign\u00e9 comme une priorit\u00e9 absolue de son administration.<br \/>Karoline Leavitt, la porte-parole de la Maison-Blanche interrog\u00e9e sur le d\u00e9ploiement de forces am\u00e9ricaines \u00e0 proximit\u00e9 du Venezuela a d\u00e9clar\u00e9 : \u00ab le pr\u00e9sident Trump a \u00e9t\u00e9 tr\u00e8s clair et coh\u00e9rent [\u2026] Il est pr\u00eat \u00e0 utiliser toute la puissance am\u00e9ricaine pour emp\u00eacher l\u2019afflux de drogue dans notre pays et traduire les responsables en justice. Le r\u00e9gime Maduro n\u2019est pas le gouvernement l\u00e9gitime du Venezuela. C\u2019est un cartel narcoterroriste dirig\u00e9 par Maduro. Cette administration consid\u00e8re qu\u2019il n\u2019est pas un pr\u00e9sident l\u00e9gitime. Il est le chef fugitif de ce cartel, inculp\u00e9 aux \u00c9tats-Unis pour trafic de drogue. \u00bb<br \/>Dans les fait, lui et 14 autres personnes dont plusieurs de ses proches ont \u00e9t\u00e9 inculp\u00e9es au niveau f\u00e9d\u00e9ral nord-am\u00e9ricain de narcoterrorisme et de compromission avec le groupe insurg\u00e9 colombien des FARC en vue d\u2019importer de la coca\u00efne aux \u00c9tats-Unis.<br \/>William P. Barr, alors procureur g\u00e9n\u00e9ral des \u00c9tats-Unis avait affirm\u00e9 : \u00ab pendant plus de 20 ans, Maduro et plusieurs de ses coll\u00e8gues de haut rang auraient conspir\u00e9 avec les FARC, provoquant l\u2019entr\u00e9e de tonnes de coca\u00efne et d\u00e9vastatrices dans les communaut\u00e9s am\u00e9ricaines. \u00bb<\/p>\n<p>\t\t\t<img decoding=\"async\" class=\"dw-img-wide\" src=\"https:\/\/www.europesays.com\/fr\/wp-content\/uploads\/2025\/08\/Crize-venezuela-usa-2.jpg\" loading=\"lazy\" style=\"object-fit: contain;\"\/> <\/p>\n<p class=\"ft_serif ft_normal ft_black text\">\u00c0 l\u2019\u00e9poque, les \u00c9tats-Unis avaient offert une premi\u00e8re r\u00e9compense de 15 millions de dollars pour son arrestation. Elle a ensuite \u00e9t\u00e9 port\u00e9e \u00e0 25 millions de dollars puis au d\u00e9but du mois d\u2019ao\u00fbt 2025 \u00e0 50 millions de dollars. <\/p>\n<p class=\"ft_serif ft_normal ft_black text\">Dans le cadre d\u2019une autre action contre les cartels de la drogue latino-am\u00e9ricains, Trump a d\u00e9sign\u00e9 en f\u00e9vrier 2025 le Tren de Aragua (Tr\u00fan de Aragua) v\u00e9n\u00e9zu\u00e9lien, le MS-13 salvadorien et six groupes bas\u00e9s au Mexique comme \u00ab organisations terroristes \u00e9trang\u00e8res(2). En clair, les forces arm\u00e9es am\u00e9ricaines peuvent \u00eatre engag\u00e9es dans cette guerre contre les nacotrafiquants \u2013 consid\u00e9r\u00e9s comme des terroristes \u2013 comme elles l\u2019ont \u00e9t\u00e9 contre Al-Qaida puis Daech.<\/p>\n<p>Les op\u00e9rations militaires US : une simple d\u00e9monstration de force ?<\/p>\n<p>\t\t\t<img decoding=\"async\" class=\"dw-img-wide\" src=\"https:\/\/www.europesays.com\/fr\/wp-content\/uploads\/2025\/08\/Crize-venezuela-usa-3-768x614.jpg\" loading=\"lazy\" style=\"object-fit: contain;\"\/> <\/p>\n<p class=\"ft_serif ft_normal ft_black text\">Les destroyers USS Gravely, l\u2019USS Jason Dunham et l\u2019USS Sampson, devraient arriver \u00e0 la limite des eaux territoriales v\u00e9n\u00e9zu\u00e9liennes ce week-end.<br \/>Un responsable am\u00e9ricain qui s\u2019exprimait sous couvert de l\u2019anonymat \u00e0 l\u2019agence Reuter, a d\u00e9clar\u00e9 que des moyens militaires suppl\u00e9mentaires seraient d\u00e9ploy\u00e9s sur zone dont plusieurs avions de patrouille maritime P-8, des navires de guerre et au moins un sous-marin d\u2019attaque. Le processus durerait plusieurs mois et qu\u2019il \u00e9tait pr\u00e9vu que ces appareils op\u00e8rent dans l\u2019espace a\u00e9rien et les eaux internationales.<br \/>Plus inqui\u00e9tant, selon la m\u00eame agence, les moyens navals \u00ab peuvent \u00eatre utilis\u00e9s non seulement pour mener des op\u00e9rations de renseignement et de surveillance, mais aussi comme rampe de lancement pour des frappes cibl\u00e9es si l\u2019ordre en est donn\u00e9. \u00bb <\/p>\n<p>\t\t\t<img decoding=\"async\" class=\"dw-img-wide\" src=\"https:\/\/www.europesays.com\/fr\/wp-content\/uploads\/2025\/08\/Crize-venezuela-usa-4-768x511.jpg\" loading=\"lazy\" style=\"object-fit: contain;\"\/> <\/p>\n<p>\t\t\tBoeing P-8-A Poseidon\t\t<\/p>\n<p class=\"ft_serif ft_normal ft_black text\">En m\u00eame temps, selon le site Task &amp; Purpose (T&amp;P), le groupe amphibie Iwo Jima (ARG) et la 22e unit\u00e9 exp\u00e9ditionnaire des Marines (MEU) \u00ab ont quitt\u00e9 la base navale de Norfolk le 14 ao\u00fbt. La force comprend plus de 4.500 marins et Marines sur trois navires : le navire d\u2019assaut amphibie de classe Wasp, l\u2019USS Iwo Jima, et les navires de transport amphibie de classe San Antonio, l\u2019USS San Antonio et l\u2019USS Fort Lauderdale. \u00bb<\/p>\n<p>\t\t\t<img decoding=\"async\" class=\"dw-img-wide\" src=\"https:\/\/www.europesays.com\/fr\/wp-content\/uploads\/2025\/08\/Crize-venezuela-usa-5-768x671.jpg\" loading=\"lazy\" style=\"object-fit: contain;\"\/> <\/p>\n<p>\t\t\tLe navire d&rsquo;assaut amphibie de classe Wasp, l&rsquo;USS Iwo Jima (LHD 7)\t\t<\/p>\n<p class=\"ft_serif ft_normal ft_black text\">L\u2019US Navy a initialement d\u00e9crit ce mouvement comme un \u00ab d\u00e9ploiement r\u00e9gulier \u00bb mais la presse a rapport\u00e9 que l\u2019Iwo Jima se dirigeait vers le sud des Cara\u00efbes dans le cadre de la lutte anti-drogue.<br \/>Mais son d\u00e9ploiement a \u00e9t\u00e9 interrompu lorsque l\u2019ouragan Erin qui l\u2019a contraint \u00e0 retourner \u00e0 Norfolk.<\/p>\n<p>Sont-ce les pr\u00e9mices d\u2019une intervention au Venezuela ?<\/p>\n<p class=\"ft_serif ft_normal ft_black text\">En r\u00e9ponse, Maduro a annonc\u00e9 lundi le d\u00e9ploiement pr\u00e9vu de plus de 4,5 millions de miliciens \u00e0 travers le pays. Il s\u2019agit de volontaires d\u00e9sign\u00e9s pour renforcer la d\u00e9fense des forces arm\u00e9es contre les attaques ext\u00e9rieures et int\u00e9rieures.<br \/>Il a d\u00e9clar\u00e9 : \u00ab L\u2019empire est devenu fou et a renouvel\u00e9 ses menaces contre la paix et la tranquillit\u00e9 du Venezuela. \u00bb<\/p>\n<p>\t\t\t<img decoding=\"async\" class=\"dw-img-wide\" src=\"https:\/\/www.europesays.com\/fr\/wp-content\/uploads\/2025\/08\/Crize-venezuela-usa-6-768x432.jpg\" loading=\"lazy\" style=\"object-fit: contain;\"\/> <\/p>\n<p class=\"ft_serif ft_normal ft_black text\">Le chiffre de 4,5 millions de mobilis\u00e9s est tr\u00e8s exag\u00e9r\u00e9 le pouvoir n\u2019ayant pas les moyens de les armer correctement. Celui de 500.000 semble plus r\u00e9aliste.<br \/>Ces miliciens viendraient s\u2019ajouter aux quelques 125.000 militaires actuellement sous les drapeaux.<\/p>\n<p>\t\t\t<img decoding=\"async\" class=\"dw-img-wide\" src=\"https:\/\/www.europesays.com\/fr\/wp-content\/uploads\/2025\/08\/Crize-venezuela-usa-7.jpg\" loading=\"lazy\" style=\"object-fit: contain;\"\/> <\/p>\n<p class=\"ft_serif ft_normal ft_black text\">Le Venezuela est le pays le plus arm\u00e9 d\u2019Am\u00e9rique latine avec trois batteries anti-a\u00e9riennes S-300VM, au moins 20 batteries Buk-M2 et Tor-M1, ainsi que des patrouilleurs et des vedettes rapides \u00e9quip\u00e9es de missiles antinavires, et environ 20 chasseurs Su-30MK2 et 18 F-16.<\/p>\n<p>\t\t\t<img decoding=\"async\" class=\"dw-img-wide\" src=\"https:\/\/www.europesays.com\/fr\/wp-content\/uploads\/2025\/08\/Crize-venezuela-usa-8.jpg\" loading=\"lazy\" style=\"object-fit: contain;\"\/> <\/p>\n<p>\t\t\t<img decoding=\"async\" class=\"dw-img-wide\" src=\"https:\/\/www.europesays.com\/fr\/wp-content\/uploads\/2025\/08\/Crize-venezuela-usa-9-768x485.jpg\" loading=\"lazy\" style=\"object-fit: contain;\"\/> <\/p>\n<p>\t\t\t<img decoding=\"async\" class=\"dw-img-wide\" src=\"https:\/\/www.europesays.com\/fr\/wp-content\/uploads\/2025\/08\/Crize-venezuela-usa-10.jpg\" loading=\"lazy\" style=\"object-fit: contain;\"\/> <\/p>\n<p>\t\t\t<img decoding=\"async\" class=\"dw-img-wide\" src=\"https:\/\/www.europesays.com\/fr\/wp-content\/uploads\/2025\/08\/Crize-venezuela-usa-11-768x407.jpg\" loading=\"lazy\" style=\"object-fit: contain;\"\/> <\/p>\n<p class=\"ft_serif ft_normal ft_black text\">Le probl\u00e8me pour Maduro est qu\u2019il pourrait subir le m\u00eame sort qu\u2019Assad car personne ne veut se battre pour lui. C\u2019est-\u00e0-dire \u00eatre chass\u00e9 de l\u2019int\u00e9rieur.<br \/>En effet, si Trump augmente un peu plus la prime de 50 millions de dollars, il n\u2019est pas impossible que son entourage ne soit tent\u00e9 par la r\u00e9compense.<br \/>Les pays voisin, le Br\u00e9sil, la Colombie et le Guyana(3) sont plus ou moins en conflit avec lui et n\u2019interviendront pas en sa faveur.<\/p>\n<p>\t\t\t<img decoding=\"async\" class=\"dw-img-wide\" src=\"https:\/\/www.europesays.com\/fr\/wp-content\/uploads\/2025\/08\/Crize-venezuela-usa-12-768x724.jpg\" loading=\"lazy\" style=\"object-fit: contain;\"\/> <\/p>\n<p class=\"ft_serif ft_normal ft_black text\">Si la nature de la r\u00e9ponse militaire am\u00e9ricaine reste encore inconnue, le d\u00e9ploiement d\u2019un ARG et de destroyers lance-missiles envoie un signal tr\u00e8s fort \u00e0 Maduro.<br \/>Si Trump en donne l\u2019ordre, le Pentagone pourrait mener des frappes a\u00e9riennes, interdire des exp\u00e9ditions ou m\u00eame d\u00e9ployer un nombre limit\u00e9 de troupes au sol depuis les eaux internationales dans l\u2019urgence.<br \/>Mais pour l\u2019instant, chacun montre ses muscles\u2026<\/p>\n<p class=\"ft_serif ft_normal ft_black text\">(1) Voir : <a href=\"https:\/\/raids.fr\/2024\/02\/02\/venezuela-relations-troubles-entre-le-pouvoir-et-le-crime-organise\/\" rel=\"nofollow noopener\" target=\"_blank\">\u00ab Venezuela : relations troubles avec entre le pouvoir et le crime organis\u00e9 \u00bb du 2 f\u00e9vrier 2024.<\/a><\/p>\n<p class=\"ft_serif ft_normal ft_black text\">(2) Voir : <a href=\"https:\/\/raids.fr\/2025\/01\/24\/donald-trump-signe-un-decret-classant-les-cartels-de-la-drogue-comme-organisations-terroristes\/\" rel=\"nofollow noopener\" target=\"_blank\">Donald Trump signe un d\u00e9cret classant les cartels de la drogue comme organisations terroristes \u00bb du 24 janvier 2025.<\/a> <\/p>\n<p class=\"ft_serif ft_normal ft_black text\">(3) Voir : <a href=\"https:\/\/raids.fr\/2023\/11\/30\/risque-dinvasion-du-guyana-par-le-venezuela\/\" rel=\"nofollow noopener\" target=\"_blank\">\u00ab risque d\u2019invasion du Guyana par le Venezuela \u00bb du 30 novembre 2023.<\/a><\/p>\n","protected":false},"excerpt":{"rendered":"Le pr\u00e9sident am\u00e9ricain Donald Trump a ordonn\u00e9 le d\u00e9ploiement d\u2019au moins trois destroyers lance-missiles de classe Arleigh Burke&hellip;\n","protected":false},"author":2,"featured_media":336194,"comment_status":"","ping_status":"","sticky":false,"template":"","format":"standard","meta":{"footnotes":""},"categories":[1589],"tags":[11,73,1866,12,1864,1865,1863,308],"class_list":{"0":"post-336193","1":"post","2":"type-post","3":"status-publish","4":"format-standard","5":"has-post-thumbnail","7":"category-etats-unis","8":"tag-actualites","9":"tag-etats-unis","10":"tag-etats-unis-damerique","11":"tag-news","12":"tag-united-states","13":"tag-united-states-of-america","14":"tag-us","15":"tag-usa"},"share_on_mastodon":{"url":"https:\/\/pubeurope.com\/@fr\/115072472722479537","error":""},"_links":{"self":[{"href":"https:\/\/www.europesays.com\/fr\/wp-json\/wp\/v2\/posts\/336193","targetHints":{"allow":["GET"]}}],"collection":[{"href":"https:\/\/www.europesays.com\/fr\/wp-json\/wp\/v2\/posts"}],"about":[{"href":"https:\/\/www.europesays.com\/fr\/wp-json\/wp\/v2\/types\/post"}],"author":[{"embeddable":true,"href":"https:\/\/www.europesays.com\/fr\/wp-json\/wp\/v2\/users\/2"}],"replies":[{"embeddable":true,"href":"https:\/\/www.europesays.com\/fr\/wp-json\/wp\/v2\/comments?post=336193"}],"version-history":[{"count":0,"href":"https:\/\/www.europesays.com\/fr\/wp-json\/wp\/v2\/posts\/336193\/revisions"}],"wp:featuredmedia":[{"embeddable":true,"href":"https:\/\/www.europesays.com\/fr\/wp-json\/wp\/v2\/media\/336194"}],"wp:attachment":[{"href":"https:\/\/www.europesays.com\/fr\/wp-json\/wp\/v2\/media?parent=336193"}],"wp:term":[{"taxonomy":"category","embeddable":true,"href":"https:\/\/www.europesays.com\/fr\/wp-json\/wp\/v2\/categories?post=336193"},{"taxonomy":"post_tag","embeddable":true,"href":"https:\/\/www.europesays.com\/fr\/wp-json\/wp\/v2\/tags?post=336193"}],"curies":[{"name":"wp","href":"https:\/\/api.w.org\/{rel}","templated":true}]}}