{"id":336197,"date":"2025-08-22T12:43:10","date_gmt":"2025-08-22T12:43:10","guid":{"rendered":"https:\/\/www.europesays.com\/fr\/336197\/"},"modified":"2025-08-22T12:43:10","modified_gmt":"2025-08-22T12:43:10","slug":"une-francaise-expulsee-dallemagne-apres-avoir-danse-sur-lautoroute","status":"publish","type":"post","link":"https:\/\/www.europesays.com\/fr\/336197\/","title":{"rendered":"Une Fran\u00e7aise expuls\u00e9e d\u2019Allemagne apr\u00e8s avoir dans\u00e9 sur l\u2019autoroute"},"content":{"rendered":"<p>Une conductrice fran\u00e7aise de 50 ans a \u00e9t\u00e9 expuls\u00e9e d\u2019Allemagne apr\u00e8s avoir immobilis\u00e9 son v\u00e9hicule sur l\u2019A5 pour s\u2019\u00e9lancer dans une danse incongrue. Le lendemain, elle a de nouveau bloqu\u00e9 la circulation.<\/p>\n<p class=\"fig-paragraph\">Mardi 19 ao\u00fbt, peu avant 19 heures, les automobilistes circulant sur l\u2019A5 entre Appenweier et\u00a0<a href=\"https:\/\/www.lefigaro.fr\/actualite-france\/2012\/11\/19\/01016-20121119ARTFIG00718-de-barjac-a-offenburg-le-calvaire-de-chloe.php\" target=\"_blank\" data-fig-type=\"Article\" rel=\"noopener\" data-gtm-custom-categorie=\"navigation\" data-gtm-custom-action=\"crossclick\" data-gtm-custom-label=\"Contextuel\" data-gtm-event=\"customEventSPE\" data-fig-domain=\"LEFIGARO\">Offenburg<\/a>\u00a0ont \u00e9t\u00e9 contraints \u00e0 un arr\u00eat inattendu. Une conductrice fran\u00e7aise de 50 ans a soudainement frein\u00e9 au milieu de la voie rapide, abandonnant sa voiture pour ex\u00e9cuter quelques pas de danse, rapporte le m\u00e9dia allemand\u00a0<a href=\"https:\/\/www.swr.de\/swraktuell\/baden-wuerttemberg\/suedbaden\/frau-legt-mit-tanz-verkehr-auf-a5-zwischen-appenweiher-und-offenburg-lahm-100.html?at_medium=social&amp;at_campaign=info%40swr.de&amp;at_source=whatsapp\" target=\"_blank\" rel=\"noopener\" data-gtm-custom-categorie=\"navigation\" data-gtm-custom-action=\"crossclick\" data-gtm-custom-label=\"Contextuel\" data-gtm-event=\"customEventSPE\">SWR<\/a>. Des t\u00e9moins m\u00e9dus\u00e9s ont rapidement tent\u00e9 de la mettre en s\u00e9curit\u00e9 avant l\u2019arriv\u00e9e de la police.<\/p>\n<p class=\"fig-paragraph\">Interpell\u00e9e, la quinquag\u00e9naire a \u00e9t\u00e9 plac\u00e9e en garde \u00e0 vue. Les analyses m\u00e9dicales n\u2019ont r\u00e9v\u00e9l\u00e9 ni de consommation d\u2019alcool ou de\u00a0<a href=\"http:\/\/www.lefigaro.fr\/flash-actu\/trafic-de-stupefiants-un-homme-soupconne-d-un-homicide-en-allemagne-interpelle-en-france-20220919\" target=\"_blank\" data-fig-type=\"NewsFlash\" rel=\"noopener\" data-gtm-custom-categorie=\"navigation\" data-gtm-custom-action=\"crossclick\" data-gtm-custom-label=\"Contextuel\" data-gtm-event=\"customEventSPE\" data-fig-domain=\"LEFIGARO\">stup\u00e9fiants<\/a>, ni de signe de trouble psychologique manifeste. Une enqu\u00eate pour \u00ab entrave dangereuse \u00e0 la circulation\u00a0\u00bb a \u00e9t\u00e9 ouverte. Son permis de conduire et ses cl\u00e9s de voiture ont \u00e9t\u00e9 confisqu\u00e9s.<\/p>\n<p>                                    <a class=\"fig-a11y-skip a11y-hidden\" href=\"#fig-a11y-skip-main-inarticle\"><br \/>\n        Passer la publicit\u00e9<br \/>\n    <\/a><\/p>\n<p>Une r\u00e9cidive en plein carrefour<\/p>\n<p class=\"fig-paragraph\">L\u2019affaire aurait pu s\u2019arr\u00eater l\u00e0. Mais d\u00e8s le lendemain matin, la Fran\u00e7aise a de nouveau attir\u00e9 l\u2019attention des autorit\u00e9s. Cette fois, elle s\u2019est fig\u00e9e en plein carrefour, les bras crois\u00e9s, bloquant la circulation d\u2019Offenburg. Face \u00e0 cette r\u00e9cidive, les forces de l\u2019ordre n\u2019ont pas h\u00e9sit\u00e9\u00a0: la conductrice a \u00e9t\u00e9 directement conduite \u00e0 la fronti\u00e8re et expuls\u00e9e d\u2019<a href=\"http:\/\/www.lefigaro.fr\/international\/sous-pression-politique-l-allemagne-se-resout-a-suspendre-ses-livraisons-d-armes-vers-israel-20250808\" target=\"_blank\" data-fig-type=\"Article\" rel=\"noopener\" data-gtm-custom-categorie=\"navigation\" data-gtm-custom-action=\"crossclick\" data-gtm-custom-label=\"Contextuel\" data-gtm-event=\"customEventSPE\" data-fig-domain=\"LEFIGARO\">Allemagne<\/a>.<\/p>\n<p class=\"fig-paragraph\">Le comportement de cette femme demeure difficile \u00e0 interpr\u00e9ter. L\u2019absence d\u2019alt\u00e9ration constat\u00e9e par les m\u00e9decins laisse planer le doute sur les raisons r\u00e9elles de son geste. Action de protestation, moment de provocation ou simple coup de folie\u00a0? Les autorit\u00e9s allemandes, elles, n\u2019ont pas cherch\u00e9 \u00e0 approfondir davantage la question.<\/p>\n","protected":false},"excerpt":{"rendered":"Une conductrice fran\u00e7aise de 50 ans a \u00e9t\u00e9 expuls\u00e9e d\u2019Allemagne apr\u00e8s avoir immobilis\u00e9 son v\u00e9hicule sur l\u2019A5 pour&hellip;\n","protected":false},"author":2,"featured_media":336198,"comment_status":"","ping_status":"","sticky":false,"template":"","format":"standard","meta":{"footnotes":""},"categories":[1587],"tags":[11,672,6955,1804,1805,1803,1777,674,27,1801,12,1802],"class_list":{"0":"post-336197","1":"post","2":"type-post","3":"status-publish","4":"format-standard","5":"has-post-thumbnail","7":"category-allemagne","8":"tag-actualites","9":"tag-allemagne","10":"tag-autoroute","11":"tag-bundesrepublik-deutschland","12":"tag-de","13":"tag-deutschland","14":"tag-eu","15":"tag-europe","16":"tag-france","17":"tag-germany","18":"tag-news","19":"tag-republique-federale-dallemagne"},"share_on_mastodon":{"url":"https:\/\/pubeurope.com\/@fr\/115072480364676660","error":""},"_links":{"self":[{"href":"https:\/\/www.europesays.com\/fr\/wp-json\/wp\/v2\/posts\/336197","targetHints":{"allow":["GET"]}}],"collection":[{"href":"https:\/\/www.europesays.com\/fr\/wp-json\/wp\/v2\/posts"}],"about":[{"href":"https:\/\/www.europesays.com\/fr\/wp-json\/wp\/v2\/types\/post"}],"author":[{"embeddable":true,"href":"https:\/\/www.europesays.com\/fr\/wp-json\/wp\/v2\/users\/2"}],"replies":[{"embeddable":true,"href":"https:\/\/www.europesays.com\/fr\/wp-json\/wp\/v2\/comments?post=336197"}],"version-history":[{"count":0,"href":"https:\/\/www.europesays.com\/fr\/wp-json\/wp\/v2\/posts\/336197\/revisions"}],"wp:featuredmedia":[{"embeddable":true,"href":"https:\/\/www.europesays.com\/fr\/wp-json\/wp\/v2\/media\/336198"}],"wp:attachment":[{"href":"https:\/\/www.europesays.com\/fr\/wp-json\/wp\/v2\/media?parent=336197"}],"wp:term":[{"taxonomy":"category","embeddable":true,"href":"https:\/\/www.europesays.com\/fr\/wp-json\/wp\/v2\/categories?post=336197"},{"taxonomy":"post_tag","embeddable":true,"href":"https:\/\/www.europesays.com\/fr\/wp-json\/wp\/v2\/tags?post=336197"}],"curies":[{"name":"wp","href":"https:\/\/api.w.org\/{rel}","templated":true}]}}