{"id":336201,"date":"2025-08-22T12:45:13","date_gmt":"2025-08-22T12:45:13","guid":{"rendered":"https:\/\/www.europesays.com\/fr\/336201\/"},"modified":"2025-08-22T12:45:13","modified_gmt":"2025-08-22T12:45:13","slug":"le-chanteur-na-rien-laisse-a-sa-soeur-nancy-chollet-son-heritage-dont-beaucoup-de-dettes-est-entre-les-mains-dune-seule-personne","status":"publish","type":"post","link":"https:\/\/www.europesays.com\/fr\/336201\/","title":{"rendered":"le chanteur n&rsquo;a rien laiss\u00e9 \u00e0 sa s\u0153ur Nancy Chollet, son h\u00e9ritage (dont beaucoup de dettes) est entre les mains d&rsquo;une seule personne"},"content":{"rendered":"<p>Quatre ans apr\u00e8s sa disparition, le nom de Patrick Juvet continue de susciter l\u2019\u00e9motion. Derri\u00e8re l\u2019image de l\u2019ic\u00f4ne disco se cache un h\u00e9ritage complexe, charg\u00e9 de dettes et confi\u00e9 \u00e0 une unique personne.<\/p>\n<p><strong>Patrick Juvet<\/strong>, star incontournable des ann\u00e9es 1970 avec ses tubes plan\u00e9taires, aurait f\u00eat\u00e9 ses 75 ans en 2025. D\u00e9c\u00e9d\u00e9 subitement \u00e0 Barcelone en avril 2021, l\u2019artiste suisse a laiss\u00e9 derri\u00e8re lui <strong>un h\u00e9ritage<\/strong> loin d\u2019\u00eatre celui que l\u2019on imagine pour une figure de la chanson fran\u00e7aise. Sa s\u0153ur, Nancy Chollet, n\u2019a rien re\u00e7u. Les droits, biens et dettes de l\u2019ancien mannequin et compositeur sont d\u00e9sormais entre les mains d\u2019une seule personne, choisie par le chanteur avant sa mort.<\/p>\n<p>     Patrick Juvet : il a tout laiss\u00e9 \u00e0 son ami et ancien manager   Les 75 ans de Patrick Juvet et un h\u00e9ritage inattendu  <\/p>\n<p>En 2025, Patrick Juvet aurait souffl\u00e9 ses 75 bougies. <strong>D\u00e9c\u00e9d\u00e9 \u00e0 Barcelone le 1er avril 2021<\/strong>, le chanteur culte des ann\u00e9es disco a laiss\u00e9 derri\u00e8re lui un <a href=\"https:\/\/www.pleinevie.fr\/loisirs\/celebrites\/heritage-de-jean-luc-delarue-sa-veuve-anissa-delarue-est-rattrapee-par-le-fisc-13-ans-apres-sa-mort-168922.html\" target=\"_blank\" rel=\"noopener nofollow\">h\u00e9ritage<\/a> surprenant : aucune mention de sa s\u0153ur, Nancy Chollet, dans son testament. L\u2019unique h\u00e9ritier d\u00e9sign\u00e9 par le notaire suisse est son ancien manager et ami, Yann Ydoux. Ce dernier a h\u00e9rit\u00e9 \u00e0 la fois de dettes importantes, estim\u00e9es entre <strong>200.000 et 400.000 euros<\/strong>, et des fructueux droits d\u2019auteur de ses plus grands succ\u00e8s, dont O\u00f9 sont les femmes ? Et I Love America.<\/p>\n<p>     Le jour o\u00f9 tout a bascul\u00e9  <\/p>\n<p>Le 1er avril 2021, en pleine pand\u00e9mie de covid, <strong>la femme de m\u00e9nage de Patrick Juvet<\/strong> ne parvient pas \u00e0 ouvrir la porte de son appartement \u00e0 Barcelone. Inquiet, Yann Ydoux, bas\u00e9 \u00e0 Bordeaux, d\u00e9p\u00eache un ami avec un serrurier. Le chanteur est retrouv\u00e9 <strong>mort dans son lit, \u00e0 70 ans<\/strong>. Depuis quelque temps, il vivait reclus, refusant de se faire vacciner. \u00c9minent compositeur et figure du disco, il avait connu des soucis de sant\u00e9 li\u00e9s \u00e0 l\u2019alcool. Sa disparition mettra en lumi\u00e8re la complexit\u00e9 de sa succession internationale.<\/p>\n<p>  Une succession internationale compliqu\u00e9e  <\/p>\n<p>G\u00e9rer <strong>l\u2019h\u00e9ritage de Patrick Juvet<\/strong> n\u2019a pas \u00e9t\u00e9 simple. Entre son d\u00e9c\u00e8s en Espagne et sa nationalit\u00e9 suisse, les d\u00e9marches ont \u00e9t\u00e9 longues. Un notaire du canton de Neuch\u00e2tel a pilot\u00e9 la proc\u00e9dure, exigeant la traduction de nombreux documents. La relation avec Nancy Chollet, sa s\u0153ur, s\u2019est tendue car elle a fait incin\u00e9rer le corps sans r\u00e9v\u00e9ler l\u2019emplacement des cendres. Le testament d\u00e9signait <strong>deux h\u00e9ritiers<\/strong>, mais seule la candidature de Yann Ydoux a abouti. Il se retrouve d\u00e9tenteur de ses biens, droits d\u2019auteur, et de lourdes dettes accumul\u00e9es au fil des ann\u00e9es.<\/p>\n<p>     Patrick Juvet : le chanteur a laiss\u00e9 un testament surprenant   Des revenus confortables malgr\u00e9 les dettes  <\/p>\n<p>Les droits d\u2019auteur de Patrick Juvet repr\u00e9sentent l\u2019essentiel de <strong>son patrimoine<\/strong>. Avant la pand\u00e9mie, ils g\u00e9n\u00e9raient <strong>environ 150.000 euros par an gr\u00e2ce \u00e0 185 titres \u00e0 la Sacem<\/strong>, dont Le Lundi au soleil, compos\u00e9 pour Claude Fran\u00e7ois d\u2019apr\u00e8s <a href=\"https:\/\/www.lefigaro.fr\/musique\/la-succession-de-patrick-juvet-reglee-apres-des-mois-d-imbroglios-20231114\" target=\"_blank\" rel=\"noopener nofollow\">Le Figaro<\/a>. Les ann\u00e9es fastes correspondaient \u00e0 des projets sp\u00e9ciaux, comme des bandes originales de films ou la tourn\u00e9e Age Tendre, o\u00f9 il touchait jusqu\u2019\u00e0 10.000 euros par date. Malgr\u00e9 ces revenus importants, ses dettes sont rest\u00e9es cons\u00e9quentes, en partie \u00e0 cause d\u2019un train de vie \u00e9lev\u00e9 et de d\u00e9penses en jeux en ligne.<\/p>\n<p>  Un patrimoine immobilier envol\u00e9  <\/p>\n<p>Dans les ann\u00e9es 1970, <strong>Patrick Juvet avait investi dans l\u2019immobilier<\/strong> gr\u00e2ce \u00e0 ses ventes de disques, estim\u00e9es \u00e0 35 millions d\u2019exemplaires. Mais il ne reste presque rien de ce tr\u00e9sor. \u00c0 Barcelone, il \u00e9tait locataire. Son chalet suisse, lieu de cr\u00e9ation et de convivialit\u00e9, a \u00e9t\u00e9 saisi par le fisc et appartient d\u00e9sormais \u00e0 une banque. Une possible propri\u00e9t\u00e9 au Br\u00e9sil reste \u00e0 v\u00e9rifier. Quant aux <strong>biens mobiliers<\/strong>, une enqu\u00eate tente encore de d\u00e9terminer s\u2019il poss\u00e9dait des objets de valeur, mais selon Yann Ydoux, il est peu probable qu\u2019il en reste.<\/p>\n<p>     \u00a0Faire vivre l\u2019h\u00e9ritage artistique  <\/p>\n<p><strong>Yann Ydoux<\/strong> souhaite confier la gestion de la carri\u00e8re posthume de Patrick <strong>Juvet \u00e0 Fabien<\/strong> Lecoeuvre, sp\u00e9cialiste de la m\u00e9moire musicale. Parmi les projets envisag\u00e9s figure le rachat du chalet suisse pour en faire un lieu d\u2019exposition ou de p\u00e8lerinage. En attendant, les fans se retrouvent \u00e0 Chaplin\u2019s World, en Suisse, pr\u00e8s du pin de l\u2019Himalaya offert par <strong>Juvet \u00e0 Eug\u00e8ne<\/strong> Chaplin. Cette initiative refl\u00e8te la volont\u00e9 de pr\u00e9server l\u2019h\u00e9ritage artistique du chanteur, au-del\u00e0 de ses dettes, en c\u00e9l\u00e9brant la richesse de son r\u00e9pertoire et son r\u00f4le majeur dans l\u2019histoire du disco.<\/p>\n","protected":false},"excerpt":{"rendered":"Quatre ans apr\u00e8s sa disparition, le nom de Patrick Juvet continue de susciter l\u2019\u00e9motion. Derri\u00e8re l\u2019image de l\u2019ic\u00f4ne&hellip;\n","protected":false},"author":2,"featured_media":336202,"comment_status":"","ping_status":"","sticky":false,"template":"","format":"standard","meta":{"footnotes":""},"categories":[1586],"tags":[11,10281,1777,674,1779,1011,27,12,25,1778,364],"class_list":{"0":"post-336201","1":"post","2":"type-post","3":"status-publish","4":"format-standard","5":"has-post-thumbnail","7":"category-europe","8":"tag-actualites","9":"tag-buzz-nonli","10":"tag-eu","11":"tag-europe","12":"tag-european-union","13":"tag-fr","14":"tag-france","15":"tag-news","16":"tag-republique-francaise","17":"tag-ue","18":"tag-union-europeenne"},"share_on_mastodon":{"url":"https:\/\/pubeurope.com\/@fr\/115072488229364680","error":""},"_links":{"self":[{"href":"https:\/\/www.europesays.com\/fr\/wp-json\/wp\/v2\/posts\/336201","targetHints":{"allow":["GET"]}}],"collection":[{"href":"https:\/\/www.europesays.com\/fr\/wp-json\/wp\/v2\/posts"}],"about":[{"href":"https:\/\/www.europesays.com\/fr\/wp-json\/wp\/v2\/types\/post"}],"author":[{"embeddable":true,"href":"https:\/\/www.europesays.com\/fr\/wp-json\/wp\/v2\/users\/2"}],"replies":[{"embeddable":true,"href":"https:\/\/www.europesays.com\/fr\/wp-json\/wp\/v2\/comments?post=336201"}],"version-history":[{"count":0,"href":"https:\/\/www.europesays.com\/fr\/wp-json\/wp\/v2\/posts\/336201\/revisions"}],"wp:featuredmedia":[{"embeddable":true,"href":"https:\/\/www.europesays.com\/fr\/wp-json\/wp\/v2\/media\/336202"}],"wp:attachment":[{"href":"https:\/\/www.europesays.com\/fr\/wp-json\/wp\/v2\/media?parent=336201"}],"wp:term":[{"taxonomy":"category","embeddable":true,"href":"https:\/\/www.europesays.com\/fr\/wp-json\/wp\/v2\/categories?post=336201"},{"taxonomy":"post_tag","embeddable":true,"href":"https:\/\/www.europesays.com\/fr\/wp-json\/wp\/v2\/tags?post=336201"}],"curies":[{"name":"wp","href":"https:\/\/api.w.org\/{rel}","templated":true}]}}